{"id":56121,"date":"2026-01-19T20:50:53","date_gmt":"2026-01-20T00:50:53","guid":{"rendered":"https:\/\/noticiasveraces.com\/?p=56121"},"modified":"2026-01-19T20:50:53","modified_gmt":"2026-01-20T00:50:53","slug":"llega-a-venezuela-el-vuelo-100-del-plan-vuelta-a-la-patria-procedente-de-estados-unidos-correo-del-orinoco","status":"publish","type":"post","link":"https:\/\/noticiasveraces.com\/?p=56121","title":{"rendered":"Llega a Venezuela el vuelo 100 del Plan Vuelta a la Patria procedente de Estados Unidos &#8211; Correo del Orinoco"},"content":{"rendered":"<p> \n<\/p>\n<div>\n<p>Este lunes arrib\u00f3 al Aeropuerto Internacional Sim\u00f3n Bol\u00edvar de Maiquet\u00eda, en el estado La Guaira, el vuelo n\u00famero 100 de la Gran Misi\u00f3n Vuelta a la Patria con 235 migrantes venezolanos repatriados desde Estados Unidos.<\/p>\n<p>A trav\u00e9s de las redes sociales, el Ministerio de Interior, Justicia y Paz detall\u00f3 en que este nuevo grupo est\u00e1 integrado por\u00a0 219 hombres y 16 mujeres.<\/p>\n<p>Al llegar, los connacionales recibieron una atenci\u00f3n integral por parte de funcionarios de los \u00f3rganos de seguridad ciudadana. Asimismo, el personal especializado les brind\u00f3 atenci\u00f3n m\u00e9dica y se le aplicaron los protocolos de seguridad.<\/p>\n<p>El Gobierno nacional, a trav\u00e9s de la Gran Misi\u00f3n Vuelta a la Patria, reitera su compromiso con la protecci\u00f3n y el bienestar de sus ciudadanos, facilitando su retorno y que reciban la atenci\u00f3n necesaria al llegar al pa\u00eds, tal como lo ha indicado el presidente de Venezuela, Nicol\u00e1s Maduro y el vicepresidente Sectorial de Pol\u00edtica, Seguridad Ciudadana y Paz, Diosdado Cabello.<\/p>\n<h6>T\/CO<\/h6>\n<\/p><\/div>\n\n","protected":false},"excerpt":{"rendered":"<p>Este lunes arrib\u00f3 al Aeropuerto Internacional Sim\u00f3n Bol\u00edvar de Maiquet\u00eda, en el estado La Guaira, el vuelo n\u00famero 100 de la Gran Misi\u00f3n Vuelta a la Patria con 235 migrantes venezolanos repatriados desde Estados Unidos. A trav\u00e9s de las redes sociales, el Ministerio de Interior, Justicia y Paz detall\u00f3 en que este nuevo grupo est\u00e1 &hellip;<\/p>\n","protected":false},"author":1,"featured_media":56122,"comment_status":"open","ping_status":"open","sticky":false,"template":"","format":"standard","meta":{"fifu_image_url":"http:\/\/190.202.124.19\/wp-content\/uploads\/2026\/01\/fotojet-92jpg-54972.jpg","fifu_image_alt":"","footnotes":""},"categories":[4],"tags":[],"class_list":["post-56121","post","type-post","status-publish","format-standard","has-post-thumbnail","","category-historias-destacadas"],"_links":{"self":[{"href":"https:\/\/noticiasveraces.com\/index.php?rest_route=\/wp\/v2\/posts\/56121","targetHints":{"allow":["GET"]}}],"collection":[{"href":"https:\/\/noticiasveraces.com\/index.php?rest_route=\/wp\/v2\/posts"}],"about":[{"href":"https:\/\/noticiasveraces.com\/index.php?rest_route=\/wp\/v2\/types\/post"}],"author":[{"embeddable":true,"href":"https:\/\/noticiasveraces.com\/index.php?rest_route=\/wp\/v2\/users\/1"}],"replies":[{"embeddable":true,"href":"https:\/\/noticiasveraces.com\/index.php?rest_route=%2Fwp%2Fv2%2Fcomments&post=56121"}],"version-history":[{"count":0,"href":"https:\/\/noticiasveraces.com\/index.php?rest_route=\/wp\/v2\/posts\/56121\/revisions"}],"wp:featuredmedia":[{"embeddable":true,"href":"https:\/\/noticiasveraces.com\/index.php?rest_route=\/wp\/v2\/media\/56122"}],"wp:attachment":[{"href":"https:\/\/noticiasveraces.com\/index.php?rest_route=%2Fwp%2Fv2%2Fmedia&parent=56121"}],"wp:term":[{"taxonomy":"category","embeddable":true,"href":"https:\/\/noticiasveraces.com\/index.php?rest_route=%2Fwp%2Fv2%2Fcategories&post=56121"},{"taxonomy":"post_tag","embeddable":true,"href":"https:\/\/noticiasveraces.com\/index.php?rest_route=%2Fwp%2Fv2%2Ftags&post=56121"}],"curies":[{"name":"wp","href":"https:\/\/api.w.org\/{rel}","templated":true}]}}