{"id":56119,"date":"2026-01-19T18:54:51","date_gmt":"2026-01-19T22:54:51","guid":{"rendered":"https:\/\/noticiasveraces.com\/?p=56119"},"modified":"2026-01-19T18:54:51","modified_gmt":"2026-01-19T22:54:51","slug":"cabello-sobre-excarcelaciones-forman-parte-de-un-proceso-para-asegurar-la-paz-del-pais-correo-del-orinoco","status":"publish","type":"post","link":"https:\/\/noticiasveraces.com\/?p=56119","title":{"rendered":"Cabello sobre excarcelaciones: Forman parte de un proceso para asegurar la paz del pa\u00eds &#8211; Correo del Orinoco"},"content":{"rendered":"<p> \n<\/p>\n<div>\n<p>El secretario general del Partido Socialista Unido de Venezuela (PSUV), Diosdado Cabello Rond\u00f3n, reafirm\u00f3 este lunes que las excarcelaciones forman parte de \u201cun proceso de reconciliaci\u00f3n nacional, asegurando la paz de nuestro pa\u00eds\u201d.<\/p>\n<p>En ese sentido, durante la rueda de prensa del PSUV, indic\u00f3 que \u201cquedan totalmente exentos o excluidos, de esas medidas, quienes tengan asesinatos, tr\u00e1fico de droga, ataques a ni\u00f1os, ni\u00f1as, violaciones\u201d, al resaltar que se revisan cada uno de los casos de las personas implicadas.<\/p>\n<p>Afirm\u00f3 que este proceso no tiene nada ver con las Organizaciones No Gubernamentales (ONG), al contrario, indic\u00f3 que fue una decisi\u00f3n que tom\u00f3 el presidente de la Rep\u00fablica, Nicol\u00e1s Maduro, en el mes de diciembre.<\/p>\n<p>\u201cEl 24 sali\u00f3 un grupo de gente y el 31 sali\u00f3 un grupo de gente como parte de las medidas del presidente y lo que se le ha dado es continuidad a una decisi\u00f3n que hab\u00eda tomado el presidente Nicol\u00e1s Maduro\u201d, precis\u00f3.<\/p>\n<p>Apunt\u00f3 que hace \u00e9nfasis en la aclaratoria, ya que las \u201cmal llamadas ONG le est\u00e1n cobrando a los familiares, de los que han salido en libertad, \u2018no que gracias a nosotros\u2019 \u00bfGracias a ellos? Si algo hacen las ONG es echarle paja a los detenidos para que no salgan, porque ah\u00ed es donde ellos reciben plata de afuera\u201d, asegur\u00f3.<\/p>\n<h6>REDACCI\u00d3N MAZO<\/h6>\n<\/p><\/div>\n\n","protected":false},"excerpt":{"rendered":"<p>El secretario general del Partido Socialista Unido de Venezuela (PSUV), Diosdado Cabello Rond\u00f3n, reafirm\u00f3 este lunes que las excarcelaciones forman parte de \u201cun proceso de reconciliaci\u00f3n nacional, asegurando la paz de nuestro pa\u00eds\u201d. En ese sentido, durante la rueda de prensa del PSUV, indic\u00f3 que \u201cquedan totalmente exentos o excluidos, de esas medidas, quienes tengan &hellip;<\/p>\n","protected":false},"author":1,"featured_media":56120,"comment_status":"open","ping_status":"open","sticky":false,"template":"","format":"standard","meta":{"fifu_image_url":"http:\/\/190.202.124.19\/wp-content\/uploads\/2026\/01\/Cabello.png","fifu_image_alt":"","footnotes":""},"categories":[13],"tags":[],"class_list":["post-56119","post","type-post","status-publish","format-standard","has-post-thumbnail","","category-mundo"],"_links":{"self":[{"href":"https:\/\/noticiasveraces.com\/index.php?rest_route=\/wp\/v2\/posts\/56119","targetHints":{"allow":["GET"]}}],"collection":[{"href":"https:\/\/noticiasveraces.com\/index.php?rest_route=\/wp\/v2\/posts"}],"about":[{"href":"https:\/\/noticiasveraces.com\/index.php?rest_route=\/wp\/v2\/types\/post"}],"author":[{"embeddable":true,"href":"https:\/\/noticiasveraces.com\/index.php?rest_route=\/wp\/v2\/users\/1"}],"replies":[{"embeddable":true,"href":"https:\/\/noticiasveraces.com\/index.php?rest_route=%2Fwp%2Fv2%2Fcomments&post=56119"}],"version-history":[{"count":0,"href":"https:\/\/noticiasveraces.com\/index.php?rest_route=\/wp\/v2\/posts\/56119\/revisions"}],"wp:featuredmedia":[{"embeddable":true,"href":"https:\/\/noticiasveraces.com\/index.php?rest_route=\/wp\/v2\/media\/56120"}],"wp:attachment":[{"href":"https:\/\/noticiasveraces.com\/index.php?rest_route=%2Fwp%2Fv2%2Fmedia&parent=56119"}],"wp:term":[{"taxonomy":"category","embeddable":true,"href":"https:\/\/noticiasveraces.com\/index.php?rest_route=%2Fwp%2Fv2%2Fcategories&post=56119"},{"taxonomy":"post_tag","embeddable":true,"href":"https:\/\/noticiasveraces.com\/index.php?rest_route=%2Fwp%2Fv2%2Ftags&post=56119"}],"curies":[{"name":"wp","href":"https:\/\/api.w.org\/{rel}","templated":true}]}}