{"id":56105,"date":"2026-01-19T15:56:01","date_gmt":"2026-01-19T19:56:01","guid":{"rendered":"https:\/\/noticiasveraces.com\/?p=56105"},"modified":"2026-01-19T15:56:01","modified_gmt":"2026-01-19T19:56:01","slug":"suman-39-muertos-en-accidente-de-trenes-en-espana-correo-del-caroni","status":"publish","type":"post","link":"https:\/\/noticiasveraces.com\/?p=56105","title":{"rendered":"Suman 39 muertos en accidente de trenes en Espa\u00f1a \u2013 Correo del Caron\u00ed"},"content":{"rendered":"<p> \n<\/p>\n<div data-id=\"494a3404\" data-element_type=\"widget\" id=\"texto\" data-widget_type=\"theme-post-content.default\">\n<div class=\"elementor-widget-container\">\n<p>Unas 39 personas murieron en el accidente de trenes que sucedi\u00f3 este domingo en la localidad de Ademuz, C\u00f3rdoba, en el sur de Espa\u00f1a, seg\u00fan indicaron este lunes a EFE fuentes de la investigaci\u00f3n.<\/p>\n<p>Un total de 73 personas permanece ingresada en los hospitales, 24 de ellas en estado grave, de las que cuatro son menores de edad.<\/p>\n<p>Un tren de la compa\u00f1\u00eda Iryo, que sali\u00f3 de M\u00e1laga, en el sur de Espa\u00f1a, a las 6:40 de la tarde, hora local, con destino a Madrid con 317 personas a bordo, descarril\u00f3 sus tres \u00faltimos vagones a las 7:39 de la tarde.<\/p>\n<p>Estos vagones invadieron la v\u00eda contigua por la que en ese mismo momento circulaba otro convoy de Renfe con destino a Huelva, en el sur del pa\u00eds, que tambi\u00e9n descarril\u00f3.<\/p>\n<p>Los vagones del Iryo impactaron contra los dos primeros vagones del Alvia de Renfe, que salieron despedidos y cayeron por un terrapl\u00e9n de unos cuatro metros.<\/p>\n<p>El ministro espa\u00f1ol de Transportes, Oscar Puente, consider\u00f3 este lunes, en declaraciones desde la estaci\u00f3n de Atocha (Madrid), que este accidente de ferrocarril es \u201craro y dif\u00edcil de explicar\u201d, porque el tren que provoc\u00f3 el choque es relativamente nuevo y se renov\u00f3 muy recientemente la infraestructura.<\/p>\n<p>Los dos \u00faltimos vagones del tren fueron los que se descarrilaron, y el \u00faltimo de ellos qued\u00f3 volcado sobre uno de sus lados, seg\u00fan relat\u00f3 el periodista de Radio Nacional de Espa\u00f1a (RNE) Salvador Jim\u00e9nez, que viajaba en ese tren en el momento del accidente.<\/p>\n<p>Los pasajeros fueron evacuador y, seg\u00fan inform\u00f3 en X la cuenta sobre el estado de la infraestructura y la circulaci\u00f3n de la estatal ferroviaria Adif, los servicios de emergencias, polic\u00edas y bomberos fueron movilizados al lugar de la incidencia.<\/p>\n<p>Adif tambi\u00e9n inform\u00f3 de que el servicio de alta velocidad entre Madrid y Andaluc\u00eda ha sido cortado.<\/p>\n<\/p><\/div>\n<\/p><\/div>\n\n","protected":false},"excerpt":{"rendered":"<p>Unas 39 personas murieron en el accidente de trenes que sucedi\u00f3 este domingo en la localidad de Ademuz, C\u00f3rdoba, en el sur de Espa\u00f1a, seg\u00fan indicaron este lunes a EFE fuentes de la investigaci\u00f3n. Un total de 73 personas permanece ingresada en los hospitales, 24 de ellas en estado grave, de las que cuatro son &hellip;<\/p>\n","protected":false},"author":1,"featured_media":56106,"comment_status":"open","ping_status":"open","sticky":false,"template":"","format":"standard","meta":{"fifu_image_url":"https:\/\/correodelcaroni.com\/wp-content\/uploads\/2026\/01\/ESPANA_trenes.jpg","fifu_image_alt":"","footnotes":""},"categories":[13],"tags":[],"class_list":["post-56105","post","type-post","status-publish","format-standard","has-post-thumbnail","","category-mundo"],"_links":{"self":[{"href":"https:\/\/noticiasveraces.com\/index.php?rest_route=\/wp\/v2\/posts\/56105","targetHints":{"allow":["GET"]}}],"collection":[{"href":"https:\/\/noticiasveraces.com\/index.php?rest_route=\/wp\/v2\/posts"}],"about":[{"href":"https:\/\/noticiasveraces.com\/index.php?rest_route=\/wp\/v2\/types\/post"}],"author":[{"embeddable":true,"href":"https:\/\/noticiasveraces.com\/index.php?rest_route=\/wp\/v2\/users\/1"}],"replies":[{"embeddable":true,"href":"https:\/\/noticiasveraces.com\/index.php?rest_route=%2Fwp%2Fv2%2Fcomments&post=56105"}],"version-history":[{"count":0,"href":"https:\/\/noticiasveraces.com\/index.php?rest_route=\/wp\/v2\/posts\/56105\/revisions"}],"wp:featuredmedia":[{"embeddable":true,"href":"https:\/\/noticiasveraces.com\/index.php?rest_route=\/wp\/v2\/media\/56106"}],"wp:attachment":[{"href":"https:\/\/noticiasveraces.com\/index.php?rest_route=%2Fwp%2Fv2%2Fmedia&parent=56105"}],"wp:term":[{"taxonomy":"category","embeddable":true,"href":"https:\/\/noticiasveraces.com\/index.php?rest_route=%2Fwp%2Fv2%2Fcategories&post=56105"},{"taxonomy":"post_tag","embeddable":true,"href":"https:\/\/noticiasveraces.com\/index.php?rest_route=%2Fwp%2Fv2%2Ftags&post=56105"}],"curies":[{"name":"wp","href":"https:\/\/api.w.org\/{rel}","templated":true}]}}