{"id":56100,"date":"2026-01-19T14:29:53","date_gmt":"2026-01-19T18:29:53","guid":{"rendered":"https:\/\/noticiasveraces.com\/?p=56100"},"modified":"2026-01-19T14:29:53","modified_gmt":"2026-01-19T18:29:53","slug":"van-persie-saca-a-su-hijo-y-shaqueel-marca-un-gol-de-tacon-y-otro-de-chilena-en-94-segundos","status":"publish","type":"post","link":"https:\/\/noticiasveraces.com\/?p=56100","title":{"rendered":"Van Persie saca a su hijo y Shaqueel marca un gol de tac\u00f3n y otro de chilena en 94 segundos"},"content":{"rendered":"<p> \n<\/p>\n<div>\n<p data-mrf-recirculation=\"Links P\u00e1rrafos\" class=\"ue-c-article__paragraph paragraph ue-c-article--first-letter-highlighted\">El<strong> Feyenoord <\/strong>contin\u00faa en<strong> ca\u00edda libre<\/strong>: encadena ya seis partidos <strong>(dos empates y cuatro derrotas)<\/strong> sin ganar. Sin embargo, el tropiezo en el <strong>Derbi de R\u00f3terdam<\/strong> ante el <strong>Esparta (3-4)<\/strong> dej\u00f3 una gran noticia: el estreno goleador con el primer equipo de <strong>Shaqueel van Persie (Londres, 16-11-2006).<\/strong><\/p>\n<p data-mrf-recirculation=\"Links P\u00e1rrafos\" class=\"ue-c-article__paragraph paragraph\">Su apellido y su lugar de nacimiento no enga\u00f1an. <strong>Es el hijo de Robin, exdelantero del Arsenal y actual entrenador del Feyenoord<\/strong>. Su padre opt\u00f3 por <strong>darle entrada a la desesperada en el 63&#8242;<\/strong>con 0-2 en contra, y <strong>&#39;S. Van Persie&#39;,<\/strong> como reza el nombre que luce a la espalda junto al 49, no defraud\u00f3.<\/p>\n<figure class=\"ue-c-article__media ue-c-article__media--image\">\n<div class=\"ue-c-article__media-img-container ue-l-article--expand-edge-right-until-tablet ue-l-article--expand-edge-left-until-tablet\"><picture><source type=\"image\/webp\" sizes=\"(min-width: 1010px) 660px, (min-width: 980px) calc(100vw - 350px), (min-width: 740px) calc(100vw - 320px), 100vw\" srcset=\"https:\/\/objetos-xlk.estaticos-marca.com\/files\/article_360_widen_webp\/uploads\/2026\/01\/19\/696e5b29d2f5e.webp 360w,https:\/\/objetos-xlk.estaticos-marca.com\/files\/article_375_widen_webp\/uploads\/2026\/01\/19\/696e5b29d2f5e.webp 375w,https:\/\/objetos-xlk.estaticos-marca.com\/files\/article_414_widen_webp\/uploads\/2026\/01\/19\/696e5b29d2f5e.webp 414w,https:\/\/objetos-xlk.estaticos-marca.com\/files\/article_660_widen_webp\/uploads\/2026\/01\/19\/696e5b29d2f5e.webp 660w,https:\/\/objetos-xlk.estaticos-marca.com\/files\/article_720_widen_webp\/uploads\/2026\/01\/19\/696e5b29d2f5e.webp 720w,https:\/\/objetos-xlk.estaticos-marca.com\/files\/article_750_widen_webp\/uploads\/2026\/01\/19\/696e5b29d2f5e.webp 750w,https:\/\/objetos-xlk.estaticos-marca.com\/files\/article_828_widen_webp\/uploads\/2026\/01\/19\/696e5b29d2f5e.webp 828w,https:\/\/objetos-xlk.estaticos-marca.com\/files\/article_1320_widen_webp\/uploads\/2026\/01\/19\/696e5b29d2f5e.webp 1320w\"><source type=\"image\/jpeg\" sizes=\"(min-width: 1010px) 660px, (min-width: 980px) calc(100vw - 350px), (min-width: 740px) calc(100vw - 320px), 100vw\" srcset=\"https:\/\/objetos-xlk.estaticos-marca.com\/files\/article_360_widen\/uploads\/2026\/01\/19\/696e5b29d2f5e.jpeg 360w,https:\/\/objetos-xlk.estaticos-marca.com\/files\/article_375_widen\/uploads\/2026\/01\/19\/696e5b29d2f5e.jpeg 375w,https:\/\/objetos-xlk.estaticos-marca.com\/files\/article_414_widen\/uploads\/2026\/01\/19\/696e5b29d2f5e.jpeg 414w,https:\/\/objetos-xlk.estaticos-marca.com\/files\/article_660_widen\/uploads\/2026\/01\/19\/696e5b29d2f5e.jpeg 660w,https:\/\/objetos-xlk.estaticos-marca.com\/files\/article_720_widen\/uploads\/2026\/01\/19\/696e5b29d2f5e.jpeg 720w,https:\/\/objetos-xlk.estaticos-marca.com\/files\/article_750_widen\/uploads\/2026\/01\/19\/696e5b29d2f5e.jpeg 750w,https:\/\/objetos-xlk.estaticos-marca.com\/files\/article_828_widen\/uploads\/2026\/01\/19\/696e5b29d2f5e.jpeg 828w,https:\/\/objetos-xlk.estaticos-marca.com\/files\/article_1320_widen\/uploads\/2026\/01\/19\/696e5b29d2f5e.jpeg 1320w\"><img decoding=\"async\" width=\"1024\" height=\"682\" class=\"ue-c-article__image lazyload\" alt=\"Shaqueel van Persie celebra su segundo gol contra el Sparta.\" loading=\"lazy\" src=\"https:\/\/objetos-xlk.estaticos-marca.com\/uploads\/2026\/01\/19\/696e5b29d2f5e.jpeg\"\/><\/source><\/source><\/picture><\/div><figcaption class=\"ue-c-article__media-caption\">\n<p><span class=\"ue-c-article__media-description\">Shaqueel van Persie celebra su segundo gol contra el Sparta.<\/span><span class=\"ue-c-article__media-source\"><span class=\"ue-c-article__media-author\">EFE<\/span><\/span><\/p>\n<\/figcaption><\/figure>\n<p data-mrf-recirculation=\"Links P\u00e1rrafos\" class=\"ue-c-article__paragraph paragraph\"><strong>Shaquel<\/strong>que ven\u00eda avalado por sus<strong> 21 goles en 21 partidos<\/strong> con el <strong>sub 17<\/strong> del <strong>Feyenoord<\/strong>se estren\u00f3 como<strong> goleador con el primer equipo<\/strong> -previamente s\u00f3lo hab\u00eda jugado 18&#8242; en tres partidos- a lo grande, <strong>con un espectacular doblete<\/strong>. <\/p>\n<p data-mrf-recirculation=\"Links P\u00e1rrafos\" class=\"ue-c-article__paragraph paragraph\">Van Persie Jr. <strong>marc\u00f3 el 2-3 en el 87&#8242;<\/strong> al rematar <strong>\u00a1de tac\u00f3n!<\/strong> un &#8216;pase de la muerte&#8217; de <strong>Madera Quinten <\/strong>y anot\u00f3 el moment\u00e1neo <strong>3-3 en el 88&#8242;<\/strong>, <strong>s\u00f3lo 94 segundos despu\u00e9s,<\/strong> al culminar <strong>\u00a1de chilena!<\/strong> un centro de <strong>LucianoValente<\/strong>. El delirio en De Kuip, <strong>Robin incluido<\/strong>era total. De ah\u00ed que el <strong>3-4<\/strong> de <strong>quite\u00f1o<\/strong> en el <strong>93&#39;<\/strong> cayera como un &#8216;jarro de agua fr\u00eda&#8217;.<\/p>\n<p data-mrf-recirculation=\"Links P\u00e1rrafos\" class=\"ue-c-article__paragraph paragraph\"><strong>\u00abNos hubiera encantado tener a Shaqueel van Persie en c\u00e1mara, pero acaba de indicar que no quiere dar una entrevista\u00bb<\/strong>asegur\u00f3 <strong>Obispo Sinclair<\/strong>presentador de &#8216;<strong>ESPN&#39;<\/strong>.<strong> \u00abLos goles de Shaqueel son tan hermosos que no hay defensa\u00bb, <\/strong>reconoc\u00eda<strong> Mauricio Steijn, <\/strong>t\u00e9cnico del Sparta. <\/p>\n<blockquote class=\"ue-c-article__blockquote\">\n<p>Los goles de Shaqueel son tan hermosos que no hay defensa<\/p>\n<p><span class=\"ue-c-article__blockquote-author\">Mauricio Steijn<\/span><\/p><\/blockquote>\n<h2 class=\"ue-c-article__subheadline\">\u00abS\u00f3lo sabe marcar goles preciosos, como su padre\u00bb<\/h2>\n<p data-mrf-recirculation=\"Links P\u00e1rrafos\" class=\"ue-c-article__paragraph paragraph\">\u00abNadie pod\u00eda ignorar a Shaqueel van Persie del Feyenoord. <strong>Al igual que su padre, solo sabe marcar goles preciosos<\/strong>. El gol de tac\u00f3n y la chilena fueron de primera, realmente extraordinarios\u00bb, confesaba <strong>Rub\u00e9n Ajedrez<\/strong>ex del Feyenoord, para justificar su decisi\u00f3n de incluirle en el <strong>&#8216;Equipo de la Jornada&#8217;<\/strong>.<\/p>\n<p data-mrf-recirculation=\"Links P\u00e1rrafos\" class=\"ue-c-article__paragraph paragraph\"><strong>\u00abTiene un talento incre\u00edble. Es muy completo. S\u00f3lo necesita mantenerse en forma, ya que era propenso a las lesiones\u00bb<\/strong>apuntaba el exazulgrana Ibrahim Afellay, que trabaj\u00f3 como asistente de Van Persie en la cantera del Feyenoord, <strong>tras el debut de Shaqueel<\/strong>. <span\/><\/p>\n<blockquote class=\"ue-c-article__blockquote\">\n<p>Tiene un talento incre\u00edble. Es muy completo. S\u00f3lo necesita mantenerse en forma, ya que era propenso a las lesiones<\/p>\n<p><span class=\"ue-c-article__blockquote-author\">Ibrahim Afellay<\/span><\/p><\/blockquote>\n<p data-mrf-recirculation=\"Links P\u00e1rrafos\" class=\"ue-c-article__paragraph paragraph\"><strong>\u00abEs incre\u00edblemente dif\u00edcil para \u00e9l.\u00a0Cada vez que Shaqueel entra, le hacen las mismas preguntas. Entiendo que est\u00e9 cansado, pero es lo que hay\u00bb<\/strong>subrayaba <strong>Pierre van Hooijdonk<\/strong>leyenda del Feyenoord. <span\/><\/p>\n<h2 class=\"ue-c-article__subheadline\">\u00abLlevamos mucho tiempo trabajando juntos\u00bb<\/h2>\n<p data-mrf-recirculation=\"Links P\u00e1rrafos\" class=\"ue-c-article__paragraph paragraph\">As\u00ed es. Robin prefiere no hacer distinciones: <strong>\u00abEstoy haciendo mi trabajo y &#8216;Shaq&#8217; tambi\u00e9n.<\/strong> Nada m\u00e1s y nada menos. Es uno de mis jugadores, as\u00ed lo trato y as\u00ed quiere que lo traten. <strong>Considero a todos mis jugadores como mis hijos. De ahora en adelante, digamos que no tengo s\u00f3lo un hijo, sino 25&#8243;<\/strong>.<span\/><\/p>\n<blockquote class=\"ue-c-article__blockquote\">\n<p>Considero a todos mis jugadores como mis hijos. De ahora en adelante, digamos que no tengo solo un hijo, sino 25<\/p>\n<p><span class=\"ue-c-article__blockquote-author\">Robin van Persie<\/span><\/p><\/blockquote>\n<p data-mrf-recirculation=\"Links P\u00e1rrafos\" class=\"ue-c-article__paragraph paragraph\">Una tesis que comparte Shaqueel: <strong>\u00abLlevamos mucho tiempo trabajando juntos. No es nada nuevo para nosotros. <\/strong>Es especial, porque no se ve a menudo, pero para nosotros se ha convertido en algo normal. Es un trabajo\u00bb. La saga Van Persie contin\u00faa. <\/p>\n<\/div>\n\n","protected":false},"excerpt":{"rendered":"<p>El Feyenoord contin\u00faa en ca\u00edda libre: encadena ya seis partidos (dos empates y cuatro derrotas) sin ganar. Sin embargo, el tropiezo en el Derbi de R\u00f3terdam ante el Esparta (3-4) dej\u00f3 una gran noticia: el estreno goleador con el primer equipo de Shaqueel van Persie (Londres, 16-11-2006). Su apellido y su lugar de nacimiento no &hellip;<\/p>\n","protected":false},"author":1,"featured_media":56102,"comment_status":"open","ping_status":"open","sticky":false,"template":"","format":"standard","meta":{"fifu_image_url":"https:\/\/objetos-xlk.estaticos-marca.com\/files\/article_main_microformat\/uploads\/2026\/01\/19\/ZsM9C1fRbhfoCU_Io.jpeg","fifu_image_alt":"","footnotes":""},"categories":[6],"tags":[],"class_list":["post-56100","post","type-post","status-publish","format-standard","has-post-thumbnail","","category-deportes"],"_links":{"self":[{"href":"https:\/\/noticiasveraces.com\/index.php?rest_route=\/wp\/v2\/posts\/56100","targetHints":{"allow":["GET"]}}],"collection":[{"href":"https:\/\/noticiasveraces.com\/index.php?rest_route=\/wp\/v2\/posts"}],"about":[{"href":"https:\/\/noticiasveraces.com\/index.php?rest_route=\/wp\/v2\/types\/post"}],"author":[{"embeddable":true,"href":"https:\/\/noticiasveraces.com\/index.php?rest_route=\/wp\/v2\/users\/1"}],"replies":[{"embeddable":true,"href":"https:\/\/noticiasveraces.com\/index.php?rest_route=%2Fwp%2Fv2%2Fcomments&post=56100"}],"version-history":[{"count":0,"href":"https:\/\/noticiasveraces.com\/index.php?rest_route=\/wp\/v2\/posts\/56100\/revisions"}],"wp:featuredmedia":[{"embeddable":true,"href":"https:\/\/noticiasveraces.com\/index.php?rest_route=\/wp\/v2\/media\/56102"}],"wp:attachment":[{"href":"https:\/\/noticiasveraces.com\/index.php?rest_route=%2Fwp%2Fv2%2Fmedia&parent=56100"}],"wp:term":[{"taxonomy":"category","embeddable":true,"href":"https:\/\/noticiasveraces.com\/index.php?rest_route=%2Fwp%2Fv2%2Fcategories&post=56100"},{"taxonomy":"post_tag","embeddable":true,"href":"https:\/\/noticiasveraces.com\/index.php?rest_route=%2Fwp%2Fv2%2Ftags&post=56100"}],"curies":[{"name":"wp","href":"https:\/\/api.w.org\/{rel}","templated":true}]}}