{"id":56097,"date":"2026-01-19T14:26:53","date_gmt":"2026-01-19T18:26:53","guid":{"rendered":"https:\/\/noticiasveraces.com\/?p=56097"},"modified":"2026-01-19T14:26:53","modified_gmt":"2026-01-19T18:26:53","slug":"accidente-de-trenes-en-adamuz-pone-a-prueba-los-sistemas-de-apoyo-emocional-en-espana","status":"publish","type":"post","link":"https:\/\/noticiasveraces.com\/?p=56097","title":{"rendered":"Accidente de trenes en Adamuz pone a prueba los sistemas de apoyo emocional en Espa\u00f1a"},"content":{"rendered":"<p> \n<\/p>\n<div>\n<p>El accidente entre dos trenes de alta velocidad en Adamuz, municipio de la provincia de C\u00f3rdoba, en la comunidad aut\u00f3noma de Andaluc\u00eda, Espa\u00f1a, dej\u00f3 un saldo de al menos 40 personas fallecidas y m\u00e1s de un centenar de heridos. Especialistas coinciden en que el impacto del siniestro no se limita a las consecuencias f\u00edsicas, ya que el da\u00f1o emocional afecta en distintos niveles a los supervivientes, a los familiares de las v\u00edctimas y a los usuarios habituales de este medio de transporte, por lo que subrayan la urgencia de activar mecanismos de atenci\u00f3n psicol\u00f3gica.<\/p>\n<p>De acuerdo con los primeros reportes oficiales, la colisi\u00f3n ocurri\u00f3 a las 19:45 horas del domingo, cuando un tren operado por la empresa privada Iryo descarril\u00f3 con 294 pasajeros a bordo mientras cubr\u00eda la ruta M\u00e1laga\u2013Madrid. Tras salirse de la v\u00eda, el convoy impact\u00f3 con otro tren del operador p\u00fablico Renfe que circulaba en sentido contrario, de Madrid a Huelva, y que transportaba aproximadamente a 184 personas.<\/p>\n<hr\/>\n<div class=\"ContentCardEmbedWrapper-kFpFGN dpdjmB content-card-embed content-card-embed--stacked\" data-testid=\"ContentCardEmbedWrapper\">\n<div class=\"ContentCardEmbedImage-iBIXcR jiOHKG content-card-embed__image\" data-testid=\"ContentCardEmbedImage\"><span class=\"SpanWrapper-zEXFr koTknX responsive-asset\"><picture class=\"ResponsiveImagePicture-cGZhnX jwYQWO responsive-image\"><img decoding=\"async\" alt=\"desastres clim\u00e1ticos\" loading=\"lazy\" class=\"ResponsiveImageContainer-eNxvmU cfBbTk responsive-image__image\" srcset=\"https:\/\/media.es.wired.com\/photos\/6812617ba764fb1776e3e919\/master\/w_120,c_limit\/1475052735 120w, https:\/\/media.es.wired.com\/photos\/6812617ba764fb1776e3e919\/master\/w_240,c_limit\/1475052735 240w, https:\/\/media.es.wired.com\/photos\/6812617ba764fb1776e3e919\/master\/w_320,c_limit\/1475052735 320w, https:\/\/media.es.wired.com\/photos\/6812617ba764fb1776e3e919\/master\/w_640,c_limit\/1475052735 640w\" sizes=\"100vw\" src=\"https:\/\/media.es.wired.com\/photos\/6812617ba764fb1776e3e919\/master\/w_775%2Cc_limit\/1475052735\"\/><\/picture><\/span><\/div>\n<div class=\"ContentCardEmbedInfo-bSBhwc IbulD\">\n<div class=\"BaseWrap-sc-gzmcOU BaseText-eqOrNE ContentCardEmbedHed-kuAbUL deqABF jkWAvF fPZrfS content-card-embed__hed\" data-testid=\"ContentCardEmbedHed\">Los desastres clim\u00e1ticos recurrentes disparan el riesgo de depresi\u00f3n y ansiedad, revela estudio<\/div>\n<p>Una investigaci\u00f3n publicada en <em>La Salud P\u00fablica de Lancet<\/em> revela que las personas expuestas a m\u00faltiples desastres clim\u00e1ticos \u2014como inundaciones, incendios forestales o ciclones\u2014 sufren un deterioro acumulativo en su salud mental. El estudio analiz\u00f3 datos de 5,000 afectados entre 2009 y 2019, todos ellos con da\u00f1os en sus viviendas, y confirm\u00f3 que el impacto psicol\u00f3gico se agrava con cada nuevo evento extremo.<\/p>\n<\/div>\n<\/div>\n<hr\/>\n<p>\u00d3scar Puente, ministro de Transportes y Movilidad Sostenible, inform\u00f3 en conferencia de prensa que las causas del accidente a\u00fan no han sido determinadas, aunque <strong>calific\u00f3 el hecho como \u201ctremendamente extra\u00f1o\u201d.<\/strong> El funcionario detall\u00f3 que el tren que descarril\u00f3 es pr\u00e1cticamente nuevo, con alrededor de cuatro a\u00f1os en operaci\u00f3n, y destac\u00f3 que la infraestructura ferroviaria hab\u00eda sido renovada recientemente. Seg\u00fan precis\u00f3, en mayo concluyeron los trabajos de modernizaci\u00f3n en la v\u00eda con una inversi\u00f3n cercana a los 700 millones de euros.<\/p>\n<p>En la misma l\u00ednea, el presidente de Renfe, \u00c1lvaro Fern\u00e1ndez Heredia, se\u00f1al\u00f3 que un posible fallo humano \u201cest\u00e1 pr\u00e1cticamente descartado\u201d y reiter\u00f3 que el siniestro ocurri\u00f3 bajo \u201ccircunstancias extra\u00f1as\u201d que deber\u00e1n ser esclarecidas por la Comisi\u00f3n de Investigaci\u00f3n de Accidentes Ferroviarios, organismo que ya inici\u00f3 las diligencias correspondientes para determinar responsabilidades y causas t\u00e9cnicas.<\/p>\n<h2>Expertos alertan sobre impacto emocional tras el choque en Adamuz<\/h2>\n<p>Mientras los equipos de emergencia, rescate y atenci\u00f3n m\u00e9dica contin\u00faan trabajando en la zona para remover escombros, expertos en salud mental advierten que el abordaje psicol\u00f3gico de las v\u00edctimas, sus familiares, el personal de auxilio y la sociedad en general es un aspecto que debe atenderse con car\u00e1cter prioritario.<\/p>\n<p>Rafael Castro-Delgado, especialista en incidentes de m\u00faltiples v\u00edctimas y desastres de la Universidad de Oviedo, asegur\u00f3 en una declaraci\u00f3n difundida por <em>SMC Espa\u00f1a<\/em> que \u201cel accidente ferroviario ocurrido en Adamuz no tiene \u00fanicamente consecuencias f\u00edsicas inmediatas; <strong>el impacto emocional puede ser profundo y prolongarse en el tiempo,<\/strong> afectando no solo a las v\u00edctimas directas, sino tambi\u00e9n a sus familias, a los supervivientes y, en menor medida, a la poblaci\u00f3n que utiliza habitualmente el tren de alta velocidad\u201d.<\/p>\n<figure class=\"AssetEmbedWrapper-fkZDUs kHRAYC asset-embed\">\n<div class=\"AssetEmbedAssetContainer-eEeytc eRSvCP asset-embed__asset-container\"><span class=\"SpanWrapper-zEXFr koTknX responsive-asset AssetEmbedResponsiveAsset-cIfZLr fHIkTW asset-embed__responsive-asset\"><picture class=\"ResponsiveImagePicture-cGZhnX jwYQWO AssetEmbedResponsiveAsset-cIfZLr fHIkTW asset-embed__responsive-asset responsive-image\"><img decoding=\"async\" alt=\"choque trenes Andamuz Espa\u00f1a 2256536864\" loading=\"lazy\" class=\"ResponsiveImageContainer-eNxvmU cfBbTk responsive-image__image\" srcset=\"https:\/\/media.es.wired.com\/photos\/696e64cf3d8f58d39de87547\/master\/w_120,c_limit\/choque%20trenes%20Andamuz%20Espa%C3%B1a%202256536864.jpg 120w, https:\/\/media.es.wired.com\/photos\/696e64cf3d8f58d39de87547\/master\/w_240,c_limit\/choque%20trenes%20Andamuz%20Espa%C3%B1a%202256536864.jpg 240w, https:\/\/media.es.wired.com\/photos\/696e64cf3d8f58d39de87547\/master\/w_320,c_limit\/choque%20trenes%20Andamuz%20Espa%C3%B1a%202256536864.jpg 320w, https:\/\/media.es.wired.com\/photos\/696e64cf3d8f58d39de87547\/master\/w_640,c_limit\/choque%20trenes%20Andamuz%20Espa%C3%B1a%202256536864.jpg 640w, https:\/\/media.es.wired.com\/photos\/696e64cf3d8f58d39de87547\/master\/w_960,c_limit\/choque%20trenes%20Andamuz%20Espa%C3%B1a%202256536864.jpg 960w, https:\/\/media.es.wired.com\/photos\/696e64cf3d8f58d39de87547\/master\/w_1280,c_limit\/choque%20trenes%20Andamuz%20Espa%C3%B1a%202256536864.jpg 1280w, https:\/\/media.es.wired.com\/photos\/696e64cf3d8f58d39de87547\/master\/w_1600,c_limit\/choque%20trenes%20Andamuz%20Espa%C3%B1a%202256536864.jpg 1600w\" sizes=\"100vw\" src=\"https:\/\/media.es.wired.com\/photos\/696e64cf3d8f58d39de87547\/master\/w_1600%2Cc_limit\/choque%2520trenes%2520Andamuz%2520Espa%25C3%25B1a%25202256536864.jpg\"\/><\/picture><\/span><\/div>\n<div class=\"CaptionWrapper-jYrTxZ byeLF caption AssetEmbedCaption-fyuOdR eXMqGf asset-embed__caption\" data-testid=\"caption-wrapper\"><span class=\"BaseWrap-sc-gzmcOU BaseText-eqOrNE CaptionText-brNLzD deqABF imSbFE fGraOh caption__text\"><\/p>\n<p>Imagen de uno de los dos trenes que descarrilaron en Adamuz, al sur de Espa\u00f1a, el 18 de enero de 2026.<\/p>\n<p><\/span><span class=\"BaseWrap-sc-gzmcOU BaseText-eqOrNE CaptionCredit-eowWKH deqABF kpqIso gxwcqg caption__credit\">Jorge Guerrero\/AFP\/Getty Images<\/span><\/div>\n<\/figure>\n<\/div>\n\n","protected":false},"excerpt":{"rendered":"<p>El accidente entre dos trenes de alta velocidad en Adamuz, municipio de la provincia de C\u00f3rdoba, en la comunidad aut\u00f3noma de Andaluc\u00eda, Espa\u00f1a, dej\u00f3 un saldo de al menos 40 personas fallecidas y m\u00e1s de un centenar de heridos. Especialistas coinciden en que el impacto del siniestro no se limita a las consecuencias f\u00edsicas, ya &hellip;<\/p>\n","protected":false},"author":1,"featured_media":56099,"comment_status":"open","ping_status":"open","sticky":false,"template":"","format":"standard","meta":{"fifu_image_url":"https:\/\/media.es.wired.com\/photos\/696e64ced7ac112a1ae11019\/16:9\/w_1280,c_limit\/choque%20trenes%20Andamuz%20Espa%C3%B1a%202256505104.jpg","fifu_image_alt":"","footnotes":""},"categories":[2],"tags":[],"class_list":["post-56097","post","type-post","status-publish","format-standard","has-post-thumbnail","","category-tecnologia"],"_links":{"self":[{"href":"https:\/\/noticiasveraces.com\/index.php?rest_route=\/wp\/v2\/posts\/56097","targetHints":{"allow":["GET"]}}],"collection":[{"href":"https:\/\/noticiasveraces.com\/index.php?rest_route=\/wp\/v2\/posts"}],"about":[{"href":"https:\/\/noticiasveraces.com\/index.php?rest_route=\/wp\/v2\/types\/post"}],"author":[{"embeddable":true,"href":"https:\/\/noticiasveraces.com\/index.php?rest_route=\/wp\/v2\/users\/1"}],"replies":[{"embeddable":true,"href":"https:\/\/noticiasveraces.com\/index.php?rest_route=%2Fwp%2Fv2%2Fcomments&post=56097"}],"version-history":[{"count":0,"href":"https:\/\/noticiasveraces.com\/index.php?rest_route=\/wp\/v2\/posts\/56097\/revisions"}],"wp:featuredmedia":[{"embeddable":true,"href":"https:\/\/noticiasveraces.com\/index.php?rest_route=\/wp\/v2\/media\/56099"}],"wp:attachment":[{"href":"https:\/\/noticiasveraces.com\/index.php?rest_route=%2Fwp%2Fv2%2Fmedia&parent=56097"}],"wp:term":[{"taxonomy":"category","embeddable":true,"href":"https:\/\/noticiasveraces.com\/index.php?rest_route=%2Fwp%2Fv2%2Fcategories&post=56097"},{"taxonomy":"post_tag","embeddable":true,"href":"https:\/\/noticiasveraces.com\/index.php?rest_route=%2Fwp%2Fv2%2Ftags&post=56097"}],"curies":[{"name":"wp","href":"https:\/\/api.w.org\/{rel}","templated":true}]}}