{"id":56093,"date":"2026-01-19T13:23:04","date_gmt":"2026-01-19T17:23:04","guid":{"rendered":"https:\/\/noticiasveraces.com\/?p=56093"},"modified":"2026-01-19T13:23:04","modified_gmt":"2026-01-19T17:23:04","slug":"foro-penal-confirma-excarcelacion-de-siete-ciudadanos-extranjeros-en-las-ultimas-horas-correo-del-caroni","status":"publish","type":"post","link":"https:\/\/noticiasveraces.com\/?p=56093","title":{"rendered":"Foro Penal confirma excarcelaci\u00f3n de siete ciudadanos extranjeros en las \u00faltimas horas \u2013 Correo del Caron\u00ed"},"content":{"rendered":"<p> \n<\/p>\n<div data-id=\"494a3404\" data-element_type=\"widget\" id=\"texto\" data-widget_type=\"theme-post-content.default\">\n<div class=\"elementor-widget-container\">\n<p>Al menos siete ciudadanos extranjeros, que se encontraban detenidos en Venezuela, fueron excarcelados este fin de semana, seg\u00fan inform\u00f3 la organizaci\u00f3n no gubernamental Foro Penal.<\/p>\n<p>El pasado s\u00e1bado, la oeneg\u00e9 confirm\u00f3 en X la excarcelaci\u00f3n de los ciudadanos extranjeros: Sergiy Rudavskyy, de nacionalidad ucraniana, detenido el 7 de enero de 2025; del checo Jan Darmovzal, apresado el 5 de septiembre de 2024, y del iran\u00ed-irland\u00e9s Alireza Akbari, arrestado el 22 junio de 2025.<\/p>\n<p>Confirm\u00f3 adem\u00e1s la excarcelaci\u00f3n del ciudadano rumano Cristian Cenuse, detenido el 27 de septiembre de 2024, cuando se trasladaba en un autob\u00fas desde San Crist\u00f3bal, estado T\u00e1chira, a Caracas, mientras realizaba un viaje tur\u00edstico para conocer Sudam\u00e9rica.<\/p>\n<p>Luego de 10 meses desaparecido, Cristian pudo comunicarse con su esposa indicando que se encontraba preso en Venezuela.<\/p>\n<p>Tambi\u00e9n fue excarcelado el ciudadano ucraniano Mykhailo Kostiv, apresado el 7 de enero de 2025 en Barcelona, estado Anzo\u00e1tegui, cuando el yate en el que viajaba par\u00f3 para surtir combustible.<\/p>\n<p>Foro Penal confirm\u00f3 adem\u00e1s la excarcelaci\u00f3n de la ciudadana h\u00fangara Zsuzsanna Bossanyi, arrestada el 18 de junio de 2025, una de los tripulantes del barco de exploraci\u00f3n submarina N35 interceptado a 80 millas de las costas de Venezuela.<\/p>\n<p>Finalmente, la oeneg\u00e9 confirm\u00f3 la excarcelaci\u00f3n del ucraniano Yevhenii Trush.<\/p>\n<p>El director vicepresidente de la organizaci\u00f3n, Gonzalo Himiob, dijo que Trush estaba \u201cdentro del espectro autista\u201d, y que fue detenido el 20 de octubre de 2024.<\/p>\n<p>Las liberaciones se dan en medio de un proceso de revisi\u00f3n de casos por parte del gobierno iniciado en diciembre pasado, seg\u00fan indic\u00f3 esta semana la <strong><mark style=\"background-color:rgba(0, 0, 0, 0)\" class=\"has-inline-color has-luminous-vivid-amber-color\"><span style=\"text-decoration: underline;\">presidenta encargada<\/span><\/mark><\/strong>Delcy Rodr\u00edguez, quien ocupa el cargo tras la <strong><mark style=\"background-color:rgba(0, 0, 0, 0)\" class=\"has-inline-color has-luminous-vivid-amber-color\"><span style=\"text-decoration: underline;\">captura<\/span><\/mark><\/strong>  de Nicol\u00e1s Maduro durante una <strong><mark style=\"background-color:rgba(0, 0, 0, 0)\" class=\"has-inline-color has-luminous-vivid-amber-color\"><span style=\"text-decoration: underline;\">operaci\u00f3n militar<\/span><\/mark><\/strong>  de Estados Unidos.<\/p>\n<p>Durante la \u00faltima semana, en Venezuela han sido excarcelados un centenar de presos pol\u00edticos, seg\u00fan inform\u00f3 el viernes Foro Penal, mientras que la Plataforma Unitaria Democr\u00e1tica, que agrupa a la oposici\u00f3n mayoritaria, contabiliza 130.<\/p>\n<p>Foro Penal anunci\u00f3 en X que hasta las 19:00 hora local (23:30 GMT) de este domingo, esta organizaci\u00f3n hab\u00eda verificado 143 excarcelaciones desde el pasado <strong><mark style=\"background-color:rgba(0, 0, 0, 0)\" class=\"has-inline-color has-luminous-vivid-amber-color\"><span style=\"text-decoration: underline;\">8 de enero<\/span><\/mark><\/strong>cuando el presidente del Parlamento, Jorge Rodr\u00edguez, anunci\u00f3 la liberaci\u00f3n de un \u201cn\u00famero importante\u201d de personas en el pa\u00eds sudamericano.<\/p>\n<\/p><\/div>\n<\/p><\/div>\n\n","protected":false},"excerpt":{"rendered":"<p>Al menos siete ciudadanos extranjeros, que se encontraban detenidos en Venezuela, fueron excarcelados este fin de semana, seg\u00fan inform\u00f3 la organizaci\u00f3n no gubernamental Foro Penal. El pasado s\u00e1bado, la oeneg\u00e9 confirm\u00f3 en X la excarcelaci\u00f3n de los ciudadanos extranjeros: Sergiy Rudavskyy, de nacionalidad ucraniana, detenido el 7 de enero de 2025; del checo Jan Darmovzal, &hellip;<\/p>\n","protected":false},"author":1,"featured_media":56094,"comment_status":"open","ping_status":"open","sticky":false,"template":"","format":"standard","meta":{"fifu_image_url":"https:\/\/correodelcaroni.com\/wp-content\/uploads\/2026\/01\/FOROP_Extranjeros_liberados.jpg","fifu_image_alt":"","footnotes":""},"categories":[4],"tags":[],"class_list":["post-56093","post","type-post","status-publish","format-standard","has-post-thumbnail","","category-historias-destacadas"],"_links":{"self":[{"href":"https:\/\/noticiasveraces.com\/index.php?rest_route=\/wp\/v2\/posts\/56093","targetHints":{"allow":["GET"]}}],"collection":[{"href":"https:\/\/noticiasveraces.com\/index.php?rest_route=\/wp\/v2\/posts"}],"about":[{"href":"https:\/\/noticiasveraces.com\/index.php?rest_route=\/wp\/v2\/types\/post"}],"author":[{"embeddable":true,"href":"https:\/\/noticiasveraces.com\/index.php?rest_route=\/wp\/v2\/users\/1"}],"replies":[{"embeddable":true,"href":"https:\/\/noticiasveraces.com\/index.php?rest_route=%2Fwp%2Fv2%2Fcomments&post=56093"}],"version-history":[{"count":0,"href":"https:\/\/noticiasveraces.com\/index.php?rest_route=\/wp\/v2\/posts\/56093\/revisions"}],"wp:featuredmedia":[{"embeddable":true,"href":"https:\/\/noticiasveraces.com\/index.php?rest_route=\/wp\/v2\/media\/56094"}],"wp:attachment":[{"href":"https:\/\/noticiasveraces.com\/index.php?rest_route=%2Fwp%2Fv2%2Fmedia&parent=56093"}],"wp:term":[{"taxonomy":"category","embeddable":true,"href":"https:\/\/noticiasveraces.com\/index.php?rest_route=%2Fwp%2Fv2%2Fcategories&post=56093"},{"taxonomy":"post_tag","embeddable":true,"href":"https:\/\/noticiasveraces.com\/index.php?rest_route=%2Fwp%2Fv2%2Ftags&post=56093"}],"curies":[{"name":"wp","href":"https:\/\/api.w.org\/{rel}","templated":true}]}}