{"id":56055,"date":"2026-01-18T23:35:14","date_gmt":"2026-01-19T03:35:14","guid":{"rendered":"https:\/\/noticiasveraces.com\/?p=56055"},"modified":"2026-01-18T23:35:14","modified_gmt":"2026-01-19T03:35:14","slug":"matalascanas-la-playa-idilica-que-pierde-la-batalla-contra-el-mar-mi-casa-se-caera-la-primera-clima-y-medio-ambiente","status":"publish","type":"post","link":"https:\/\/noticiasveraces.com\/?p=56055","title":{"rendered":"Matalasca\u00f1as, la playa id\u00edlica que pierde la batalla contra el mar: \u201cMi casa se caer\u00e1 la primera\u201d | Clima y Medio Ambiente"},"content":{"rendered":"<p> \n<\/p>\n<div data-dtm-region=\"articulo_cuerpo\">\n<p class=\"\">El s\u00e1bado 3 de enero Paco Triana y su mujer luchaban para salvar su chiringuito en la playa de Matalasca\u00f1as. Con tornillos y maderas, iluminados con el m\u00f3vil de un vecino, ya de noche, aseguraban la estructura mientras las olas de la borrasca <i>Francisco<\/i><i> <\/i>empezaban a golpear con fuerza. Esa noche, los da\u00f1os parec\u00edan controlados. Pero el domingo todo cambi\u00f3. \u201cLos postes que sosten\u00edan el chiringuito empezaron a ceder y la polic\u00eda y los bomberos no nos dejaron acercarnos\u201d, cuenta Triana a unos metros de los restos del negocio que regenta desde hace 32 a\u00f1os. Horas despu\u00e9s, se vino abajo como un castillo de naipes. <\/p>\n<p class=\"\">Este mi\u00e9rcoles un cami\u00f3n descargaba enormes piedras para formar una escollera en un intento de proteger lo ya destrozado. El temporal dej\u00f3 otros tres chiringuitos derrumbados y cuatro afectados, unas 50 casas alcanzadas por el mar, un kil\u00f3metro y medio de los 4,5 de paseo mar\u00edtimo con tramos desaparecidos y, sobre todo, vecinos asustados y enfadados porque \u2014como aseguran\u2014 \u201cesto se ve\u00eda venir\u201d. <\/p>\n<figure class=\"a_m a_m-h \"><span class=\"_db a_m_w _pr lb_btn\"><img decoding=\"auto\" class=\"_re lazyload a_m-h\" height=\"277\" srcset=\"https:\/\/imagenes.elpais.com\/resizer\/v2\/BDMPWZAOENFTZIHEZA2PDVWMVY.jpg?auth=345631a800f184f18c623bd5cf7a8fc7ebdda80acacd3a2563576f1032e02c51&amp;width=414 414w,https:\/\/imagenes.elpais.com\/resizer\/v2\/BDMPWZAOENFTZIHEZA2PDVWMVY.jpg?auth=345631a800f184f18c623bd5cf7a8fc7ebdda80acacd3a2563576f1032e02c51&amp;width=828 640w,https:\/\/imagenes.elpais.com\/resizer\/v2\/BDMPWZAOENFTZIHEZA2PDVWMVY.jpg?auth=345631a800f184f18c623bd5cf7a8fc7ebdda80acacd3a2563576f1032e02c51&amp;width=980 1000w,https:\/\/imagenes.elpais.com\/resizer\/v2\/BDMPWZAOENFTZIHEZA2PDVWMVY.jpg?auth=345631a800f184f18c623bd5cf7a8fc7ebdda80acacd3a2563576f1032e02c51&amp;width=1960 1960w\" width=\"414\" sizes=\"auto, (min-width:1199px) 1155px,(min-width:1001px) calc(100vw - 44px),(min-width:768px) 767px, 100vw\" src=\"https:\/\/imagenes.elpais.com\/resizer\/v2\/BDMPWZAOENFTZIHEZA2PDVWMVY.jpg?auth=345631a800f184f18c623bd5cf7a8fc7ebdda80acacd3a2563576f1032e02c51&amp;width=414\" loading=\"lazy\"\/><svg aria-hidden=\"true\" class=\"icon_multimedia_ampliar | _pa a_m_i a_m_i-a _dn\" viewbox=\"0 0 40 40\"><use xlink:href=\"#svg-ampliar\"\/><\/svg><\/span><figcaption class=\"a_m_p\" aria-hidden=\"true\"><span>Paco Triana, ante los restos de su chiringuito derrumbado por el temporal, este mi\u00e9rcoles.  <\/span><span class=\"a_m_m\">PACO PUENTES<\/span><\/figcaption><\/figure>\n<p class=\"\"><i>Francisco <\/i>ha visibilizado en el megacomplejo tur\u00edstico de Matalasca\u00f1as la vulnerabilidad de las viviendas e infraestructuras que se alzan en primera l\u00ednea de costa a lo largo del litoral espa\u00f1ol, con un mar que se acerca cada vez m\u00e1s. Su id\u00edlica playa atl\u00e1ntica \u2015parte de un arenal continuo de 60 kil\u00f3metros\u2015 se est\u00e1 encogiendo por la falta de arena y, sin esa barrera natural, las edificaciones quedan a merced de un mar que sube de nivel y unos temporales cada vez m\u00e1s frecuentes e intensos debido al cambio clim\u00e1tico. <\/p>\n<p class=\"\">La borrasca sorprendi\u00f3 a la mayor\u00eda de los propietarios fuera de Matalasca\u00f1as, en sus residencias habituales. El megacomplejo tur\u00edstico, construido a finales de los a\u00f1os sesenta en un bocado que se permiti\u00f3 dar al Parque Nacional de Do\u00f1ana, se vac\u00eda en invierno. En verano, los 3.000 residentes censados se multiplican hasta los 150.000. <\/p>\n<aside class=\"a_ei\">\n<header class=\"a_ei_h _db\">Fotogaler\u00eda<\/header>\n<\/aside>\n<p class=\"\">Alberto Rivero reside en Sevilla y se presenta sin rodeos como \u201cel due\u00f1o de la casa que se caer\u00e1 la primera\u201d. Las grietas del muro y las baldosas que empiezan a hundirse en el patio de su vivienda, en primera l\u00ednea de playa de la urbanizaci\u00f3n Pueblo Andaluz, en la zona de Ca\u00f1o Guerrero \u2014una de las m\u00e1s afectadas por el temporal <i>Francisco<\/i>\u2014 confirman sus temores. Desde all\u00ed, las vistas al mar contin\u00faan siendo espectaculares, pero el paseo mar\u00edtimo y los accesos a la ahora desaparecida playa, \u201canta\u00f1o magn\u00edfica\u201d, se han transformado en un terrapl\u00e9n de escombros retorcidos.<\/p>\n<p class=\"\">\u201cNac\u00ed en 1975 y recuerdo perfectamente que, de ni\u00f1o, el paseo mar\u00edtimo se llenaba de arena. Llegaba hasta los patios de las casas y, a veces, nos costaba andar\u201d, cuenta. La playa era enorme. \u201cNunca hab\u00edamos tenido problemas de arena\u2026 hasta que hace ya a\u00f1os empezamos a notar que algo cambiaba\u201d. La sensaci\u00f3n que le embarga es \u201cde abandono, porque llevamos cuatro a\u00f1os avisando de que hab\u00eda grietas, de que el paseo mar\u00edtimo estaba hueco porque el mar se estaba llevando la arena\u201d. <\/p>\n<figure class=\"a_m a_m-h \"><span class=\"_db a_m_w _pr lb_btn\"><img decoding=\"auto\" class=\"_re lazyload a_m-h\" height=\"277\" srcset=\"https:\/\/imagenes.elpais.com\/resizer\/v2\/NHZ3HYZGABDE5HWQVV2IVYXERA.jpg?auth=baca345fc1ecaa176df49529a16c1c63197537bb6c2ec6562e1141a097ad25d4&amp;width=414 414w,https:\/\/imagenes.elpais.com\/resizer\/v2\/NHZ3HYZGABDE5HWQVV2IVYXERA.jpg?auth=baca345fc1ecaa176df49529a16c1c63197537bb6c2ec6562e1141a097ad25d4&amp;width=828 640w,https:\/\/imagenes.elpais.com\/resizer\/v2\/NHZ3HYZGABDE5HWQVV2IVYXERA.jpg?auth=baca345fc1ecaa176df49529a16c1c63197537bb6c2ec6562e1141a097ad25d4&amp;width=980 1000w,https:\/\/imagenes.elpais.com\/resizer\/v2\/NHZ3HYZGABDE5HWQVV2IVYXERA.jpg?auth=baca345fc1ecaa176df49529a16c1c63197537bb6c2ec6562e1141a097ad25d4&amp;width=1960 1960w\" width=\"414\" sizes=\"auto, (min-width:1199px) 1155px,(min-width:1001px) calc(100vw - 44px),(min-width:768px) 767px, 100vw\" src=\"https:\/\/imagenes.elpais.com\/resizer\/v2\/NHZ3HYZGABDE5HWQVV2IVYXERA.jpg?auth=baca345fc1ecaa176df49529a16c1c63197537bb6c2ec6562e1141a097ad25d4&amp;width=414\" loading=\"lazy\"\/><svg aria-hidden=\"true\" class=\"icon_multimedia_ampliar | _pa a_m_i a_m_i-a _dn\" viewbox=\"0 0 40 40\"><use xlink:href=\"#svg-ampliar\"\/><\/svg><\/span><figcaption class=\"a_m_p\" aria-hidden=\"true\"><span>Carmen Forquera, vecina de la urbanizaci\u00f3n Pueblo Andaluz, muestra los destrozos que caus\u00f3 el temporal.<\/span><span class=\"a_m_m\">PACO PUENTES<\/span><\/figcaption><\/figure>\n<p class=\"\">\u00c9l no es un t\u00e9cnico, pero se apoya en un informe del Ministerio para la Transici\u00f3n Ecol\u00f3gica de 2013 para se\u00f1alar como culpable del desastre al macroespig\u00f3n de 13 kil\u00f3metros inaugurado en el puerto de Huelva en 1983 para facilitar el tr\u00e1nsito de grandes buques. Esta barrera estar\u00eda impidiendo que la arena fluya hacia Matalasca\u00f1as. <\/p>\n<p class=\"\">Juan Manuel Aguilar, concejal de Servicios de Almonte, municipio al que pertenece la urbanizaci\u00f3n, apoya esta teor\u00eda, mientras resta importancia al papel del cambio clim\u00e1tico en lo que est\u00e1 ocurriendo en Matalasca\u00f1as. Lo hace mientras critica la falta de inter\u00e9s del Ministerio para la Transici\u00f3n Ecol\u00f3gica, que empez\u00f3 a rellenar de arena la playa un mes antes de la borrasca <i>Francisco<\/i>con siete a\u00f1os de retraso. A lo lejos se observa el barco que contin\u00faa su tarea de dragado y bombeo de arena en una zona de la playa alejada del lugar m\u00e1s afectado. El n\u00facleo urbano ocupa un frente de 4,5 kil\u00f3metros frente al mar por uno de ancho. El ministerio tiene previsto un relleno de 700.000 metros c\u00fabicos de arena, adem\u00e1s de una mejora de los espigones. El coste es de seis millones de euros. <\/p>\n<figure class=\"a_m a_m-h \"><span class=\"_db a_m_w _pr lb_btn\"><img decoding=\"auto\" class=\"_re lazyload a_m-h\" height=\"277\" srcset=\"https:\/\/imagenes.elpais.com\/resizer\/v2\/M6M35NDAT5CPPK7OG3UPIDNURI.jpg?auth=acb4e64eca50dbc737517f989bc441aafc3e5a2b2f660c389c92206b38e7582b&amp;width=414 414w,https:\/\/imagenes.elpais.com\/resizer\/v2\/M6M35NDAT5CPPK7OG3UPIDNURI.jpg?auth=acb4e64eca50dbc737517f989bc441aafc3e5a2b2f660c389c92206b38e7582b&amp;width=828 640w,https:\/\/imagenes.elpais.com\/resizer\/v2\/M6M35NDAT5CPPK7OG3UPIDNURI.jpg?auth=acb4e64eca50dbc737517f989bc441aafc3e5a2b2f660c389c92206b38e7582b&amp;width=980 1000w,https:\/\/imagenes.elpais.com\/resizer\/v2\/M6M35NDAT5CPPK7OG3UPIDNURI.jpg?auth=acb4e64eca50dbc737517f989bc441aafc3e5a2b2f660c389c92206b38e7582b&amp;width=1960 1960w\" width=\"414\" sizes=\"auto, (min-width:1199px) 1155px,(min-width:1001px) calc(100vw - 44px),(min-width:768px) 767px, 100vw\" src=\"https:\/\/imagenes.elpais.com\/resizer\/v2\/M6M35NDAT5CPPK7OG3UPIDNURI.jpg?auth=acb4e64eca50dbc737517f989bc441aafc3e5a2b2f660c389c92206b38e7582b&amp;width=414\" loading=\"lazy\"\/><svg aria-hidden=\"true\" class=\"icon_multimedia_ampliar | _pa a_m_i a_m_i-a _dn\" viewbox=\"0 0 40 40\"><use xlink:href=\"#svg-ampliar\"\/><\/svg><\/span><figcaption class=\"a_m_p\" aria-hidden=\"true\"><span>La destrucci\u00f3n del paseo mar\u00edtimo por el temporal.  <\/span><span class=\"a_m_m\">PACO PUENTES (EL PA\u00cdS)<\/span><\/figcaption><\/figure>\n<h3 class=\"\">Erosi\u00f3n a mansalva<\/h3>\n<p class=\"\">Juan Antonio Morales, catedr\u00e1tico de Geolog\u00eda de la Universidad de Huelva, que estudia desde hace a\u00f1os la din\u00e1mica de la playa de Matalasca\u00f1as, asegura que la hip\u00f3tesis que apunta al macroespig\u00f3n como responsable de la situaci\u00f3n \u201cno es cierta\u201d. \u201cPero ha calado hondo en la poblaci\u00f3n y es casi imposible de desterrar\u201d, afirma. \u201cCualquier barrera colocada en el mar influye en el aporte de sedimentos, pero en este caso afecta a la zona de Mazag\u00f3n, m\u00e1s cercana, no a Matalasca\u00f1as, que est\u00e1 a m\u00e1s de 30 kil\u00f3metros\u201d. <\/p>\n<p class=\"\">El problema, a\u00f1ade, es que la urbanizaci\u00f3n se construy\u00f3 en una de las \u00e1reas con mayor erosi\u00f3n del litoral onubense, \u201cun lugar equivocado de partida\u201d. Morales no culpa a nadie. \u201cEran los a\u00f1os sesenta y setenta, no exist\u00edan estudios de din\u00e1mica litoral y se constru\u00eda a ciegas; esos trabajos llegan a Espa\u00f1a en los noventa. Pas\u00f3 lo mismo en la costa mediterr\u00e1nea\u201d. Y el cambio clim\u00e1tico s\u00ed est\u00e1 empeorando la situaci\u00f3n. \u201cCada vez llegan m\u00e1s tormentas, con olas m\u00e1s grandes y vientos m\u00e1s fuertes, y en fechas cada vez m\u00e1s cercanas al verano\u201d, puntualiza.<\/p>\n<h3 class=\"\">Torre de vig\u00eda<\/h3>\n<p class=\"\">Una prueba del comportamiento cambiante de esta costa son los restos de la torre vig\u00eda \u2014la Torre de la Higuera\u2014, construida por Felipe II a finales del siglo XVI y comienzos del XVII, que hoy yacen derrumbados en la costa y aparecen en mil y una fotograf\u00edas. La erosi\u00f3n de cuatro siglos ha hecho retroceder el acantilado sobre el que se ergu\u00eda y \u201cahora est\u00e1 a unos 170 metros de su borde y dada la vuelta, mostrando sus cimientos\u201d, a\u00f1ade Antonio Rodr\u00edguez, profesor titular de Geolog\u00eda de la Universidad de Huelva. El retroceso del acantilado a la altura de Matalasca\u00f1as se estima en unos 0,7 metros al a\u00f1o. <\/p>\n<p class=\"\">Mar\u00eda Jos\u00e9 Morera conoce bien la regresi\u00f3n del acantilado del Asperillo. Vive encima de \u00e9l, a unos dos kil\u00f3metros del n\u00facleo urbano de Matalasca\u00f1as, en lo que queda de cuatro casas aisladas conocidas como el Rancho Pichil\u00edn, que surgieron despu\u00e9s de que su suegro, pescador, se instalar\u00e1 all\u00ed hace m\u00e1s de un siglo. El est\u00f3mago da un vuelco al asomarse al precipicio de 10 metros que se ha tragado ya la terraza de su vivienda, una habitaci\u00f3n de la casa de su cu\u00f1ado, un cuarto de ba\u00f1o&#8230; \u201cHemos tenido que abrir una puerta por la parte de atr\u00e1s para salir\u201d, muestra. La situaci\u00f3n es tal que \u201cmi hija se ha tenido que trasladar a mi casa con sus cuatro ni\u00f1os de entre 9 y 17 a\u00f1os, porque en la suya no se puede vivir\u201d, explica. <\/p>\n<p class=\"\">Mar\u00eda Jos\u00e9 es limpiadora; su marido, ya jubilado, era pescador. \u201cNo somos pudientes, no podemos ir a ning\u00fan otro lugar, pero nadie nos da una soluci\u00f3n\u201d, asegura, mientras contempla el desastre y cuenta que all\u00ed, en el vac\u00edo ten\u00edan \u201cdos palmeras y un huerto\u201d. \u201cEst\u00e1n aqu\u00ed desde hace ya cinco generaciones; tienen m\u00e1s derecho que nosotros a que les den una respuesta, aunque no se encuentren en el n\u00facleo urbano\u201d, se\u00f1ala Paco Triana. <\/p>\n<figure class=\"a_m a_m-h \"><span class=\"_db a_m_w _pr lb_btn\"><img decoding=\"auto\" class=\"_re lazyload a_m-h\" height=\"277\" srcset=\"https:\/\/imagenes.elpais.com\/resizer\/v2\/PBPHD2PPXVAKPJB7MWJUBFLPFA.jpg?auth=0e7dcd5e0305ded7f8ee307d4e3973b33bc9e901024096e7981f51d8aab34aeb&amp;width=414 414w,https:\/\/imagenes.elpais.com\/resizer\/v2\/PBPHD2PPXVAKPJB7MWJUBFLPFA.jpg?auth=0e7dcd5e0305ded7f8ee307d4e3973b33bc9e901024096e7981f51d8aab34aeb&amp;width=828 640w,https:\/\/imagenes.elpais.com\/resizer\/v2\/PBPHD2PPXVAKPJB7MWJUBFLPFA.jpg?auth=0e7dcd5e0305ded7f8ee307d4e3973b33bc9e901024096e7981f51d8aab34aeb&amp;width=980 1000w,https:\/\/imagenes.elpais.com\/resizer\/v2\/PBPHD2PPXVAKPJB7MWJUBFLPFA.jpg?auth=0e7dcd5e0305ded7f8ee307d4e3973b33bc9e901024096e7981f51d8aab34aeb&amp;width=1960 1960w\" width=\"414\" sizes=\"auto, (min-width:1199px) 1155px,(min-width:1001px) calc(100vw - 44px),(min-width:768px) 767px, 100vw\" src=\"https:\/\/imagenes.elpais.com\/resizer\/v2\/PBPHD2PPXVAKPJB7MWJUBFLPFA.jpg?auth=0e7dcd5e0305ded7f8ee307d4e3973b33bc9e901024096e7981f51d8aab34aeb&amp;width=414\" loading=\"lazy\"\/><svg aria-hidden=\"true\" class=\"icon_multimedia_ampliar | _pa a_m_i a_m_i-a _dn\" viewbox=\"0 0 40 40\"><use xlink:href=\"#svg-ampliar\"\/><\/svg><\/span><figcaption class=\"a_m_p\" aria-hidden=\"true\"><span>Parte de la playa de Matalasca\u00f1as (Huelva) que se est\u00e1 regenerando con arena. <\/span><span class=\"a_m_m\">PACO PUENTES<\/span><\/figcaption><\/figure>\n<p class=\"\">De vuelta a la zona cero del desastre provocado por <i>Francisco<\/i>Carmen Forquera, propietaria de un chal\u00e9 en primera l\u00ednea del Pueblo Andaluz desde 1987, habla de \u201cla pena\u201d de perder \u201ceste para\u00edso\u201d. \u201cEstoy viendo si se cae la casa hoy o ma\u00f1ana\u201d, comenta, mientras critica la dejadez de las administraciones p\u00fablicas. De poco le sirve que el Ministerio para la Transici\u00f3n Ecol\u00f3gica asegure que \u201cen este momento no se ha identificado un riesgo inminente generalizado para los edificios residenciales\u201d o que reconozca que se debe actuar con anticipaci\u00f3n para evitar males mayores a medio plazo. Quieren soluciones. <\/p>\n<p class=\"\">El Ayuntamiento de Almonte confirma que ninguna casa ha sufrido da\u00f1os estructurales con el \u00faltimo temporal. Tampoco el edificio Alcot\u00e1n, inspeccionado por la UME a ra\u00edz del temporal, comenta el administrador del inmueble Adolfo de Pablos, que vive en la localidad. \u201cTengo 53 a\u00f1os, y llevo aqu\u00ed toda la vida, antes hab\u00eda tormentas y hemos tenido roturas del paseo, y ciclos en los que la arena se perd\u00eda, pero volv\u00eda; el problema es que desde hace unos 20 a\u00f1os ese equilibrio se ha perdido\u201d, lamenta. <\/p>\n<h3 class=\"\">Sin soluci\u00f3n definitiva<\/h3>\n<p class=\"\">Ante la magnitud del desastre, cuesta imaginar qu\u00e9 barreras pueden frenar al mar. \u201cNo hay una soluci\u00f3n definitiva, porque ninguna puede cambiar la erosi\u00f3n que es natural\u201d, advierte el catedr\u00e1tico Morales. Vecinos y el Ayuntamiento rechazan de plano retranquear el paseo mar\u00edtimo como propone el ministerio, porque no hay sitio y habr\u00eda que derruir casas. \u201c\u00bfC\u00f3mo vas a hacer eso en una urbanizaci\u00f3n consolidada desde hace a\u00f1os? Afectar\u00eda a unas 150 viviendas y a un edificio completo; hay que buscar una soluci\u00f3n real\u00bb, plantea Aguilar, concejal de Servicios de Almonte. <\/p>\n<p class=\"\">El catedr\u00e1tico propone combinar varios enfoques que tengan en cuenta la naturaleza. \u201cPoner espigones y verter arena para que quede retenida no es suficiente si llegan temporales del sur. Habr\u00eda que construir, adem\u00e1s, un almac\u00e9n de arena extra delante del paseo mar\u00edtimo, una duna artificial que lo protegiera. \u201dLa idea es que cuando el mar muerda la duna, esa arena permanezca en el sistema y el oleaje de buen tiempo, del veranito, te la devuelva a la playa\u201d, explica. <\/p>\n<p class=\"\">La verdadera barrera natural es el sistema dunar, \u201cpero si has edificado encima, tendr\u00e1s que reconstruirlo como puedas\u201d, dice Morales. Como ejemplo, recuerda lo ocurrido en La Antilla (Huelva), en marzo 2018, cuando todav\u00eda no se pon\u00eda nombre a las tormentas. \u201cEl temporal caus\u00f3 m\u00faltiples destrozos en la primera l\u00ednea de chal\u00e9s, donde los edificios hab\u00edan destruido el cintur\u00f3n de dunas\u201d, cuenta. Pero a apenas un kil\u00f3metro, en Islantilla, no ocurri\u00f3 nada porque se construy\u00f3 30 a\u00f1os m\u00e1s tarde con planificaci\u00f3n y con un paseo mar\u00edtimo detr\u00e1s del cord\u00f3n de dunas. La buena noticia es que cuando la playa contin\u00faa hacia Do\u00f1ana, cambia de orientaci\u00f3n, por lo que all\u00ed se mantiene la arena. <\/p>\n<p class=\"\">La Junta de Andaluc\u00eda contesta que la competencia en cuanto a la regeneraci\u00f3n de playas y la aportaci\u00f3n de arena es competencia del Gobierno de Espa\u00f1a. Aun as\u00ed, considera que \u201cadaptarse al cambio clim\u00e1tico no significa asumir pasivamente sus consecuencias\u201d. Por eso, \u201cresulta imprescindible abordar obras de protecci\u00f3n y defensa del litoral\u201d basadas en un conocimiento cient\u00edfico. El ministerio no cuenta todav\u00eda con \u201cun proyecto cerrado\u201d que aborde una soluci\u00f3n integral, m\u00e1s all\u00e1 de las actuaciones puntuales. Mientras tanto, los vecinos esperan contar con un paseo mar\u00edtimo reconstruido para verano. El Ayuntamiento asegura que si no lo hace el Estado, lo har\u00e1n ellos y reclamar\u00e1n el coste. Faltan cinco meses.<\/p>\n<\/div>\n\n","protected":false},"excerpt":{"rendered":"<p>El s\u00e1bado 3 de enero Paco Triana y su mujer luchaban para salvar su chiringuito en la playa de Matalasca\u00f1as. Con tornillos y maderas, iluminados con el m\u00f3vil de un vecino, ya de noche, aseguraban la estructura mientras las olas de la borrasca Francisco empezaban a golpear con fuerza. Esa noche, los da\u00f1os parec\u00edan controlados. &hellip;<\/p>\n","protected":false},"author":1,"featured_media":56056,"comment_status":"open","ping_status":"open","sticky":false,"template":"","format":"standard","meta":{"fifu_image_url":"https:\/\/imagenes.elpais.com\/resizer\/v2\/IOWYZ7LWFZBZLJ7SCMSQT6BXBA.jpg?auth=7bb0145f5397747e69b882779c56b577b62569b1307b5eb809039a50496f267c&width=1200","fifu_image_alt":"","footnotes":""},"categories":[11],"tags":[],"class_list":["post-56055","post","type-post","status-publish","format-standard","has-post-thumbnail","","category-viaje"],"_links":{"self":[{"href":"https:\/\/noticiasveraces.com\/index.php?rest_route=\/wp\/v2\/posts\/56055","targetHints":{"allow":["GET"]}}],"collection":[{"href":"https:\/\/noticiasveraces.com\/index.php?rest_route=\/wp\/v2\/posts"}],"about":[{"href":"https:\/\/noticiasveraces.com\/index.php?rest_route=\/wp\/v2\/types\/post"}],"author":[{"embeddable":true,"href":"https:\/\/noticiasveraces.com\/index.php?rest_route=\/wp\/v2\/users\/1"}],"replies":[{"embeddable":true,"href":"https:\/\/noticiasveraces.com\/index.php?rest_route=%2Fwp%2Fv2%2Fcomments&post=56055"}],"version-history":[{"count":0,"href":"https:\/\/noticiasveraces.com\/index.php?rest_route=\/wp\/v2\/posts\/56055\/revisions"}],"wp:featuredmedia":[{"embeddable":true,"href":"https:\/\/noticiasveraces.com\/index.php?rest_route=\/wp\/v2\/media\/56056"}],"wp:attachment":[{"href":"https:\/\/noticiasveraces.com\/index.php?rest_route=%2Fwp%2Fv2%2Fmedia&parent=56055"}],"wp:term":[{"taxonomy":"category","embeddable":true,"href":"https:\/\/noticiasveraces.com\/index.php?rest_route=%2Fwp%2Fv2%2Fcategories&post=56055"},{"taxonomy":"post_tag","embeddable":true,"href":"https:\/\/noticiasveraces.com\/index.php?rest_route=%2Fwp%2Fv2%2Ftags&post=56055"}],"curies":[{"name":"wp","href":"https:\/\/api.w.org\/{rel}","templated":true}]}}