{"id":56052,"date":"2026-01-18T23:25:34","date_gmt":"2026-01-19T03:25:34","guid":{"rendered":"https:\/\/noticiasveraces.com\/?p=56052"},"modified":"2026-01-18T23:25:34","modified_gmt":"2026-01-19T03:25:34","slug":"tras-alerta-de-ee-uu-de-acciones-militares-en-la-region-sheinbaum-descarto-que-haya-operaciones","status":"publish","type":"post","link":"https:\/\/noticiasveraces.com\/?p=56052","title":{"rendered":"Tras alerta de EE. UU. de acciones militares en la regi\u00f3n, Sheinbaum descart\u00f3 que haya operaciones"},"content":{"rendered":"<p> \n<\/p>\n<div>\n<p>La presidenta de M\u00e9xico, Claudia Sheinbaum, asegur\u00f3 que no existe ninguna actividad militar por parte de Estados Unidos\u00a0que afecte el territorio de su pa\u00eds, tras la alerta emitida por Washington el 16 de enero de potenciales maniobras militares en espacio a\u00e9reo cercano a M\u00e9xico y otros pa\u00edses de la regi\u00f3n. <\/p>\n<p>Al ser consultada por la prensa sobre qu\u00e9 tipo de acciones est\u00e1 impulsando la administraci\u00f3n Trump en territorio mexicano, la mandataria respondi\u00f3: \u00abNada, no hay nada\u2026 emiti\u00f3 la SICT (Secretar\u00eda de Infraestructura, Comunicaciones y Transportes de M\u00e9xico) un comunicado\u00bb.<\/p>\n<p>Al ser repreguntada sobre si actualmente Estados Unidos est\u00e1n llevando a cabo maniobras militares, asever\u00f3: \u00abEn territorio nacional, nada\u00bb.<\/p>\n<p>La reacci\u00f3n de Sheinbaum ocurre luego de que la Administraci\u00f3n Federal de Aviaci\u00f3n (FAA) emitiera avisos a los aviadores que cubren M\u00e9xico y pa\u00edses centroamericanos, as\u00ed como Ecuador, Colombia\u00a0y partes del espacio a\u00e9reo del oc\u00e9ano Pac\u00edfico oriental, de una \u00absituaci\u00f3n potencialmente peligrosa\u00bb en esos espacios \u00abdebido a actividades militares\u00bb y a posibles interferencias en los sistemas de navegaci\u00f3n.<\/p>\n<div class=\"m-em-image\">\n<figure class=\"m-item-image m-item-image--original m-item-image--has-caption\">\n<picture class=\"a-picture a-picture--original\"><source type=\"image\/webp\" srcset=\"https:\/\/s.france24.com\/media\/display\/3da2b60e-f4b0-11f0-bbfe-005056bfb2b6\/w:246\/2026-01-09T165547Z-1625082172-RC28BIAWPHKS-RTRMADP-3-USA-TRUMP-MEXICO.webp 246w,https:\/\/s.france24.com\/media\/display\/3da2b60e-f4b0-11f0-bbfe-005056bfb2b6\/w:388\/2026-01-09T165547Z-1625082172-RC28BIAWPHKS-RTRMADP-3-USA-TRUMP-MEXICO.webp 388w,https:\/\/s.france24.com\/media\/display\/3da2b60e-f4b0-11f0-bbfe-005056bfb2b6\/w:720\/2026-01-09T165547Z-1625082172-RC28BIAWPHKS-RTRMADP-3-USA-TRUMP-MEXICO.webp 720w,https:\/\/s.france24.com\/media\/display\/3da2b60e-f4b0-11f0-bbfe-005056bfb2b6\/w:980\/2026-01-09T165547Z-1625082172-RC28BIAWPHKS-RTRMADP-3-USA-TRUMP-MEXICO.webp 980w\" sizes=\"(max-width: 1023px) calc(100vw - 32px), (min-width: 1024px) 850px\"><img fetchpriority=\"low\" decoding=\"async\" src=\"https:\/\/s.france24.com\/media\/display\/3da2b60e-f4b0-11f0-bbfe-005056bfb2b6\/w:980\/2026-01-09T165547Z-1625082172-RC28BIAWPHKS-RTRMADP-3-USA-TRUMP-MEXICO.jpg\" srcset=\"https:\/\/s.france24.com\/media\/display\/3da2b60e-f4b0-11f0-bbfe-005056bfb2b6\/w:246\/2026-01-09T165547Z-1625082172-RC28BIAWPHKS-RTRMADP-3-USA-TRUMP-MEXICO.jpg 246w,https:\/\/s.france24.com\/media\/display\/3da2b60e-f4b0-11f0-bbfe-005056bfb2b6\/w:388\/2026-01-09T165547Z-1625082172-RC28BIAWPHKS-RTRMADP-3-USA-TRUMP-MEXICO.jpg 388w,https:\/\/s.france24.com\/media\/display\/3da2b60e-f4b0-11f0-bbfe-005056bfb2b6\/w:720\/2026-01-09T165547Z-1625082172-RC28BIAWPHKS-RTRMADP-3-USA-TRUMP-MEXICO.jpg 720w,https:\/\/s.france24.com\/media\/display\/3da2b60e-f4b0-11f0-bbfe-005056bfb2b6\/w:980\/2026-01-09T165547Z-1625082172-RC28BIAWPHKS-RTRMADP-3-USA-TRUMP-MEXICO.jpg 980w\" sizes=\"(max-width: 1023px) calc(100vw - 32px), (min-width: 1024px) 850px\" alt=\"FOTO DE ARCHIVO: La presidenta de M\u00e9xico, Sheinbaum, conmemora 7 a\u00f1os desde que su partido, Morena, lleg\u00f3 al poder.\" style=\"max-height:567px\" loading=\"lazy\" class=\"a-img \"\/><br \/>\n<\/source><\/picture><figcaption class=\"a-figcaption\">\n                <span>FOTO DE ARCHIVO: La presidenta de M\u00e9xico, Sheinbaum, conmemora 7 a\u00f1os desde que su partido, Morena, lleg\u00f3 al poder.<\/span>                <span>REUTERS &#8211; Raquel Cunha<\/span>            <\/figcaption><\/figure>\n<\/p><\/div>\n<p>En concreto, las notificaciones, que estar\u00e1n en vigor por 60 d\u00edas (hasta marzo), recomiendan a compa\u00f1\u00edas y pilotos extremar las precauciones \u00abal operar en las zonas mar\u00edtimas sobre el oc\u00e9ano Pac\u00edfico\u00bb en las regiones de informaci\u00f3n de vuelo en el golfo de California en M\u00e9xico, Centroam\u00e9rica, Panam\u00e1, Bogot\u00e1\u00a0y Guayaquil.<\/p>\n<p>Ese mismo d\u00eda, la SICT afirm\u00f3 que la medida anunciada por las autoridades estadounidenses es solo de \u201ccar\u00e1cter preventivo\u201d, orientada a reforzar \u201cla atenci\u00f3n y el cuidado en la operaci\u00f3n a\u00e9rea dentro de determinadas regiones del espacio a\u00e9reo\u201d.<\/p>\n<p>Asimismo, descart\u00f3 que ello tuviera implicaciones operativas ni restricciones para M\u00e9xico, ni para aerol\u00edneas u operadores mexicanos.<\/p>\n<p>En tanto, el Gobierno colombiano ya hab\u00eda manifestado el viernes que no hab\u00eda \u00abafectaciones visibles a la navegaci\u00f3n a\u00e9rea\u00bb.<\/p>\n<p>La Aeron\u00e1utica Civil (Aerocivil) colombiana se\u00f1al\u00f3 en un comunicado que no se hab\u00edan \u201cevidenciado afectaciones visibles a la navegaci\u00f3n a\u00e9rea, ni se registran condiciones que impidan o limiten el normal desarrollo de las operaciones a\u00e9reas en el espacio a\u00e9reo bajo responsabilidad colombiana o en las rutas utilizadas por las aerol\u00edneas nacionales\u00bb.<\/p>\n<p>\u00abSe precisa que las aerol\u00edneas colombianas ya han sido informadas sobre el contenido del NOTAM (aviso de Estados Unidos). De manera particular, las empresas que realizan vuelos internacionales o que operan en las \u00e1reas geogr\u00e1ficas mencionadas son plenamente conocedoras de la situaci\u00f3n\u00bb, agreg\u00f3 e indic\u00f3 que las aerol\u00edneas continuar\u00edan \u201cevaluando el escenario\u00bb. <\/p>\n<div id=\"em-WBMZ363213-F24-ES-20260118\" class=\"m-em-flash\" data-statsperform-script=\"\"><figcaption class=\"a-figcaption\">\n<\/figcaption><div class=\"o-em-consent \">\n<div class=\"o-em-consent__content\">\n<p class=\"o-em-consent__content__text\">Para mostrar este contenido de Stats Perform, debe autorizar las cookies de medici\u00f3n de audiencia y publicidad.<\/p>\n<p>        <button class=\"a-master-button a-master-button--dark\" data-action=\"accept\"><\/p>\n<p>            Aceptar<\/p>\n<p>  <svg class=\"a-svg a-svg--icon-check\">\n    <use xlink:href=\"http:\/\/www.france24.com\/build\/images\/svg\/sprite.17415c6ec01e4a8b145df03c806104d3.svg#icon-check\" href=\"http:\/\/www.france24.com\/build\/images\/svg\/sprite.17415c6ec01e4a8b145df03c806104d3.svg#icon-check\"\/>\n  <\/svg><br \/>\n        <\/button><br \/>\n        <button class=\"a-link\" data-action=\"manage\">Gestionar mis opciones<i class=\"a-svg a-svg--icon-edit\"\/><\/button>\n    <\/div>\n<\/div>\n<\/div>\n<p style=\"text-align:justify\">\u00abEsta alerta implica ejercer precauci\u00f3n, por ahora ejercer precauci\u00f3n para las aerol\u00edneas que operan sobre esta zona\u00bb, afirm\u00f3 \u00c9dgar Rivera, el secretario de Autoridad Aeron\u00e1utica de Aerocivil, en un di\u00e1logo con Noticias Caracol, publicado el 17 de enero.<\/p>\n<p>Ese mismo d\u00eda, la Direcci\u00f3n General de Aviaci\u00f3n Civil (DGAC) de Ecuador emiti\u00f3 un comunicado oficial informando que el espacio a\u00e9reo del pa\u00eds operaba con normalidad.<\/p>\n<h2><strong>Una amenaza vigente<\/strong><\/h2>\n<p style=\"text-align:justify\">La advertencia de la FAA parece apuntar a la posibilidad de que haya aeronaves militares estadounidenses operando sin notificaci\u00f3n previa o con sus transpondedores desactivados en estas dos regiones de informaci\u00f3n de vuelo.<\/p>\n<p style=\"text-align:justify\">Estados Unidos mantiene desplegado un contingente naval en el mar Caribe como parte de la operaci\u00f3n \u201cLanza del Sur\u201d, a trav\u00e9s de la cual Washington tambi\u00e9n bombarde\u00f3 lanchas maniobradas por personas a las que acusa, sin mostrar pruebas hasta el momento, de estar implicadas en el narcotr\u00e1fico. Tambi\u00e9n atac\u00f3 estas embarcaciones en el Pac\u00edfico. <\/p>\n<p style=\"text-align:justify\">Ese mismo contingente fue el que apoy\u00f3 la operaci\u00f3n \u201cResoluci\u00f3n absoluta\u201d, con la que el Ej\u00e9rcito estadounidense captur\u00f3 el 3 de enero al entonces presidente venezolano, Nicol\u00e1s Maduro, en Caracas, luego de bombardear distintos puntos del pa\u00eds. <\/p>\n<p style=\"text-align:justify\">Luego de esa in\u00e9dita acci\u00f3n en un pa\u00eds sudamericano, Trump plante\u00f3 la posibilidad de otras operaciones militares en la regi\u00f3n, como por ejemplo contra Colombia.<\/p>\n<p style=\"text-align:justify\">D\u00edas atr\u00e1s, el republicano dijo que los c\u00e1rteles de la droga controlaban M\u00e9xico y sugiri\u00f3 que Estados Unidos podr\u00eda atacar objetivos terrestres para combatirlos, una m\u00e1s de serie de amenazas de desplegar fuerza militar estadounidense contra los c\u00e1rteles. <\/p>\n<p style=\"text-align:justify\">Antes del ataque en\u00a0Venezuela, la FAA restringi\u00f3 los vuelos en todo el Caribe, lo que oblig\u00f3 a la cancelaci\u00f3n de cientos de vuelos de las principales aerol\u00edneas.<\/p>\n<p style=\"text-align:justify\">El administrador de la FAA, Bryan Bedford, declar\u00f3 a la agencia de noticias Reuters la semana pasada que hab\u00eda existido una buena coordinaci\u00f3n entre la agencia y el ej\u00e9rcito estadounidense antes de la operaci\u00f3n en Venezuela.<\/p>\n<p style=\"text-align:justify\">El mes pasado, un avi\u00f3n de pasajeros de JetBlue (JBLU.O) con destino a Nueva York realiz\u00f3 una maniobra evasiva para evitar una colisi\u00f3n en vuelo con un avi\u00f3n cisterna de la Fuerza A\u00e9rea de Estados Unidos cerca de Venezuela.<\/p>\n<p style=\"text-align:justify\">El vuelo 1112 de JetBlue hab\u00eda partido de Curazao y volaba a unos 60 km de la costa venezolana cuando el Airbus (AIR.PA) inform\u00f3 haber evadido en el \u00faltimo momento un avi\u00f3n de la Fuerza A\u00e9rea que no ten\u00eda activado su transpondedor, un sistema de comunicaci\u00f3n que utilizan las aeronaves.<\/p>\n<p class=\"a-read-more\"><span class=\"a-read-more__label\">Leer tambi\u00e9n<\/span>Un a\u00f1o que cambi\u00f3 el mundo: Trump sacude las reglas del sistema internacional<\/p>\n<h3> <\/h3>\n<h2><strong>Pa\u00edses en alerta<\/strong><\/h2>\n<p style=\"text-align:justify\">En medio de las tensiones regionales con Estados Unidos tras los ataques de Washington a Venezuela, el Consejo de Defensa Nacional de Cuba \u2014\u00f3rgano\u00a0encargado de asumir el control del pa\u00eds durante desastres naturales o conflictos armados\u2014 aprob\u00f3 \u00ablos planes y medidas\u00bb para dar paso \u00abal Estado de Guerra\u00bb, informaron este 18 de enero medios estatales.<\/p>\n<p style=\"text-align:justify\">De acuerdo con la prensa oficial de la isla, las medidas \u2013de las que a\u00fan no se dieron detalles\u2013 se basan en el concepto de la \u00abguerra de todo el pueblo\u00bb, una estrategia impulsada en los a\u00f1os 80 por el entonces presidente Fidel Castro\u00a0que se basa en la movilizaci\u00f3n general de la poblaci\u00f3n para enfrentar una potencial agresi\u00f3n externa.<\/p>\n<p style=\"text-align:justify\">Los medios estatales se\u00f1alaron que el plan fue aprobado el 17 de enero durante una reuni\u00f3n del Consejo de Defensa Nacional, \u00aben cumplimiento de las actividades previstas para el D\u00eda de la Defensa\u00bb, con el objetivo de \u00abincrementar y perfeccionar el nivel de preparaci\u00f3n y cohesi\u00f3n de los \u00f3rganos de direcci\u00f3n y del personal\u00bb.<\/p>\n<div class=\"m-em-image\">\n<figure class=\"m-item-image m-item-image--original m-item-image--has-caption\">\n<picture class=\"a-picture a-picture--original\"><source type=\"image\/webp\" srcset=\"https:\/\/s.france24.com\/media\/display\/e8bf2d04-f255-11f0-8f89-005056a97e36\/w:246\/2026-01-15T192631Z-826850045-RC2P1JA50ZPA-RTRMADP-3-USA-VENEZUELA-CUBA-BODIES-1.webp 246w,https:\/\/s.france24.com\/media\/display\/e8bf2d04-f255-11f0-8f89-005056a97e36\/w:388\/2026-01-15T192631Z-826850045-RC2P1JA50ZPA-RTRMADP-3-USA-VENEZUELA-CUBA-BODIES-1.webp 388w,https:\/\/s.france24.com\/media\/display\/e8bf2d04-f255-11f0-8f89-005056a97e36\/w:720\/2026-01-15T192631Z-826850045-RC2P1JA50ZPA-RTRMADP-3-USA-VENEZUELA-CUBA-BODIES-1.webp 720w,https:\/\/s.france24.com\/media\/display\/e8bf2d04-f255-11f0-8f89-005056a97e36\/w:980\/2026-01-15T192631Z-826850045-RC2P1JA50ZPA-RTRMADP-3-USA-VENEZUELA-CUBA-BODIES-1.webp 980w\" sizes=\"(max-width: 1023px) calc(100vw - 32px), (min-width: 1024px) 850px\"><img fetchpriority=\"low\" decoding=\"async\" src=\"https:\/\/s.france24.com\/media\/display\/e8bf2d04-f255-11f0-8f89-005056a97e36\/w:980\/2026-01-15T192631Z-826850045-RC2P1JA50ZPA-RTRMADP-3-USA-VENEZUELA-CUBA-BODIES-1.jpg\" srcset=\"https:\/\/s.france24.com\/media\/display\/e8bf2d04-f255-11f0-8f89-005056a97e36\/w:246\/2026-01-15T192631Z-826850045-RC2P1JA50ZPA-RTRMADP-3-USA-VENEZUELA-CUBA-BODIES-1.jpg 246w,https:\/\/s.france24.com\/media\/display\/e8bf2d04-f255-11f0-8f89-005056a97e36\/w:388\/2026-01-15T192631Z-826850045-RC2P1JA50ZPA-RTRMADP-3-USA-VENEZUELA-CUBA-BODIES-1.jpg 388w,https:\/\/s.france24.com\/media\/display\/e8bf2d04-f255-11f0-8f89-005056a97e36\/w:720\/2026-01-15T192631Z-826850045-RC2P1JA50ZPA-RTRMADP-3-USA-VENEZUELA-CUBA-BODIES-1.jpg 720w,https:\/\/s.france24.com\/media\/display\/e8bf2d04-f255-11f0-8f89-005056a97e36\/w:980\/2026-01-15T192631Z-826850045-RC2P1JA50ZPA-RTRMADP-3-USA-VENEZUELA-CUBA-BODIES-1.jpg 980w\" sizes=\"(max-width: 1023px) calc(100vw - 32px), (min-width: 1024px) 850px\" alt=\"Los cubanos rinden homenaje mientras una caravana transporta los restos de los soldados fallecidos en el ataque estadounidense y la captura del presidente Nicol\u00e1s Maduro y su esposa, Cilia Flores, en Caracas el 3 de enero, mientras Cuba honra a los soldados, en La Habana, Cuba, el 15 de enero de 2026.\" style=\"max-height:567px\" loading=\"lazy\" class=\"a-img \"\/><br \/>\n<\/source><\/picture><figcaption class=\"a-figcaption\">\n                <span>Los cubanos rinden homenaje mientras una caravana transporta los restos de los soldados fallecidos en el ataque estadounidense y la captura del presidente Nicol\u00e1s Maduro y su esposa, Cilia Flores, en Caracas el 3 de enero, mientras Cuba honra a los soldados, en La Habana, Cuba, el 15 de enero de 2026.<\/span>                <span>\u00a9 Ernesto Mastrascusa v\u00eda REUTERS &#8211; Ernesto Mastrascusa<\/span>            <\/figcaption><\/figure>\n<\/p><\/div>\n<p style=\"text-align:justify\">\n<p style=\"text-align:justify\">Tambi\u00e9n indicaron que el expresidente Ra\u00fal Castro, de 94 a\u00f1os, \u00abse mantuvo al tanto del desarrollo de la actividad\u00bb, y la calific\u00f3 como \u00abuna buena y eficiente reuni\u00f3n\u00bb. El presidente de la isla, Miguel D\u00edaz-Canel, es tambi\u00e9n el titular del Consejo de Defensa Nacional.<\/p>\n<p style=\"text-align:justify\">Este fue el segundo s\u00e1bado dedicado a actividades de defensa en el pa\u00eds, tras la operaci\u00f3n militar estadounidense del pasado 3 de enero.<\/p>\n<p style=\"text-align:justify\">Estos ejercicios han incluido ensayos de emboscadas y entrenamientos para la instalaci\u00f3n de minas, protecci\u00f3n a la poblaci\u00f3n y clases combinadas en \u00e1reas como sanidad militar, defensa contra armas de exterminio en masa, manejo del fusil AKM y t\u00e9cnicas de enmascaramiento, seg\u00fan informes de la presa estatal.<\/p>\n<p style=\"text-align:justify\">En el ataque norteamericano a Caracas murieron 32 militares cubanos, cuyos restos llegaron el 15 de enero a la isla, donde recibieron una serie de homenajes p\u00f3stumos.<\/p>\n<p class=\"a-read-more\"><span class=\"a-read-more__label\">Leer tambi\u00e9n<\/span>Cuba rinde homenaje con honores a 32 militares asesinados durante la captura de Maduro en Caracas<\/p>\n<\/p>\n<p>Con Reuters, EFE y medios locales<\/p>\n<\/p><\/div>\n\n","protected":false},"excerpt":{"rendered":"<p>La presidenta de M\u00e9xico, Claudia Sheinbaum, asegur\u00f3 que no existe ninguna actividad militar por parte de Estados Unidos\u00a0que afecte el territorio de su pa\u00eds, tras la alerta emitida por Washington el 16 de enero de potenciales maniobras militares en espacio a\u00e9reo cercano a M\u00e9xico y otros pa\u00edses de la regi\u00f3n. Al ser consultada por la &hellip;<\/p>\n","protected":false},"author":1,"featured_media":56054,"comment_status":"open","ping_status":"open","sticky":false,"template":"","format":"standard","meta":{"fifu_image_url":"https:\/\/s.france24.com\/media\/display\/df1b7b32-6104-11f0-b43d-005056a97e36\/w:1280\/p:16x9\/Dise%C3%B1o-sin-t%C3%ADtulo-1.jpg","fifu_image_alt":"","footnotes":""},"categories":[13],"tags":[],"class_list":["post-56052","post","type-post","status-publish","format-standard","has-post-thumbnail","","category-mundo"],"_links":{"self":[{"href":"https:\/\/noticiasveraces.com\/index.php?rest_route=\/wp\/v2\/posts\/56052","targetHints":{"allow":["GET"]}}],"collection":[{"href":"https:\/\/noticiasveraces.com\/index.php?rest_route=\/wp\/v2\/posts"}],"about":[{"href":"https:\/\/noticiasveraces.com\/index.php?rest_route=\/wp\/v2\/types\/post"}],"author":[{"embeddable":true,"href":"https:\/\/noticiasveraces.com\/index.php?rest_route=\/wp\/v2\/users\/1"}],"replies":[{"embeddable":true,"href":"https:\/\/noticiasveraces.com\/index.php?rest_route=%2Fwp%2Fv2%2Fcomments&post=56052"}],"version-history":[{"count":0,"href":"https:\/\/noticiasveraces.com\/index.php?rest_route=\/wp\/v2\/posts\/56052\/revisions"}],"wp:featuredmedia":[{"embeddable":true,"href":"https:\/\/noticiasveraces.com\/index.php?rest_route=\/wp\/v2\/media\/56054"}],"wp:attachment":[{"href":"https:\/\/noticiasveraces.com\/index.php?rest_route=%2Fwp%2Fv2%2Fmedia&parent=56052"}],"wp:term":[{"taxonomy":"category","embeddable":true,"href":"https:\/\/noticiasveraces.com\/index.php?rest_route=%2Fwp%2Fv2%2Fcategories&post=56052"},{"taxonomy":"post_tag","embeddable":true,"href":"https:\/\/noticiasveraces.com\/index.php?rest_route=%2Fwp%2Fv2%2Ftags&post=56052"}],"curies":[{"name":"wp","href":"https:\/\/api.w.org\/{rel}","templated":true}]}}