{"id":56050,"date":"2026-01-18T23:24:19","date_gmt":"2026-01-19T03:24:19","guid":{"rendered":"https:\/\/noticiasveraces.com\/?p=56050"},"modified":"2026-01-18T23:24:19","modified_gmt":"2026-01-19T03:24:19","slug":"el-ajax-anuncia-a-jordi-cruyff-como-nuevo-secretario-tecnico","status":"publish","type":"post","link":"https:\/\/noticiasveraces.com\/?p=56050","title":{"rendered":"El Ajax anuncia a Jordi Cruyff como nuevo secretario t\u00e9cnico"},"content":{"rendered":"<p> \n<\/p>\n<div>\n<p data-mrf-recirculation=\"Links P\u00e1rrafos\" class=\"ue-c-article__paragraph paragraph xai-icon-container ue-c-article--first-letter-highlighted\">El Ajax de \u00c1msterdam ha anunciado este s\u00e1bado que ha nombrado como nuevo director t\u00e9cnico a Jordi Cruyff, con el que ya hab\u00eda alcanzado un acuerdo verbal el pasado 28 de diciembre y que ahora tambi\u00e9n ha firmado el contrato con el club neerland\u00e9s, en el que empezar\u00e1 a trabajar el 1 de febrero.<br \/>Jordi (\u00c1msterdam, 9 de febrero de 1974), hijo del legendario Johan Cruyff, fue jugador juvenil durante varios a\u00f1os en la cantera del Ajax antes de trasladarse a Espa\u00f1a, donde continu\u00f3 su formaci\u00f3n futbol\u00edstica en el Barcelona.<br \/>Como futbolista profesional tambi\u00e9n jug\u00f3 en el Manchester United, entre otros, y disput\u00f3 nueve partidos con la selecci\u00f3n absoluta neerlandesa.<br \/>Tras su carrera futbol\u00edstica, Cruyff, de 51 a\u00f1os, ocup\u00f3 diversos cargos en el f\u00fatbol internacional, entre ellos el de director deportivo del Maccabi Tel Aviv, el Barcelona y la selecci\u00f3n de Ecuador. Asimismo estaba vinculado a la Federaci\u00f3n Indonesia de F\u00fatbol como asesor.<br \/>\u00abEs muy especial estar aqu\u00ed y firmar mi contrato. En el estadio que lleva el nombre de mi padre y en el club que ha sido importante en mi vida desde que era ni\u00f1o. No hace falta decir lo mucho que significa para m\u00ed y mi familia\u00bb, se\u00f1ala Jordi Cruyff en la web del club.<br \/>\u00abA partir de febrero me dedicar\u00e9 por completo al Ajax. Esto me produce un gran sentido de responsabilidad y orgullo. Agradezco a la directiva del club su confianza. El Ajax es un club \u00fanico con una rica historia, y voy a hacer todo lo posible para a\u00f1adir juntos un nuevo cap\u00edtulo de \u00e9xito\u00bb, agrega.<br \/>El Ajax agrega que \u00aben la Junta General Extraordinaria de Accionistas, a\u00fan por convocar, se informar\u00e1 formalmente de la intenci\u00f3n del Consejo de Supervisi\u00f3n del club de nombrar tambi\u00e9n a Cruyff como consejero estatutario hasta el 30 de junio de 2028.<\/p>\n<\/div>\n\n","protected":false},"excerpt":{"rendered":"<p>El Ajax de \u00c1msterdam ha anunciado este s\u00e1bado que ha nombrado como nuevo director t\u00e9cnico a Jordi Cruyff, con el que ya hab\u00eda alcanzado un acuerdo verbal el pasado 28 de diciembre y que ahora tambi\u00e9n ha firmado el contrato con el club neerland\u00e9s, en el que empezar\u00e1 a trabajar el 1 de febrero.Jordi (\u00c1msterdam, &hellip;<\/p>\n","protected":false},"author":1,"featured_media":56051,"comment_status":"open","ping_status":"open","sticky":false,"template":"","format":"standard","meta":{"fifu_image_url":"https:\/\/objetos-xlk.estaticos-marca.com\/files\/article_main_microformat\/\/uploads\/2026\/01\/17\/696bfa23112ec.jpeg","fifu_image_alt":"","footnotes":""},"categories":[6],"tags":[],"class_list":["post-56050","post","type-post","status-publish","format-standard","has-post-thumbnail","","category-deportes"],"_links":{"self":[{"href":"https:\/\/noticiasveraces.com\/index.php?rest_route=\/wp\/v2\/posts\/56050","targetHints":{"allow":["GET"]}}],"collection":[{"href":"https:\/\/noticiasveraces.com\/index.php?rest_route=\/wp\/v2\/posts"}],"about":[{"href":"https:\/\/noticiasveraces.com\/index.php?rest_route=\/wp\/v2\/types\/post"}],"author":[{"embeddable":true,"href":"https:\/\/noticiasveraces.com\/index.php?rest_route=\/wp\/v2\/users\/1"}],"replies":[{"embeddable":true,"href":"https:\/\/noticiasveraces.com\/index.php?rest_route=%2Fwp%2Fv2%2Fcomments&post=56050"}],"version-history":[{"count":0,"href":"https:\/\/noticiasveraces.com\/index.php?rest_route=\/wp\/v2\/posts\/56050\/revisions"}],"wp:featuredmedia":[{"embeddable":true,"href":"https:\/\/noticiasveraces.com\/index.php?rest_route=\/wp\/v2\/media\/56051"}],"wp:attachment":[{"href":"https:\/\/noticiasveraces.com\/index.php?rest_route=%2Fwp%2Fv2%2Fmedia&parent=56050"}],"wp:term":[{"taxonomy":"category","embeddable":true,"href":"https:\/\/noticiasveraces.com\/index.php?rest_route=%2Fwp%2Fv2%2Fcategories&post=56050"},{"taxonomy":"post_tag","embeddable":true,"href":"https:\/\/noticiasveraces.com\/index.php?rest_route=%2Fwp%2Fv2%2Ftags&post=56050"}],"curies":[{"name":"wp","href":"https:\/\/api.w.org\/{rel}","templated":true}]}}