{"id":56045,"date":"2026-01-18T22:13:51","date_gmt":"2026-01-19T02:13:51","guid":{"rendered":"https:\/\/noticiasveraces.com\/?p=56045"},"modified":"2026-01-18T22:13:51","modified_gmt":"2026-01-19T02:13:51","slug":"seguro-y-ventura-pasan-a-la-segunda-vuelta-en-portugal","status":"publish","type":"post","link":"https:\/\/noticiasveraces.com\/?p=56045","title":{"rendered":"Seguro y Ventura pasan a la segunda vuelta en Portugal"},"content":{"rendered":"<p> \n<\/p>\n<div data-tracking-name=\"rich-text\" data-tracking-skip=\"true\">\n<p>El exministro y exl\u00edder socialista Ant\u00f3nio Jos\u00e9 Seguro y el dirigente ultraderechista Andr\u00e9 Ventura se disputar\u00e1n la Presidencia de Portugal en la segunda vuelta, el pr\u00f3ximo 8 de febrero, con el 98,75 por ciento de los votos escrutados en la primera ronda electoral disputada este domingo (18.01.2026).<\/p>\n<p>Seg\u00fan el escrutinio, Seguro obtiene el 31 por ciento de los sufragios, seguido de Ventura, con el 23,65 por ciento.<\/p>\n<p>Por detr\u00e1s de ellos queda en tercer lugar, con el 15,82 por ciento de los sufragios, el eurodiputado liberal Jo\u00e3o Cotrim de Figueiredo, con el almirante en la reserva Henrique Gouveia e Melo y el comentarista conservador y exministro Lu\u00eds Marques Mendes m\u00e1s atr\u00e1s.  <\/p>\n<figure class=\"placeholder-image master_landscape big\"><img data-format=\"MASTER_LANDSCAPE\" data-id=\"75555668\" data-url=\"https:\/\/static.dw.com\/image\/75555668_${formatId}.jpg\" data-aspect-ratio=\"16\/9\" alt=\"En la imagen varios periodistas le hacen preguntas al candidato Andr\u00e9 Ventura.\" style=\"padding-bottom: 56.25%; height: 0; max-height: 0;\"\/><figcaption class=\"img-caption\">Andr\u00e9 Ventura. (18.01.2026)<small class=\"copyright\">Imagen: Zed Jameson\/Agencia Anadolu\/IMAGO<\/small><\/figcaption><\/figure>\n<h2>Funci\u00f3n del presidente<\/h2>\n<p>M\u00e1s de 11 millones de portugueses estaban convocados a las urnas durante esta jornada, de los cuales m\u00e1s de 1,7 millones residen en el extranjero, para elegir al sucesor de Marcelo Rebelo de Sousa, tras 10 a\u00f1os en la Jefatura del Estado.<\/p>\n<p>La afluencia hasta las 16.00 hora local (misma hora GMT) de este domingo fue del 45,51 %, una cifra que supera la participaci\u00f3n total en los \u00faltimos comicios celebrados de este tipo, en 2021, que fue del 39,24 %.<\/p>\n<p>El presidente en Portugal tiene la funci\u00f3n de \u00e1rbitro y fiscalizador de la vida pol\u00edtica, y no tiene prerrogativas ejecutivas. Entre otros poderes puede vetar leyes, disolver el Parlamento y convocar elecciones.<\/p>\n<p>mg (efe, CNN Portugal)<\/p>\n<\/p>\n<\/div>\n\n","protected":false},"excerpt":{"rendered":"<p>El exministro y exl\u00edder socialista Ant\u00f3nio Jos\u00e9 Seguro y el dirigente ultraderechista Andr\u00e9 Ventura se disputar\u00e1n la Presidencia de Portugal en la segunda vuelta, el pr\u00f3ximo 8 de febrero, con el 98,75 por ciento de los votos escrutados en la primera ronda electoral disputada este domingo (18.01.2026). Seg\u00fan el escrutinio, Seguro obtiene el 31 por &hellip;<\/p>\n","protected":false},"author":1,"featured_media":56046,"comment_status":"open","ping_status":"open","sticky":false,"template":"","format":"standard","meta":{"fifu_image_url":"https:\/\/static.dw.com\/image\/75555728_6.jpg","fifu_image_alt":"","footnotes":""},"categories":[13],"tags":[],"class_list":["post-56045","post","type-post","status-publish","format-standard","has-post-thumbnail","","category-mundo"],"_links":{"self":[{"href":"https:\/\/noticiasveraces.com\/index.php?rest_route=\/wp\/v2\/posts\/56045","targetHints":{"allow":["GET"]}}],"collection":[{"href":"https:\/\/noticiasveraces.com\/index.php?rest_route=\/wp\/v2\/posts"}],"about":[{"href":"https:\/\/noticiasveraces.com\/index.php?rest_route=\/wp\/v2\/types\/post"}],"author":[{"embeddable":true,"href":"https:\/\/noticiasveraces.com\/index.php?rest_route=\/wp\/v2\/users\/1"}],"replies":[{"embeddable":true,"href":"https:\/\/noticiasveraces.com\/index.php?rest_route=%2Fwp%2Fv2%2Fcomments&post=56045"}],"version-history":[{"count":0,"href":"https:\/\/noticiasveraces.com\/index.php?rest_route=\/wp\/v2\/posts\/56045\/revisions"}],"wp:featuredmedia":[{"embeddable":true,"href":"https:\/\/noticiasveraces.com\/index.php?rest_route=\/wp\/v2\/media\/56046"}],"wp:attachment":[{"href":"https:\/\/noticiasveraces.com\/index.php?rest_route=%2Fwp%2Fv2%2Fmedia&parent=56045"}],"wp:term":[{"taxonomy":"category","embeddable":true,"href":"https:\/\/noticiasveraces.com\/index.php?rest_route=%2Fwp%2Fv2%2Fcategories&post=56045"},{"taxonomy":"post_tag","embeddable":true,"href":"https:\/\/noticiasveraces.com\/index.php?rest_route=%2Fwp%2Fv2%2Ftags&post=56045"}],"curies":[{"name":"wp","href":"https:\/\/api.w.org\/{rel}","templated":true}]}}