{"id":56037,"date":"2026-01-18T18:47:49","date_gmt":"2026-01-18T22:47:49","guid":{"rendered":"https:\/\/noticiasveraces.com\/?p=56037"},"modified":"2026-01-18T18:47:49","modified_gmt":"2026-01-18T22:47:49","slug":"turismo-venezolano-prepara-oferta-estrategica-para-la-cimet-2026","status":"publish","type":"post","link":"https:\/\/noticiasveraces.com\/?p=56037","title":{"rendered":"Turismo venezolano prepara oferta estrat\u00e9gica para la Cimet 2026"},"content":{"rendered":"<p> \n<\/p>\n<div data-td-block-uid=\"tdi_110\">\n<div class=\"tdb-block-inner td-fix-index\">\n<p>La ministra para el Turismo, Leticia G\u00f3mez, y la embajadora de Venezuela en Espa\u00f1a, Gladys Guti\u00e9rrez, sostuvieron un encuentro estrat\u00e9gico para coordinar la participaci\u00f3n nacional en la pr\u00f3xima agenda internacional del sector.<\/p>\n<p>El eje central de la delegaci\u00f3n ser\u00e1 la Conferencia Iberoamericana de Ministros y Empresarios de Turismo (Cimet), plataforma clave para captar inversiones y posicionar los destinos venezolanos ante los principales operadores globales. La 29\u00aa edici\u00f3n de la Cimet se realizar\u00e1 el martes 20 de enero bajo la organizaci\u00f3n del Grupo Nexo.<\/p>\n<p>El evento contar\u00e1 con la presidencia de honor del Rey Felipe VI y reunir\u00e1 a ministros de casi veinte naciones para discutir nuevas rutas de inversi\u00f3n bajo la direcci\u00f3n de Eugenio de Quesada.<\/p>\n<p>Para Venezuela, esta cita representa una oportunidad de establecer alianzas comerciales directas con el empresariado iberoamericano.<\/p>\n<h2 id=\"8203-nuevos-modelos-de-gesti-oacute-n-tur-iacute-stica\" class=\"wp-block-heading\">\u200bNuevos modelos de gesti\u00f3n tur\u00edstica<\/h2>\n<p>En el marco de esta gira, la representaci\u00f3n venezolana tambi\u00e9n asistir\u00e1 al 13\u00ba Foro de Liderazgo Tur\u00edstico de Exceltur.<\/p>\n<p>Bajo el lema \u201cGobernando nuestro futuro: Por un turismo que suma\u201d, el foro analizar\u00e1 la transici\u00f3n hacia un crecimiento basado en el valor y el compromiso social.<\/p>\n<p>Los l\u00edderes del sector como Gabriel Escarrer debatir\u00e1n sobre la gesti\u00f3n eficiente de flujos de viajeros y la regeneraci\u00f3n de destinos buscando superar el modelo de afluencia masiva por uno de mayor calidad.<\/p>\n<p>\u200bVenezuela aprovechar\u00e1 estos espacios de debate para integrar mejores pr\u00e1cticas globales en sus regiones.<\/p>\n<p>Seg\u00fan detall\u00f3 Mintur, la meta es consolidar un modelo tur\u00edstico que sea econ\u00f3micamente rentable, socialmente responsable y ambientalmente sostenible.<\/p>\n<blockquote class=\"instagram-media\" data-instgrm-permalink=\"https:\/\/www.instagram.com\/p\/DTqifPvjBGc\/?utm_source=ig_embed&amp;utm_campaign=loading\" data-instgrm-version=\"14\" style=\" background:#FFF; border:0; border-radius:3px; box-shadow:0 0 1px 0 rgba(0,0,0,0.5),0 1px 10px 0 rgba(0,0,0,0.15); margin: 1px; max-width:540px; min-width:326px; padding:0; width:99.375%; width:-webkit-calc(100% - 2px); width:calc(100% - 2px);\"\/><\/div>\n<\/div>\n<p><script async src=\"\/\/www.instagram.com\/embed.js\"><\/script><br \/>\n<br \/>\n","protected":false},"excerpt":{"rendered":"<p>La ministra para el Turismo, Leticia G\u00f3mez, y la embajadora de Venezuela en Espa\u00f1a, Gladys Guti\u00e9rrez, sostuvieron un encuentro estrat\u00e9gico para coordinar la participaci\u00f3n nacional en la pr\u00f3xima agenda internacional del sector. El eje central de la delegaci\u00f3n ser\u00e1 la Conferencia Iberoamericana de Ministros y Empresarios de Turismo (Cimet), plataforma clave para captar inversiones y &hellip;<\/p>\n","protected":false},"author":1,"featured_media":56038,"comment_status":"open","ping_status":"open","sticky":false,"template":"","format":"standard","meta":{"fifu_image_url":"https:\/\/ultimasnoticias.com.ve\/wp-content\/uploads\/2026\/01\/WhatsApp-Image-2026-01-18-at-6.37.25-PM.jpeg","fifu_image_alt":"","footnotes":""},"categories":[13],"tags":[],"class_list":["post-56037","post","type-post","status-publish","format-standard","has-post-thumbnail","","category-mundo"],"_links":{"self":[{"href":"https:\/\/noticiasveraces.com\/index.php?rest_route=\/wp\/v2\/posts\/56037","targetHints":{"allow":["GET"]}}],"collection":[{"href":"https:\/\/noticiasveraces.com\/index.php?rest_route=\/wp\/v2\/posts"}],"about":[{"href":"https:\/\/noticiasveraces.com\/index.php?rest_route=\/wp\/v2\/types\/post"}],"author":[{"embeddable":true,"href":"https:\/\/noticiasveraces.com\/index.php?rest_route=\/wp\/v2\/users\/1"}],"replies":[{"embeddable":true,"href":"https:\/\/noticiasveraces.com\/index.php?rest_route=%2Fwp%2Fv2%2Fcomments&post=56037"}],"version-history":[{"count":0,"href":"https:\/\/noticiasveraces.com\/index.php?rest_route=\/wp\/v2\/posts\/56037\/revisions"}],"wp:featuredmedia":[{"embeddable":true,"href":"https:\/\/noticiasveraces.com\/index.php?rest_route=\/wp\/v2\/media\/56038"}],"wp:attachment":[{"href":"https:\/\/noticiasveraces.com\/index.php?rest_route=%2Fwp%2Fv2%2Fmedia&parent=56037"}],"wp:term":[{"taxonomy":"category","embeddable":true,"href":"https:\/\/noticiasveraces.com\/index.php?rest_route=%2Fwp%2Fv2%2Fcategories&post=56037"},{"taxonomy":"post_tag","embeddable":true,"href":"https:\/\/noticiasveraces.com\/index.php?rest_route=%2Fwp%2Fv2%2Ftags&post=56037"}],"curies":[{"name":"wp","href":"https:\/\/api.w.org\/{rel}","templated":true}]}}