{"id":56013,"date":"2026-01-18T16:04:21","date_gmt":"2026-01-18T20:04:21","guid":{"rendered":"https:\/\/noticiasveraces.com\/?p=56013"},"modified":"2026-01-18T16:04:21","modified_gmt":"2026-01-18T20:04:21","slug":"chile-declara-estado-de-catastrofe-por-incendios-forestales-que-han-dejado-15-muertos-y-50000-evacuados","status":"publish","type":"post","link":"https:\/\/noticiasveraces.com\/?p=56013","title":{"rendered":"Chile declara estado de cat\u00e1strofe por incendios forestales que han dejado 15 muertos y 50,000 evacuados"},"content":{"rendered":"<p> \n<\/p>\n<div>\n<p>Gabriel Boric, presidente de Chile, ha declarado \u201cEstado de Excepci\u00f3n Constitucional de Cat\u00e1strofe\u201d a causa de los fuertes incendios forestales que han arrasado al sur y centro del pa\u00eds en los \u00faltimos d\u00edas, sobre todo en las regiones de \u00d1uble y Biob\u00edo. Seg\u00fan las m\u00e1s recientes cifras ofrecidas por el gobierno, al menos 15 personas han perdido la vida como consecuencia directa de este desastre y 50,000 han tenido que desalojar sus hogares.<\/p>\n<p>\u201cEl presidente Gabriel Boric, junto con decretar estado de cat\u00e1strofe y desplegar todos los recursos necesarios para enfrentar esta compleja situaci\u00f3n y ayudar a las personas, va a visitar la zona\u201d, dijo \u00c1lvaro Elizalde, ministro del Interior.<\/p>\n<hr\/>\n<div class=\"ContentCardEmbedWrapper-kFpFGN dpdjmB content-card-embed content-card-embed--stacked\" data-testid=\"ContentCardEmbedWrapper\">\n<div class=\"ContentCardEmbedImage-iBIXcR jiOHKG content-card-embed__image\" data-testid=\"ContentCardEmbedImage\"><span class=\"SpanWrapper-zEXFr koTknX responsive-asset\"><picture class=\"ResponsiveImagePicture-cGZhnX jwYQWO responsive-image\"><img decoding=\"async\" alt=\"Voluntarios intentan apagar un incendio en Bolivia\" loading=\"lazy\" class=\"ResponsiveImageContainer-eNxvmU cfBbTk responsive-image__image\" srcset=\"https:\/\/media.es.wired.com\/photos\/6920c93bdee9841dec524e92\/master\/w_120,c_limit\/1787196029 120w, https:\/\/media.es.wired.com\/photos\/6920c93bdee9841dec524e92\/master\/w_240,c_limit\/1787196029 240w, https:\/\/media.es.wired.com\/photos\/6920c93bdee9841dec524e92\/master\/w_320,c_limit\/1787196029 320w, https:\/\/media.es.wired.com\/photos\/6920c93bdee9841dec524e92\/master\/w_640,c_limit\/1787196029 640w\" sizes=\"100vw\" src=\"https:\/\/media.es.wired.com\/photos\/6920c93bdee9841dec524e92\/master\/w_775%2Cc_limit\/1787196029\"\/><\/picture><\/span><\/div>\n<div class=\"ContentCardEmbedInfo-bSBhwc IbulD\">\n<div class=\"BaseWrap-sc-gzmcOU BaseText-eqOrNE ContentCardEmbedHed-kuAbUL deqABF jkWAvF fPZrfS content-card-embed__hed\" data-testid=\"ContentCardEmbedHed\">Los incendios fuera de control est\u00e1n cambiando el mapa mundial de la deforestaci\u00f3n<\/div>\n<p>Desde los tr\u00f3picos hasta los bosques boreales, la crisis clim\u00e1tica cambia, amplifica y confunde las causas de la p\u00e9rdida de bosques mientras la COP30 busca soluciones para hacer frente a los incendios que destruyen los ecosistemas.<\/p>\n<\/div>\n<\/div>\n<hr\/>\n<p>Jos\u00e9 Antonio Kast tambi\u00e9n se pronunci\u00f3 sobre la situaci\u00f3n cr\u00edtica que enfrenta el pa\u00eds. \u201cFrente a los devastadores incendios en \u00d1uble y Bio Bio, hoy el foco debe ser combatir los incendios, ir en auxilio de las personas afectadas y apoyar a las autoridades para enfrentar esta emergencia\u201d, escribi\u00f3 en sus redes sociales el presidente electo de la Rep\u00fablica de Chile. \u201cNo hay espacio para la pol\u00edtica en este momento cr\u00edtico de la emergencia\u201d.<\/p>\n<p>Las peores consecuencia de los incendios forestales en el Cono Sur de Sudam\u00e9rica se hab\u00edan visto en d\u00edas recientes principalmente en la Patagonia argentina, donde m\u00e1s de 15,000 hect\u00e1reas han sido arrasadas por las llamas, sobre todo en el provincia de Chubut. Pero ahora la atenci\u00f3n gira al otro lado de la cordillera de los Andes, donde alrededor de 24 focos activos son nutridos por fuertes vientos y las altas temperaturas del verano austral.<\/p>\n<p>El Servicio Nacional de Prevenci\u00f3n y Respuesta ante Desastres (Senapred) indic\u00f3 que la mayor parte de evacuaciones se realizan en las ciudades de Penco y Lirqu\u00e9n, cuyas poblaciones suman alrededor de 60,000 personas. Esta zona est\u00e1 a 450 kil\u00f3metros al sur de Santiago, capital del pa\u00eds.<\/p>\n<p>Para alertar a la ciudadan\u00eda, la Senapred activ\u00f3 el Sistema de Alerta de Emergencia (SAE). En caso de recibir en el celular un mensaje del SAE, es necesario evacuar de forma inmediata.<\/p>\n<h2>\u00bfEn qu\u00e9 consiste la declaratoria de emergencia?<\/h2>\n<p>El Gobierno de Chile inform\u00f3 sobre las acciones que se implementan conforme al \u201cEstado de Excepci\u00f3n Constitucional de Cat\u00e1strofe\u201d en las regiones de \u00d1uble y Biob\u00edo. Estas son:<\/p>\n<ul>\n<li>Despliegue de las Fuerzas Armadas para apoyo en tareas humanitarias, log\u00edsticas y de resguardo.<\/li>\n<li>Refuerzo de la coordinaci\u00f3n en terreno con el env\u00edo de los subsecretarios del Interior, Defensa, Evaluaci\u00f3n Social y Servicios Sociales a las zonas.<\/li>\n<li>Aumento del contingente policial con despliegue reforzado de Carabineros: 120 funcionarios adicionales desde la Escuela de Suboficiales de Concepci\u00f3n, y presencia de la PDI.<\/li>\n<li>Env\u00edo de 87 alertas SAE, permitiendo la evacuaci\u00f3n de m\u00e1s de 50 000 personas.<\/li>\n<li>Identificaci\u00f3n de las personas afectadas para entregar apoyos estatales.<\/li>\n<li>Coordinaci\u00f3n con el Ministerio P\u00fablico para investigar el origen de los incendios y perseguir responsabilidades penales.<\/li>\n<\/ul>\n<p><strong>Regi\u00f3n de \u00d1uble:<\/strong><\/p>\n<ul>\n<li>11 aeronaves y 10 brigadas.<\/li>\n<li>Refuerzo del trabajo de Bomberos: 1 200 bomberos y 168 carros.<\/li>\n<li>6 albergues y m\u00e1s de 160 personas albergadas.<\/li>\n<li>Aplicaci\u00f3n de la ficha FIBE.<\/li>\n<\/ul>\n<p><strong>Regi\u00f3n de Biob\u00edo:<\/strong><\/p>\n<ul>\n<li>13 aeronaves y 25 brigadas; participaci\u00f3n conjunta de brigadas de Conaf, Fuerzas Armadas y Bomberos.<\/li>\n<li>8 albergues y m\u00e1s de 700 personas albergadas.<\/li>\n<li>Refuerzo del trabajo de Bomberos: 2 500 bomberos y 264 carros.<\/li>\n<\/ul>\n<p>Las autoridades pidieron a la ciudadan\u00eda mantenerse informada exclusivamente a trav\u00e9s de los canales oficiales de informaci\u00f3n, y a no abandonar a las mascotas en caso de tener que desalojar la vivienda.<\/p>\n<\/div>\n\n","protected":false},"excerpt":{"rendered":"<p>Gabriel Boric, presidente de Chile, ha declarado \u201cEstado de Excepci\u00f3n Constitucional de Cat\u00e1strofe\u201d a causa de los fuertes incendios forestales que han arrasado al sur y centro del pa\u00eds en los \u00faltimos d\u00edas, sobre todo en las regiones de \u00d1uble y Biob\u00edo. Seg\u00fan las m\u00e1s recientes cifras ofrecidas por el gobierno, al menos 15 personas &hellip;<\/p>\n","protected":false},"author":1,"featured_media":56015,"comment_status":"open","ping_status":"open","sticky":false,"template":"","format":"standard","meta":{"fifu_image_url":"https:\/\/media.es.wired.com\/photos\/696d0aec79e873d9e2cba6bc\/16:9\/w_1280,c_limit\/chile.jpg","fifu_image_alt":"","footnotes":""},"categories":[4],"tags":[],"class_list":["post-56013","post","type-post","status-publish","format-standard","has-post-thumbnail","","category-historias-destacadas"],"_links":{"self":[{"href":"https:\/\/noticiasveraces.com\/index.php?rest_route=\/wp\/v2\/posts\/56013","targetHints":{"allow":["GET"]}}],"collection":[{"href":"https:\/\/noticiasveraces.com\/index.php?rest_route=\/wp\/v2\/posts"}],"about":[{"href":"https:\/\/noticiasveraces.com\/index.php?rest_route=\/wp\/v2\/types\/post"}],"author":[{"embeddable":true,"href":"https:\/\/noticiasveraces.com\/index.php?rest_route=\/wp\/v2\/users\/1"}],"replies":[{"embeddable":true,"href":"https:\/\/noticiasveraces.com\/index.php?rest_route=%2Fwp%2Fv2%2Fcomments&post=56013"}],"version-history":[{"count":0,"href":"https:\/\/noticiasveraces.com\/index.php?rest_route=\/wp\/v2\/posts\/56013\/revisions"}],"wp:featuredmedia":[{"embeddable":true,"href":"https:\/\/noticiasveraces.com\/index.php?rest_route=\/wp\/v2\/media\/56015"}],"wp:attachment":[{"href":"https:\/\/noticiasveraces.com\/index.php?rest_route=%2Fwp%2Fv2%2Fmedia&parent=56013"}],"wp:term":[{"taxonomy":"category","embeddable":true,"href":"https:\/\/noticiasveraces.com\/index.php?rest_route=%2Fwp%2Fv2%2Fcategories&post=56013"},{"taxonomy":"post_tag","embeddable":true,"href":"https:\/\/noticiasveraces.com\/index.php?rest_route=%2Fwp%2Fv2%2Ftags&post=56013"}],"curies":[{"name":"wp","href":"https:\/\/api.w.org\/{rel}","templated":true}]}}