{"id":56009,"date":"2026-01-18T11:36:02","date_gmt":"2026-01-18T15:36:02","guid":{"rendered":"https:\/\/noticiasveraces.com\/?p=56009"},"modified":"2026-01-18T11:36:02","modified_gmt":"2026-01-18T15:36:02","slug":"autoridades-contabilizan-casi-500-apartamentos-afectados-en-caracas-por-ataque-de-ee-uu-correo-del-caroni","status":"publish","type":"post","link":"https:\/\/noticiasveraces.com\/?p=56009","title":{"rendered":"Autoridades contabilizan casi 500 apartamentos afectados en Caracas por ataque de EE UU \u2013 Correo del Caron\u00ed"},"content":{"rendered":"<p> \n<\/p>\n<div data-id=\"494a3404\" data-element_type=\"widget\" id=\"texto\" data-widget_type=\"theme-post-content.default\">\n<div class=\"elementor-widget-container\">\n<p>Delcy Rodr\u00edguez, encargada del Ejecutivo, dijo que m\u00e1s de 463 apartamentos fueron afectados tras el <strong><mark style=\"background-color:rgba(0, 0, 0, 0)\" class=\"has-inline-color has-luminous-vivid-amber-color\"><span style=\"text-decoration: underline;\">ataque<\/span><\/mark><\/strong>  por parte de las fuerzas militares de Estados Unidos el pasado <strong><mark style=\"background-color:rgba(0, 0, 0, 0)\" class=\"has-inline-color has-luminous-vivid-amber-color\"><span style=\"text-decoration: underline;\">3 de enero<\/span><\/mark><\/strong>que terminaron con la <strong><mark style=\"background-color:rgba(0, 0, 0, 0)\" class=\"has-inline-color has-luminous-vivid-amber-color\"><span style=\"text-decoration: underline;\">captura<\/span><\/mark><\/strong>  de Nicol\u00e1s Maduro y de Cilia Flores.<\/p>\n<p>Aunque no precis\u00f3 la ubicaci\u00f3n exacta de estas viviendas, se entiende que son de la capital, pues instruy\u00f3 a la alcaldesa de Caracas, Carmen Mel\u00e9ndez, y la jefe del Gobierno de Caracas, Nahum Fern\u00e1ndez, y al ministro de Obras P\u00fablicas, Juan Jos\u00e9 Ram\u00edrez, atenci\u00f3n inmediata \u201cpara reparar lo m\u00e1s pronto posible\u201d.<\/p>\n<p>Rodr\u00edguez dio esta informaci\u00f3n desde Fuerte Tiuna, durante una jornada de asistencia social para los habitantes del lugar, uno de los afectados por los bombardeos.<\/p>\n<p>Las autoridades no precisaron qu\u00e9 da\u00f1os presentan las viviendas con exactitud, ni la cantidad de personas que resultaron heridas en esa zona.<\/p>\n<p>Delcy Rodr\u00edguez insisti\u00f3 en que se debe mantener la uni\u00f3n en el pa\u00eds y dijo que \u201cel enemigo externo y el extremismo interno trabajan por la divisi\u00f3n\u201d. A su juicio, en el contexto actual, la \u201cmejor respuesta es la calma\u201d y la \u201cprudencia estrat\u00e9gica\u201d.<\/p>\n<p>\u201cQue nada nos derrumbe, que nada nos derrote\u201d, expres\u00f3.<\/p>\n<p>El ministro de Defensa, Vladimir Padrino L\u00f3pez, inform\u00f3 que <strong><mark style=\"background-color:rgba(0, 0, 0, 0)\" class=\"has-inline-color has-luminous-vivid-amber-color\"><span style=\"text-decoration: underline;\">47 empleados<\/span><\/mark><\/strong>  de la Fuerza Armada Nacional Bolivariana (FANB) murieron el pasado 3 de enero en el ataque de Estados Unidos. Sin embargo, a\u00fan no existe un balance oficial de la cantidad de fallecidos y heridos el pasado 3 de enero.<\/p>\n<\/p><\/div>\n<\/p><\/div>\n\n","protected":false},"excerpt":{"rendered":"<p>Delcy Rodr\u00edguez, encargada del Ejecutivo, dijo que m\u00e1s de 463 apartamentos fueron afectados tras el ataque por parte de las fuerzas militares de Estados Unidos el pasado 3 de eneroque terminaron con la captura de Nicol\u00e1s Maduro y de Cilia Flores. Aunque no precis\u00f3 la ubicaci\u00f3n exacta de estas viviendas, se entiende que son de &hellip;<\/p>\n","protected":false},"author":1,"featured_media":56010,"comment_status":"open","ping_status":"open","sticky":false,"template":"","format":"standard","meta":{"fifu_image_url":"https:\/\/correodelcaroni.com\/wp-content\/uploads\/2026\/01\/DELCYR_apartamentos_bombardeos_WEB.jpg","fifu_image_alt":"","footnotes":""},"categories":[13],"tags":[],"class_list":["post-56009","post","type-post","status-publish","format-standard","has-post-thumbnail","","category-mundo"],"_links":{"self":[{"href":"https:\/\/noticiasveraces.com\/index.php?rest_route=\/wp\/v2\/posts\/56009","targetHints":{"allow":["GET"]}}],"collection":[{"href":"https:\/\/noticiasveraces.com\/index.php?rest_route=\/wp\/v2\/posts"}],"about":[{"href":"https:\/\/noticiasveraces.com\/index.php?rest_route=\/wp\/v2\/types\/post"}],"author":[{"embeddable":true,"href":"https:\/\/noticiasveraces.com\/index.php?rest_route=\/wp\/v2\/users\/1"}],"replies":[{"embeddable":true,"href":"https:\/\/noticiasveraces.com\/index.php?rest_route=%2Fwp%2Fv2%2Fcomments&post=56009"}],"version-history":[{"count":0,"href":"https:\/\/noticiasveraces.com\/index.php?rest_route=\/wp\/v2\/posts\/56009\/revisions"}],"wp:featuredmedia":[{"embeddable":true,"href":"https:\/\/noticiasveraces.com\/index.php?rest_route=\/wp\/v2\/media\/56010"}],"wp:attachment":[{"href":"https:\/\/noticiasveraces.com\/index.php?rest_route=%2Fwp%2Fv2%2Fmedia&parent=56009"}],"wp:term":[{"taxonomy":"category","embeddable":true,"href":"https:\/\/noticiasveraces.com\/index.php?rest_route=%2Fwp%2Fv2%2Fcategories&post=56009"},{"taxonomy":"post_tag","embeddable":true,"href":"https:\/\/noticiasveraces.com\/index.php?rest_route=%2Fwp%2Fv2%2Ftags&post=56009"}],"curies":[{"name":"wp","href":"https:\/\/api.w.org\/{rel}","templated":true}]}}