{"id":55999,"date":"2026-01-18T08:21:44","date_gmt":"2026-01-18T12:21:44","guid":{"rendered":"https:\/\/noticiasveraces.com\/?p=55999"},"modified":"2026-01-18T08:21:44","modified_gmt":"2026-01-18T12:21:44","slug":"patronal-madrilena-destaco-su-enorme-interes-por-invertir-en-el-mercado-venezolano","status":"publish","type":"post","link":"https:\/\/noticiasveraces.com\/?p=55999","title":{"rendered":"Patronal madrile\u00f1a destac\u00f3 su enorme inter\u00e9s por invertir en el mercado venezolano"},"content":{"rendered":"<p> \n<\/p>\n<div id=\"post-5868886\">\n\t<!-- .entry-header --><\/p>\n<div class=\"entry-content\">\n<p>\n\t\t\t<span rel=\"author\" class=\"fn\">con una pala<\/span>\n\t\t<\/p>\n<p>\t\t<time class=\"entry-date published updated\" datetime=\"2026-01-18T07:59:30-04:00\">enero 18 2026, 7:59 am<\/time><\/p>\n<figure id=\"attachment_5868887\" aria-describedby=\"caption-attachment-5868887\" style=\"width: 700px\" class=\"wp-caption alignnone\"><img fetchpriority=\"high\" decoding=\"async\" onerror=\"this.onerror=null;this.src=\" https:=\"\" class=\" wp-image-5868887\" src=\"https:\/\/sandia.datanubex.uk\/wp-content\/uploads\/2026\/01\/Captura-de-pantalla-2026-01-18-075841.png\" alt=\"\" width=\"700\" height=\"465\"\/><figcaption id=\"caption-attachment-5868887\" class=\"wp-caption-text\">El presidente de CEIM, Miguel Garrido, posa para Europa Press. FERNANDO S\u00c1NCHEZ<\/figcaption><\/figure>\n<\/p>\n<p>El presidente de la Confederaci\u00f3n Empresarial de Madrid-CEOE (CEIM), Miguel Garrido, ha indicado que espera una \u00abmejor situaci\u00f3n\u00bb en Venezuela tras la detenci\u00f3n de Nicol\u00e1s Maduro a principios de este mes y ha destacado el \u00abenorme inter\u00e9s\u00bb que hay en las empresas por invertir en este mercado.<\/p>\n<p><strong>Por Europa Press<\/strong><\/p>\n<p><!-- Begin Mailchimp Signup Form --><\/p>\n<div id=\"mc_embed_signup\">\n<p><label for=\"mce-EMAIL\">            \u00a1\u00danete al club ahora! Suscr\u00edbete al bolet\u00edn m\u00e1s importante de Venezuela          <\/label><iframe data-test-id=\"beehiiv-embed\" height=\"52\" frameborder=\"0\" scrolling=\"no\" style=\"margin: 0; border-radius: 0px !important; &#10;&#9;&#9;background-color: transparent;\" data-src=\"https:\/\/embeds.beehiiv.com\/cdab9503-16ae-4689-ad4f-1408c727a83a?slim=true\" class=\"lazyload\"><\/iframe><\/p>\n<\/div>\n<p><!--End mc_embed_signup 2--><\/p>\n<p>As\u00ed lo ha trasladado en una entrevista concedida a <em>Prensa Europea<\/em>en el que ha remarcado que en el pa\u00eds sudamericano \u00abno se respetaban los derechos humanos y se han llevado a cabo actuaciones contra la libertad de empresa y mercado, pero sobre todo contra la de las personas\u00bb.<\/p>\n<p>\u00abEn las \u00faltimas elecciones se ha demostrado que no se han respetado los resultados electorales y esto es una situaci\u00f3n de tremenda gravedad que desde luego afecta a todo el mundo y sobre el cual no se hab\u00eda podido hacer nada en mucho tiempo\u00bb, ha apuntado.<\/p>\n<p>Tras la intervenci\u00f3n militar de Estados Unidos en Venezuela, Garrido ha manifestado que \u00abdesconoce\u00bb lo que pueda ocurrir en el futuro, aunque ha recalcado que se haya \u00abdesatascado una situaci\u00f3n en el que se hab\u00eda usurpado el poder por parte del propio dictador, que segu\u00eda deteniendo ilegalmente, secuestrando y torturando\u00bb.<\/p>\n<p>\u00abQueremos ser optimistas con que la situaci\u00f3n va a mejorar. Vamos a verlo porque no es f\u00e1cil y es enormemente compleja, pero nosotros estamos esperanzados. Venezuela ha sido un pa\u00eds con el que Espa\u00f1a ha tenido en el plano econ\u00f3mico una relaci\u00f3n fabulosa en el pasado\u00bb, ha subrayado.<\/p>\n<p><strong>Lea m\u00e1s en Europa Press<\/strong><\/p>\n<p><!-- CONTENT END 2 -->\n\t<\/div>\n<p><!-- .entry-content --><\/p>\n<\/div>\n\n","protected":false},"excerpt":{"rendered":"<p>con una pala enero 18 2026, 7:59 am El presidente de CEIM, Miguel Garrido, posa para Europa Press. FERNANDO S\u00c1NCHEZ El presidente de la Confederaci\u00f3n Empresarial de Madrid-CEOE (CEIM), Miguel Garrido, ha indicado que espera una \u00abmejor situaci\u00f3n\u00bb en Venezuela tras la detenci\u00f3n de Nicol\u00e1s Maduro a principios de este mes y ha destacado el &hellip;<\/p>\n","protected":false},"author":1,"featured_media":56001,"comment_status":"open","ping_status":"open","sticky":false,"template":"","format":"standard","meta":{"fifu_image_url":"https:\/\/sandia.datanubex.uk\/wp-content\/uploads\/2026\/01\/Captura-de-pantalla-2026-01-18-075841.png","fifu_image_alt":"","footnotes":""},"categories":[13],"tags":[],"class_list":["post-55999","post","type-post","status-publish","format-standard","has-post-thumbnail","","category-mundo"],"_links":{"self":[{"href":"https:\/\/noticiasveraces.com\/index.php?rest_route=\/wp\/v2\/posts\/55999","targetHints":{"allow":["GET"]}}],"collection":[{"href":"https:\/\/noticiasveraces.com\/index.php?rest_route=\/wp\/v2\/posts"}],"about":[{"href":"https:\/\/noticiasveraces.com\/index.php?rest_route=\/wp\/v2\/types\/post"}],"author":[{"embeddable":true,"href":"https:\/\/noticiasveraces.com\/index.php?rest_route=\/wp\/v2\/users\/1"}],"replies":[{"embeddable":true,"href":"https:\/\/noticiasveraces.com\/index.php?rest_route=%2Fwp%2Fv2%2Fcomments&post=55999"}],"version-history":[{"count":0,"href":"https:\/\/noticiasveraces.com\/index.php?rest_route=\/wp\/v2\/posts\/55999\/revisions"}],"wp:featuredmedia":[{"embeddable":true,"href":"https:\/\/noticiasveraces.com\/index.php?rest_route=\/wp\/v2\/media\/56001"}],"wp:attachment":[{"href":"https:\/\/noticiasveraces.com\/index.php?rest_route=%2Fwp%2Fv2%2Fmedia&parent=55999"}],"wp:term":[{"taxonomy":"category","embeddable":true,"href":"https:\/\/noticiasveraces.com\/index.php?rest_route=%2Fwp%2Fv2%2Fcategories&post=55999"},{"taxonomy":"post_tag","embeddable":true,"href":"https:\/\/noticiasveraces.com\/index.php?rest_route=%2Fwp%2Fv2%2Ftags&post=55999"}],"curies":[{"name":"wp","href":"https:\/\/api.w.org\/{rel}","templated":true}]}}