{"id":55996,"date":"2026-01-18T07:21:11","date_gmt":"2026-01-18T11:21:11","guid":{"rendered":"https:\/\/noticiasveraces.com\/?p=55996"},"modified":"2026-01-18T07:21:11","modified_gmt":"2026-01-18T11:21:11","slug":"endrick-lo-vuelve-a-hacer","status":"publish","type":"post","link":"https:\/\/noticiasveraces.com\/?p=55996","title":{"rendered":"Endrick lo vuelve a hacer"},"content":{"rendered":"<p> \n<\/p>\n<div>\n<p data-mrf-recirculation=\"Links P\u00e1rrafos\" class=\"ue-c-article__paragraph paragraph ue-c-article--first-letter-highlighted\">All\u00e1 por donde aparece, <strong>Endrick (Taguatinga, 2006)<\/strong> cae como un meteorito. Bien lo saben en <strong>palmeras<\/strong>la selecci\u00f3n de <strong>Brasil<\/strong>el <strong>real madrid<\/strong> y ahora, tambi\u00e9n, en un <strong>Ol\u00edmpico de Lyon<\/strong> con quien apenas necesit\u00f3 menos de 45\u2019 para anotar su primer gol en <strong>Francia<\/strong>.<span\/><\/p>\n<p data-mrf-recirculation=\"Links P\u00e1rrafos\" class=\"ue-c-article__paragraph paragraph\">\u201cCreo que todav\u00eda no he terminado de responder a los mensajes que recib\u00ed despu\u00e9s del partido. Fueron much\u00edsimos. Tras el partido, ni siquiera pude contarlos. <strong>Dios <\/strong>siempre me ha puesto a personas maravillosas cerca de mi carrera\u201d, expres\u00f3 a <strong>MARCA <\/strong>en su primera entrevista como jugador del <strong>OL<\/strong>.<span\/><\/p>\n<blockquote class=\"ue-c-article__blockquote\">\n<p>Creo que todav\u00eda no he terminado de responder a los mensajes que recib\u00ed despu\u00e9s del partido<\/p>\n<p><span class=\"ue-c-article__blockquote-author\">Endrick, jugador del Lyon<\/span><\/p><\/blockquote>\n<p data-mrf-recirculation=\"Links P\u00e1rrafos\" class=\"ue-c-article__paragraph paragraph\">A decir verdad, el hecho de que tardase cosa de 42\u2019 en marcar su primer gol como jugador del <strong>Ol\u00edmpico de Lyon<\/strong> tampoco deber\u00eda ser sorprendente al repasar su historial. Con el <strong>real madrid<\/strong> s\u00f3lo necesit\u00f3 10\u2019 para celebrar su primer tanto, por los 47\u2019 en su segundo partido con <strong>Brasil <\/strong>o los 92\u2019 acumulados con <strong>palmeras <\/strong>cuando le anot\u00f3 un doblete al <strong>Atl\u00e9tico Paranaense<\/strong> en octubre de 2022.<span\/><\/p>\n<p data-mrf-recirculation=\"Links P\u00e1rrafos\" class=\"ue-c-article__paragraph paragraph\">Una vez m\u00e1s, <strong>endrick <\/strong>lleg\u00f3 y bes\u00f3 el santo. Ausente en la convocatoria contra el <strong>M\u00f3naco <\/strong>con el claro objetivo de no acelerar procesos, <strong>Pablo Fonseca<\/strong> no dud\u00f3 a la hora de alinearlo como titular en su visita al Lille por los dieciseisavos de final de la <strong>Copa de Francia<\/strong>\u2026 mientras el <strong>real madrid<\/strong> ca\u00eda con el <strong>Barcelona <\/strong>en la final de la <strong>Supercopa de Espa\u00f1a.<\/strong><span\/><\/p>\n<p><oc-connect-widget class=\"ue-c-oddschecker-widget\" slot-id=\"&lt;a href=&quot;https:\/\/x.com\/OL\/status\/2010486914411790758\/video\/1&quot; target=&quot;_blank&quot;&gt;https:\/\/x.com\/OL\/status\/2010486914411790758\/video\/1&lt;\/a&gt;\"\/><\/p>\n<p data-mrf-recirculation=\"Links P\u00e1rrafos\" class=\"ue-c-article__paragraph paragraph\">\u201cLa adaptaci\u00f3n va muy bien. Ha empezado a entender lo que queremos hacer en ambas fases del juego\u201d, apunt\u00f3 en la previa del partido <strong>Pablo Fonseca<\/strong>. \u201cEs un jugador que necesitamos. Es polivalente, se siente c\u00f3modo atacando los espacios y es fuerte en los duelos. Tambi\u00e9n es r\u00e1pido y explosivo. Puede jugar en la derecha o como principal referencia\u201d.<span\/><\/p>\n<p data-mrf-recirculation=\"Links P\u00e1rrafos\" class=\"ue-c-article__paragraph paragraph\">Ah\u00ed residi\u00f3 la principal novedad en el debut de <strong>endrick<\/strong>. Lejos de actuar como \u20189\u2019, parti\u00f3 desde una posici\u00f3n que podr\u00eda definirse como \u2018falso extremo\u2019. Es decir, arrancaba desde banda derecha, pero goz\u00f3 de plena libertad para ocupar carriles interiores y llegar a zonas de remate aprovechado la profundidad de <strong>Maitland-Niles<\/strong> partiendo desde el lateral y los descenso de <strong>Sulc <\/strong>desde la te\u00f3rica posici\u00f3n de delantero.<span\/><\/p>\n<figure class=\"ue-c-article__media ue-c-article__media--image\">\n<div class=\"ue-c-article__media-img-container ue-l-article--expand-edge-right-until-tablet ue-l-article--expand-edge-left-until-tablet\"><picture><source type=\"image\/webp\" sizes=\"(min-width: 1010px) 660px, (min-width: 980px) calc(100vw - 350px), (min-width: 740px) calc(100vw - 320px), 100vw\" srcset=\"https:\/\/objetos-xlk.estaticos-marca.com\/files\/article_360_widen_webp\/uploads\/2026\/01\/17\/696c11221567c.webp 360w,https:\/\/objetos-xlk.estaticos-marca.com\/files\/article_375_widen_webp\/uploads\/2026\/01\/17\/696c11221567c.webp 375w,https:\/\/objetos-xlk.estaticos-marca.com\/files\/article_414_widen_webp\/uploads\/2026\/01\/17\/696c11221567c.webp 414w,https:\/\/objetos-xlk.estaticos-marca.com\/files\/article_660_widen_webp\/uploads\/2026\/01\/17\/696c11221567c.webp 660w,https:\/\/objetos-xlk.estaticos-marca.com\/files\/article_720_widen_webp\/uploads\/2026\/01\/17\/696c11221567c.webp 720w,https:\/\/objetos-xlk.estaticos-marca.com\/files\/article_750_widen_webp\/uploads\/2026\/01\/17\/696c11221567c.webp 750w,https:\/\/objetos-xlk.estaticos-marca.com\/files\/article_828_widen_webp\/uploads\/2026\/01\/17\/696c11221567c.webp 828w,https:\/\/objetos-xlk.estaticos-marca.com\/files\/article_1320_widen_webp\/uploads\/2026\/01\/17\/696c11221567c.webp 1320w\"><source type=\"image\/png\" sizes=\"(min-width: 1010px) 660px, (min-width: 980px) calc(100vw - 350px), (min-width: 740px) calc(100vw - 320px), 100vw\" srcset=\"https:\/\/objetos-xlk.estaticos-marca.com\/files\/article_360_widen\/uploads\/2026\/01\/17\/696c11221567c.png 360w,https:\/\/objetos-xlk.estaticos-marca.com\/files\/article_375_widen\/uploads\/2026\/01\/17\/696c11221567c.png 375w,https:\/\/objetos-xlk.estaticos-marca.com\/files\/article_414_widen\/uploads\/2026\/01\/17\/696c11221567c.png 414w,https:\/\/objetos-xlk.estaticos-marca.com\/files\/article_660_widen\/uploads\/2026\/01\/17\/696c11221567c.png 660w,https:\/\/objetos-xlk.estaticos-marca.com\/files\/article_720_widen\/uploads\/2026\/01\/17\/696c11221567c.png 720w,https:\/\/objetos-xlk.estaticos-marca.com\/files\/article_750_widen\/uploads\/2026\/01\/17\/696c11221567c.png 750w,https:\/\/objetos-xlk.estaticos-marca.com\/files\/article_828_widen\/uploads\/2026\/01\/17\/696c11221567c.png 828w,https:\/\/objetos-xlk.estaticos-marca.com\/files\/article_1320_widen\/uploads\/2026\/01\/17\/696c11221567c.png 1320w\"><img decoding=\"async\" width=\"349\" height=\"467\" class=\"ue-c-article__image lazyload\" alt=\"Mapa de calor de Endrick contra el Lille\" loading=\"lazy\" src=\"https:\/\/objetos-xlk.estaticos-marca.com\/uploads\/2026\/01\/17\/696c11221567c.png\"\/><\/source><\/source><\/picture><\/div><figcaption class=\"ue-c-article__media-caption\">\n<p><span class=\"ue-c-article__media-description\">Mapa de calor de Endrick contra el Lille<\/span><span class=\"ue-c-article__media-source\"><span class=\"ue-c-article__media-author\">puntuaci\u00f3n de sof\u00e1<\/span><\/span><\/p>\n<\/figcaption><\/figure>\n<p data-mrf-recirculation=\"Links P\u00e1rrafos\" class=\"ue-c-article__paragraph paragraph\">Desde luego, el rol pareci\u00f3 sentarle como un guante. Se le percibi\u00f3 extremadamente c\u00f3modo y, antes de cerrar el primer acto, demostr\u00f3 el instinto que siempre le ha caracterizado desde que emergi\u00f3 siendo un ni\u00f1o en <strong>palmeras <\/strong>para empalar en el segundo palo un env\u00edo lateral a cargo de <strong>Alfonso Moreira<\/strong> y prolongado en el punto de penalti por <strong>Tolisso.<\/strong> Un tanto que, a la postre, acabar\u00eda significando el pase a octavos por parte del <strong>Le\u00f3n<\/strong>.<span\/><\/p>\n<p data-mrf-recirculation=\"Links P\u00e1rrafos\" class=\"ue-c-article__paragraph paragraph\">\u201cEstoy muy feliz, fue mi primer partido. Lo m\u00e1s importante era lograr la clasificaci\u00f3n. Agradezco a <strong>Dios <\/strong>por darme esta oportunidad de marcar\u201d, reconoci\u00f3 <strong>endrick <\/strong>despu\u00e9s de un partido en el que dispar\u00f3 m\u00e1s veces (6) que el resto de sus compa\u00f1eros juntos (5) en los 72\u2019 que estuvo sobre el c\u00e9sped del <strong>Pierre-Mauroy<\/strong>. \u201cFue el principal peligro del equipo. Lo saqu\u00e9 antes para protegerlo porque estaba recibiendo muchas faltas\u201d, justific\u00f3 <strong>Fonseca<\/strong>.<span\/><\/p>\n<blockquote class=\"ue-c-article__blockquote\">\n<p>Quiero volver a jugar con Brasil, pero eso es consecuencia de lo que haga ahora en el Lyon<\/p>\n<p><span class=\"ue-c-article__blockquote-author\">Endrick, jugador del Lyon<\/span><\/p><\/blockquote>\n<p data-mrf-recirculation=\"Links P\u00e1rrafos\" class=\"ue-c-article__paragraph paragraph\">La sensaci\u00f3n durante el a\u00f1o y medio que estuvo en el <strong>real madrid<\/strong> es que, cada vez que se enfundaba la camiseta y sal\u00eda al c\u00e9sped, suced\u00edan cosas. De hecho, desde su llegada a <strong>europa<\/strong>es el segundo jugador sub19 con mejor ratio de gol por partido (0.71). Ahora, en <strong>Le\u00f3n<\/strong>va a disponer de las oportunidades que merece su talento para demostrar que su sitio est\u00e1 en el <strong>Santiago Bernab\u00e9u<\/strong> y, de paso, convencer a <strong>Anceloti <\/strong>de que debe estar en el <strong>Mundial<\/strong>.<span\/><\/p>\n<p data-mrf-recirculation=\"Links P\u00e1rrafos\" class=\"ue-c-article__paragraph paragraph\">\u201cQuiero volver a jugar con <strong>Brasil<\/strong>pero eso es consecuencia de lo que haga ahora en el <strong>Le\u00f3n<\/strong>. El primer partido cumpl\u00ed mi objetivo: la clasificaci\u00f3n en <strong>Copa<\/strong>. Fue genial, porque pude marcar mi primer gol con el club, pero tengo que aspirar a m\u00e1s\u201d, confes\u00f3 <strong>endrick <\/strong>d\u00edas atr\u00e1s a <strong>MARCA<\/strong>. Ya se ha puesto manos a la obra y este fin de semana, en su debut en la <strong>Liga 1<\/strong>se presentar\u00e1 ante su nueva afici\u00f3n con el gol entre ceja y ceja ante un <strong>Brest<\/strong> al que ya se midi\u00f3 el curso pasado en <strong>Campeones<\/strong>.<span\/><\/p>\n<\/div>\n\n","protected":false},"excerpt":{"rendered":"<p>All\u00e1 por donde aparece, Endrick (Taguatinga, 2006) cae como un meteorito. Bien lo saben en palmerasla selecci\u00f3n de Brasilel real madrid y ahora, tambi\u00e9n, en un Ol\u00edmpico de Lyon con quien apenas necesit\u00f3 menos de 45\u2019 para anotar su primer gol en Francia. \u201cCreo que todav\u00eda no he terminado de responder a los mensajes que &hellip;<\/p>\n","protected":false},"author":1,"featured_media":55998,"comment_status":"open","ping_status":"open","sticky":false,"template":"","format":"standard","meta":{"fifu_image_url":"https:\/\/objetos-xlk.estaticos-marca.com\/files\/article_main_microformat\/uploads\/2026\/01\/18\/DvF.jpeg","fifu_image_alt":"","footnotes":""},"categories":[6],"tags":[],"class_list":["post-55996","post","type-post","status-publish","format-standard","has-post-thumbnail","","category-deportes"],"_links":{"self":[{"href":"https:\/\/noticiasveraces.com\/index.php?rest_route=\/wp\/v2\/posts\/55996","targetHints":{"allow":["GET"]}}],"collection":[{"href":"https:\/\/noticiasveraces.com\/index.php?rest_route=\/wp\/v2\/posts"}],"about":[{"href":"https:\/\/noticiasveraces.com\/index.php?rest_route=\/wp\/v2\/types\/post"}],"author":[{"embeddable":true,"href":"https:\/\/noticiasveraces.com\/index.php?rest_route=\/wp\/v2\/users\/1"}],"replies":[{"embeddable":true,"href":"https:\/\/noticiasveraces.com\/index.php?rest_route=%2Fwp%2Fv2%2Fcomments&post=55996"}],"version-history":[{"count":0,"href":"https:\/\/noticiasveraces.com\/index.php?rest_route=\/wp\/v2\/posts\/55996\/revisions"}],"wp:featuredmedia":[{"embeddable":true,"href":"https:\/\/noticiasveraces.com\/index.php?rest_route=\/wp\/v2\/media\/55998"}],"wp:attachment":[{"href":"https:\/\/noticiasveraces.com\/index.php?rest_route=%2Fwp%2Fv2%2Fmedia&parent=55996"}],"wp:term":[{"taxonomy":"category","embeddable":true,"href":"https:\/\/noticiasveraces.com\/index.php?rest_route=%2Fwp%2Fv2%2Fcategories&post=55996"},{"taxonomy":"post_tag","embeddable":true,"href":"https:\/\/noticiasveraces.com\/index.php?rest_route=%2Fwp%2Fv2%2Ftags&post=55996"}],"curies":[{"name":"wp","href":"https:\/\/api.w.org\/{rel}","templated":true}]}}