{"id":55962,"date":"2026-01-17T22:52:15","date_gmt":"2026-01-18T02:52:15","guid":{"rendered":"https:\/\/noticiasveraces.com\/?p=55962"},"modified":"2026-01-17T22:52:15","modified_gmt":"2026-01-18T02:52:15","slug":"colegios-de-medicos-instituciones-que-generan-confianza-sociedad","status":"publish","type":"post","link":"https:\/\/noticiasveraces.com\/?p=55962","title":{"rendered":"Colegios de m\u00e9dicos, instituciones que generan confianza | Sociedad"},"content":{"rendered":"<p> \n<br \/><img decoding=\"async\" src=\"https:\/\/imagenes.elpais.com\/resizer\/v2\/V7KXV2Y7PRBY3INCGU4FWBFRXE.jpg?auth=4953f7e4501c67a8c57bda904cd5a4900c1e4641132781df6697777ade61b91d\" \/><\/p>\n<div data-dtm-region=\"articulo_cuerpo\">\n<p class=\"\">Pocas afirmaciones concitan un acuerdo tan amplio y tan profundo como esta: nuestro modelo sanitario es el mejor regalo que los espa\u00f1oles nos hemos hecho a nosotros mismos en los \u00faltimos cien a\u00f1os. No es una consigna ideol\u00f3gica ni una nostalgia del pasado; es una constataci\u00f3n basada en hechos, en datos y en la experiencia vital de millones de ciudadanos que han sido atendidos, cuidados y acompa\u00f1ados en los momentos m\u00e1s decisivos de su vida.<\/p>\n<p class=\"\">La \u00faltima encuesta del Instituto 40dB. para EL PA\u00cdS y la SER confirma que esta percepci\u00f3n sigue muy viva en la sociedad espa\u00f1ola. El 67,5% de los ciudadanos considera necesario reforzar la sanidad p\u00fablica, frente a un escueto 2% que apuesta por dar mayor protagonismo a la privada. Incluso entre electorados ideol\u00f3gicamente diversos, el respaldo al sistema p\u00fablico es mayoritario. La sanidad, como las pensiones, sigue siendo uno de los grandes consensos sociales de nuestro pa\u00eds.<\/p>\n<p class=\"\">Este apoyo no es casual. La sanidad p\u00fablica espa\u00f1ola ha sido, durante d\u00e9cadas, un potente mecanismo de cohesi\u00f3n social, de equidad y de igualdad real de oportunidades. Ha garantizado que nacer, enfermar o envejecer no dependa del nivel de renta. Ha protegido a generaciones enteras frente a la incertidumbre, y lo ha hecho con un nivel de calidad profesional y cient\u00edfica reconocido internacionalmente.<\/p>\n<p class=\"\">Ahora bien, el mismo estudio introduce un matiz que merece atenci\u00f3n. Aunque sigue siendo mayoritaria la opini\u00f3n de que mejorar la sanidad p\u00fablica puede implicar pagar m\u00e1s impuestos, en los \u00faltimos a\u00f1os se percibe un desplazamiento hacia una mayor preocupaci\u00f3n por la presi\u00f3n fiscal. Este dato no debe interpretarse como un desapego hacia lo p\u00fablico, sino como una exigencia leg\u00edtima de eficiencia, planificaci\u00f3n y buen gobierno. La ciudadan\u00eda no cuestiona el modelo; exige que se cuide.<\/p>\n<p class=\"\">En este contexto de exigencia social, hay un dato especialmente relevante: el 67,4% de los espa\u00f1oles conf\u00eda en los colegios de m\u00e9dicos. En una \u00e9poca marcada por la desconfianza hacia muchas instituciones, este nivel de credibilidad es un hecho extraordinario. Refleja que la sociedad sigue identificando a los m\u00e9dicos y a sus organizaciones profesionales como garantes del inter\u00e9s general, del rigor cient\u00edfico y de la \u00e9tica asistencial.<\/p>\n<p class=\"\">Esta confianza no es un privilegio; es una responsabilidad. Los Colegios de M\u00e9dicos no solo representan a una profesi\u00f3n, sino que act\u00faan como conciencia c\u00edvica del sistema sanitario, defendiendo la calidad de la atenci\u00f3n, la seguridad del paciente y la dignidad del ejercicio profesional. Su voz resulta imprescindible cuando se debate sobre el presente y el futuro del modelo sanitario.<\/p>\n<p class=\"\">Porque reforzar la sanidad p\u00fablica no es un eslogan. Significa invertir de forma sostenida, planificar a largo plazo, cuidar a los profesionales, reforzar la atenci\u00f3n primaria, abordar la falta de m\u00e9dicos, mejorar las condiciones laborales y garantizar que la innovaci\u00f3n llegue a todos por igual. Significa tambi\u00e9n regular con transparencia la colaboraci\u00f3n p\u00fablico-privada para que sea complementaria y nunca sustitutiva del sistema p\u00fablico.<\/p>\n<p class=\"\">Nuestro modelo sanitario no es perfecto, pero ha demostrado una resiliencia extraordinaria incluso en las peores crisis, como la pandemia. Lejos de ser un problema, la sanidad p\u00fablica es una de las grandes soluciones colectivas que hemos construido como pa\u00eds. Por eso, cuando se debilita, no se deteriora solo un servicio: se resiente la confianza social y la cohesi\u00f3n democr\u00e1tica.<\/p>\n<p class=\"\">Decir que la sanidad p\u00fablica es el mejor regalo que nos hemos hecho en el \u00faltimo siglo no es mirar atr\u00e1s con complacencia, sino mirar al futuro con responsabilidad. Significa asumir que ese regalo hay que protegerlo, actualizarlo y transmitirlo en mejores condiciones a las pr\u00f3ximas generaciones.<\/p>\n<p class=\"\">Los ciudadanos lo tienen claro. Conf\u00edan en su sanidad y conf\u00edan en sus m\u00e9dicos. Ahora corresponde a todos \u2014administraciones, profesionales y responsables p\u00fablicos\u2014 estar a la altura de esa confianza. Porque cuidar la sanidad p\u00fablica es, en definitiva, cuidarnos como sociedad.<\/p>\n<aside class=\"a_np\">\n<p><strong>Tom\u00e1s Cobo Castro<\/strong> es presidente de la Organizaci\u00f3n M\u00e9dica Colegial.<\/p>\n<\/aside>\n<\/div>\n\n","protected":false},"excerpt":{"rendered":"<p>Pocas afirmaciones concitan un acuerdo tan amplio y tan profundo como esta: nuestro modelo sanitario es el mejor regalo que los espa\u00f1oles nos hemos hecho a nosotros mismos en los \u00faltimos cien a\u00f1os. No es una consigna ideol\u00f3gica ni una nostalgia del pasado; es una constataci\u00f3n basada en hechos, en datos y en la experiencia &hellip;<\/p>\n","protected":false},"author":1,"featured_media":55964,"comment_status":"open","ping_status":"open","sticky":false,"template":"","format":"standard","meta":{"fifu_image_url":"https:\/\/imagenes.elpais.com\/resizer\/v2\/V7KXV2Y7PRBY3INCGU4FWBFRXE.jpg?auth=4953f7e4501c67a8c57bda904cd5a4900c1e4641132781df6697777ade61b91d&width=1200","fifu_image_alt":"","footnotes":""},"categories":[11],"tags":[],"class_list":["post-55962","post","type-post","status-publish","format-standard","has-post-thumbnail","","category-viaje"],"_links":{"self":[{"href":"https:\/\/noticiasveraces.com\/index.php?rest_route=\/wp\/v2\/posts\/55962","targetHints":{"allow":["GET"]}}],"collection":[{"href":"https:\/\/noticiasveraces.com\/index.php?rest_route=\/wp\/v2\/posts"}],"about":[{"href":"https:\/\/noticiasveraces.com\/index.php?rest_route=\/wp\/v2\/types\/post"}],"author":[{"embeddable":true,"href":"https:\/\/noticiasveraces.com\/index.php?rest_route=\/wp\/v2\/users\/1"}],"replies":[{"embeddable":true,"href":"https:\/\/noticiasveraces.com\/index.php?rest_route=%2Fwp%2Fv2%2Fcomments&post=55962"}],"version-history":[{"count":0,"href":"https:\/\/noticiasveraces.com\/index.php?rest_route=\/wp\/v2\/posts\/55962\/revisions"}],"wp:featuredmedia":[{"embeddable":true,"href":"https:\/\/noticiasveraces.com\/index.php?rest_route=\/wp\/v2\/media\/55964"}],"wp:attachment":[{"href":"https:\/\/noticiasveraces.com\/index.php?rest_route=%2Fwp%2Fv2%2Fmedia&parent=55962"}],"wp:term":[{"taxonomy":"category","embeddable":true,"href":"https:\/\/noticiasveraces.com\/index.php?rest_route=%2Fwp%2Fv2%2Fcategories&post=55962"},{"taxonomy":"post_tag","embeddable":true,"href":"https:\/\/noticiasveraces.com\/index.php?rest_route=%2Fwp%2Fv2%2Ftags&post=55962"}],"curies":[{"name":"wp","href":"https:\/\/api.w.org\/{rel}","templated":true}]}}