{"id":55959,"date":"2026-01-17T22:48:43","date_gmt":"2026-01-18T02:48:43","guid":{"rendered":"https:\/\/noticiasveraces.com\/?p=55959"},"modified":"2026-01-17T22:48:43","modified_gmt":"2026-01-18T02:48:43","slug":"el-lider-supremo-de-iran-reconoce-la-muerte-de-miles-de-personas-en-protestas-antigubernamentales","status":"publish","type":"post","link":"https:\/\/noticiasveraces.com\/?p=55959","title":{"rendered":"El l\u00edder supremo de Ir\u00e1n reconoce la muerte de miles de personas en protestas antigubernamentales"},"content":{"rendered":"<p> \n<\/p>\n<div>\n<div id=\"beyondwords-wrapper\" class=\"beyondwords-wrapper\">\n<p><span class=\"label-bg\">NUEVO<\/span>\u00a1Ahora puedes escuchar los art\u00edculos de Fox News!\n  <\/p>\n<\/div>\n<p class=\"speakable\">El l\u00edder supremo de Ir\u00e1n ha reconocido p\u00fablicamente por primera vez que miles de personas murieron durante las recientes protestas antigubernamentales, seg\u00fan un informe de la BBC, mientras el presidente Donald Trump intensificaba su ret\u00f3rica y ped\u00eda un nuevo liderazgo en Ir\u00e1n.<\/p>\n<p class=\"speakable\">El ayatol\u00e1 Ali Jamenei hizo estas declaraciones durante un discurso p\u00fablico el s\u00e1bado, culpando a Estados Unidos por los disturbios y la violencia y diciendo que algunos manifestantes murieron \u00abde una manera inhumana y salvaje\u00bb, inform\u00f3 la BBC.<\/p>\n<p>Las protestas, que comenzaron a finales de diciembre por las condiciones econ\u00f3micas, se expandieron posteriormente hasta convertirse en llamados a poner fin al sistema de gobierno de Ir\u00e1n. <\/p>\n<p>La Agencia de Noticias Iran\u00ed de Activistas de Derechos Humanos, con sede en Estados Unidos, estima que m\u00e1s de 3.000 personas murieron durante aproximadamente tres semanas de disturbios, aunque las autoridades iran\u00edes no han publicado una cifra oficial de muertos.<\/p>\n<p>Seg\u00fan la BBC, los cortes de Internet en todo el pa\u00eds han dificultado la verificaci\u00f3n independiente, y la conectividad ha ca\u00eddo a aproximadamente el 2% de los niveles normales, citando datos del grupo de monitoreo cibern\u00e9tico NetBlocks.<\/p>\n<p><strong>UN MOMENTO DE &#39;DERRIBAR EL MURO&#39; EN IR\u00c1N DA\u00d1AR\u00c1 TANTO A LA REP\u00daBLICA ISL\u00c1MICA COMO A CHINA<\/strong><\/p>\n<div class=\"image-ct inline\">\n<div class=\"m\"><picture><source media=\"(max-width: 767px)\" srcset=\"https:\/\/a57.foxnews.com\/static.foxnews.com\/foxnews.com\/content\/uploads\/2026\/01\/343\/192\/iran-khamenei-address-flag.jpg?ve=1&amp;tl=1, https:\/\/a57.foxnews.com\/static.foxnews.com\/foxnews.com\/content\/uploads\/2026\/01\/686\/384\/iran-khamenei-address-flag.jpg?ve=1&amp;tl=1 2x\" height=\"192\" width=\"343\"><source media=\"(min-width: 768px) and (max-width: 1023px)\" srcset=\"https:\/\/a57.foxnews.com\/static.foxnews.com\/foxnews.com\/content\/uploads\/2026\/01\/672\/378\/iran-khamenei-address-flag.jpg?ve=1&amp;tl=1, https:\/\/a57.foxnews.com\/static.foxnews.com\/foxnews.com\/content\/uploads\/2026\/01\/1344\/756\/iran-khamenei-address-flag.jpg?ve=1&amp;tl=1 2x\" height=\"378\" width=\"672\"><source media=\"(min-width: 1024px) and (max-width: 1279px)\" srcset=\"https:\/\/a57.foxnews.com\/static.foxnews.com\/foxnews.com\/content\/uploads\/2026\/01\/931\/523\/iran-khamenei-address-flag.jpg?ve=1&amp;tl=1, https:\/\/a57.foxnews.com\/static.foxnews.com\/foxnews.com\/content\/uploads\/2026\/01\/1862\/1046\/iran-khamenei-address-flag.jpg?ve=1&amp;tl=1 2x\" height=\"523\" width=\"931\"><source media=\"(min-width: 1280px)\" srcset=\"https:\/\/a57.foxnews.com\/static.foxnews.com\/foxnews.com\/content\/uploads\/2026\/01\/720\/405\/iran-khamenei-address-flag.jpg?ve=1&amp;tl=1, https:\/\/a57.foxnews.com\/static.foxnews.com\/foxnews.com\/content\/uploads\/2026\/01\/1440\/810\/iran-khamenei-address-flag.jpg?ve=1&amp;tl=1 2x\" height=\"405\" width=\"720\"><img loading=\"lazy\" decoding=\"async\" src=\"https:\/\/a57.foxnews.com\/static.foxnews.com\/foxnews.com\/content\/uploads\/2026\/01\/1200\/675\/iran-khamenei-address-flag.jpg?ve=1&amp;tl=1\" alt=\"El l\u00edder supremo iran\u00ed Ali Khamenei sentado junto a la bandera iran\u00ed durante un discurso.\" width=\"1200\" height=\"675\"\/><\/source><\/source><\/source><\/source><\/picture><\/div>\n<div class=\"info\">\n<div class=\"caption\">\n<p><span>Seg\u00fan se informa, el l\u00edder supremo de Ir\u00e1n, el ayatol\u00e1 Ali Jamenei, reconoci\u00f3 el s\u00e1bado que miles de personas murieron durante las recientes protestas antigubernamentales.<\/span> <span>(Oficina del L\u00edder Supremo de Ir\u00e1n v\u00eda Getty Images)<\/span><\/p>\n<\/div>\n<\/div>\n<\/div>\n<p>Videos autenticados por BBC Persian y BBC Verify muestran a las fuerzas de seguridad iran\u00edes disparando contra los manifestantes durante los disturbios.<\/p>\n<p>Trump dijo a Politico el s\u00e1bado que \u00abes hora de buscar un nuevo liderazgo en Ir\u00e1n\u00bb, despu\u00e9s de leer una serie de publicaciones hostiles de la cuenta X de Khamenei acusando al presidente de responsabilidad por la violencia.<\/p>\n<p>\u00abDe lo que es culpable, como l\u00edder de un pa\u00eds, es de la destrucci\u00f3n total del pa\u00eds y del uso de violencia a niveles nunca antes vistos\u00bb, dijo Trump, seg\u00fan Politico. \u00abEl liderazgo se trata de respeto, no de miedo y muerte\u00bb.<\/p>\n<p><strong>EL MAYOR GENERAL IR\u00c1N AMENAZA CON &#39;CORTAR&#39; LA MANO DE TRUMP SOBRE POSIBLES ATAQUES MILITARES<\/strong><\/p>\n<div class=\"image-ct inline\">\n<div class=\"m\"><picture><source media=\"(max-width: 767px)\" srcset=\"https:\/\/a57.foxnews.com\/static.foxnews.com\/foxnews.com\/content\/uploads\/2026\/01\/343\/192\/trump-looks-southern-boulevard-dedication-ceremony-.jpg?ve=1&amp;tl=1, https:\/\/a57.foxnews.com\/static.foxnews.com\/foxnews.com\/content\/uploads\/2026\/01\/686\/384\/trump-looks-southern-boulevard-dedication-ceremony-.jpg?ve=1&amp;tl=1 2x\" height=\"192\" width=\"343\"><source media=\"(min-width: 768px) and (max-width: 1023px)\" srcset=\"https:\/\/a57.foxnews.com\/static.foxnews.com\/foxnews.com\/content\/uploads\/2026\/01\/672\/378\/trump-looks-southern-boulevard-dedication-ceremony-.jpg?ve=1&amp;tl=1, https:\/\/a57.foxnews.com\/static.foxnews.com\/foxnews.com\/content\/uploads\/2026\/01\/1344\/756\/trump-looks-southern-boulevard-dedication-ceremony-.jpg?ve=1&amp;tl=1 2x\" height=\"378\" width=\"672\"><source media=\"(min-width: 1024px) and (max-width: 1279px)\" srcset=\"https:\/\/a57.foxnews.com\/static.foxnews.com\/foxnews.com\/content\/uploads\/2026\/01\/931\/523\/trump-looks-southern-boulevard-dedication-ceremony-.jpg?ve=1&amp;tl=1, https:\/\/a57.foxnews.com\/static.foxnews.com\/foxnews.com\/content\/uploads\/2026\/01\/1862\/1046\/trump-looks-southern-boulevard-dedication-ceremony-.jpg?ve=1&amp;tl=1 2x\" height=\"523\" width=\"931\"><source media=\"(min-width: 1280px)\" srcset=\"https:\/\/a57.foxnews.com\/static.foxnews.com\/foxnews.com\/content\/uploads\/2026\/01\/720\/405\/trump-looks-southern-boulevard-dedication-ceremony-.jpg?ve=1&amp;tl=1, https:\/\/a57.foxnews.com\/static.foxnews.com\/foxnews.com\/content\/uploads\/2026\/01\/1440\/810\/trump-looks-southern-boulevard-dedication-ceremony-.jpg?ve=1&amp;tl=1 2x\" height=\"405\" width=\"720\"><img loading=\"lazy\" decoding=\"async\" src=\"https:\/\/a57.foxnews.com\/static.foxnews.com\/foxnews.com\/content\/uploads\/2026\/01\/1200\/675\/trump-looks-southern-boulevard-dedication-ceremony-.jpg?ve=1&amp;tl=1\" alt=\"Llega Donald Trump\" width=\"1200\" height=\"675\"\/><\/source><\/source><\/source><\/source><\/picture><\/div>\n<div class=\"info\">\n<div class=\"caption\">\n<p><span>El presidente Donald Trump ha dicho en los \u00faltimos d\u00edas que estaba analizando \u00abopciones muy fuertes\u00bb, incluida una posible participaci\u00f3n militar en Ir\u00e1n.<\/span> <span>(Julia Demaree Nikhinson\/Foto AP)<\/span><\/p>\n<\/div>\n<\/div>\n<\/div>\n<p>Trump fue m\u00e1s all\u00e1 en t\u00e9rminos personales y le dijo a Politico: \u00abEse hombre es un hombre enfermo que deber\u00eda gobernar su pa\u00eds adecuadamente y dejar de matar gente\u00bb.<\/p>\n<p>\u00abSu pa\u00eds es el peor lugar para vivir en cualquier parte del mundo debido a un liderazgo deficiente\u00bb, a\u00f1adi\u00f3 Trump.<\/p>\n<p>Trump ha instado anteriormente a los iran\u00edes a continuar protestando y \u00abtomar el control de las instituciones\u00bb, diciendo que \u00abla ayuda est\u00e1 en camino\u00bb, seg\u00fan Politico. El presidente dijo m\u00e1s tarde que le hab\u00edan informado que las matanzas hab\u00edan cesado.<\/p>\n<p>\u00abLa mejor decisi\u00f3n que tom\u00f3 fue no ahorcar a m\u00e1s de 800 personas hace dos d\u00edas\u00bb, dijo Trump a Politico, cuando se le pregunt\u00f3 sobre el alcance de una posible acci\u00f3n militar estadounidense.<\/p>\n<div class=\"image-ct inline\">\n<div class=\"m\"><picture><source media=\"(max-width: 767px)\" srcset=\"https:\/\/a57.foxnews.com\/static.foxnews.com\/foxnews.com\/content\/uploads\/2026\/01\/343\/192\/iran-protests-israel.jpg?ve=1&amp;tl=1, https:\/\/a57.foxnews.com\/static.foxnews.com\/foxnews.com\/content\/uploads\/2026\/01\/686\/384\/iran-protests-israel.jpg?ve=1&amp;tl=1 2x\" height=\"192\" width=\"343\"><source media=\"(min-width: 768px) and (max-width: 1023px)\" srcset=\"https:\/\/a57.foxnews.com\/static.foxnews.com\/foxnews.com\/content\/uploads\/2026\/01\/672\/378\/iran-protests-israel.jpg?ve=1&amp;tl=1, https:\/\/a57.foxnews.com\/static.foxnews.com\/foxnews.com\/content\/uploads\/2026\/01\/1344\/756\/iran-protests-israel.jpg?ve=1&amp;tl=1 2x\" height=\"378\" width=\"672\"><source media=\"(min-width: 1024px) and (max-width: 1279px)\" srcset=\"https:\/\/a57.foxnews.com\/static.foxnews.com\/foxnews.com\/content\/uploads\/2026\/01\/931\/523\/iran-protests-israel.jpg?ve=1&amp;tl=1, https:\/\/a57.foxnews.com\/static.foxnews.com\/foxnews.com\/content\/uploads\/2026\/01\/1862\/1046\/iran-protests-israel.jpg?ve=1&amp;tl=1 2x\" height=\"523\" width=\"931\"><source media=\"(min-width: 1280px)\" srcset=\"https:\/\/a57.foxnews.com\/static.foxnews.com\/foxnews.com\/content\/uploads\/2026\/01\/720\/405\/iran-protests-israel.jpg?ve=1&amp;tl=1, https:\/\/a57.foxnews.com\/static.foxnews.com\/foxnews.com\/content\/uploads\/2026\/01\/1440\/810\/iran-protests-israel.jpg?ve=1&amp;tl=1 2x\" height=\"405\" width=\"720\"><img loading=\"lazy\" decoding=\"async\" src=\"https:\/\/a57.foxnews.com\/static.foxnews.com\/foxnews.com\/content\/uploads\/2026\/01\/1200\/675\/iran-protests-israel.jpg?ve=1&amp;tl=1\" alt=\"Mujer quema una fotograf\u00eda del dictador de Ir\u00e1n durante una protesta\" width=\"1200\" height=\"675\"\/><\/source><\/source><\/source><\/source><\/picture><\/div>\n<div class=\"info\">\n<div class=\"caption\">\n<p><span>Los manifestantes queman un cartel que representa al l\u00edder supremo de Ir\u00e1n, el ayatol\u00e1 Ali Jamenei, durante una manifestaci\u00f3n en apoyo de las protestas antigubernamentales en Ir\u00e1n, en Holon, Israel, el mi\u00e9rcoles 14 de enero de 2026. <\/span> <span>(Foto AP\/Ohad Zwigenberg)<\/span><\/p>\n<\/div>\n<\/div>\n<\/div>\n<p>En una serie de publicaciones en X posts, Jamenei acus\u00f3 a Trump de responsabilidad por la violencia y escribi\u00f3: \u00abConsideramos que el presidente de Estados Unidos es culpable debido a las bajas, los da\u00f1os y las calumnias que infligi\u00f3 a la naci\u00f3n iran\u00ed\u00bb.<\/p>\n<p>En otra publicaci\u00f3n, Jamenei afirm\u00f3 que \u00abel objetivo de Estados Unidos es devorar a Ir\u00e1n\u00bb.<\/p>\n<p><strong>HAGA CLIC AQU\u00cd PARA DESCARGAR LA APLICACI\u00d3N FOX NEWS<\/strong><\/p>\n<p>Trump ha dicho en los \u00faltimos d\u00edas que estaba analizando \u00abopciones muy s\u00f3lidas\u00bb, incluida una posible participaci\u00f3n militar.<\/p>\n<p>El Departamento de Estado no respondi\u00f3 de inmediato a la solicitud de comentarios de Fox News Digital.<\/p>\n<p> <!----> <\/p>\n<div class=\"article-meta\">\n<div class=\"author-bio\">\n<p>Jasmine Baehr es redactora de noticias de \u00faltima hora para Fox News Digital, donde cubre pol\u00edtica, el ej\u00e9rcito, la fe y la cultura.<\/p>\n<\/div>\n<\/div>\n<\/div>\n\n","protected":false},"excerpt":{"rendered":"<p>NUEVO\u00a1Ahora puedes escuchar los art\u00edculos de Fox News! El l\u00edder supremo de Ir\u00e1n ha reconocido p\u00fablicamente por primera vez que miles de personas murieron durante las recientes protestas antigubernamentales, seg\u00fan un informe de la BBC, mientras el presidente Donald Trump intensificaba su ret\u00f3rica y ped\u00eda un nuevo liderazgo en Ir\u00e1n. El ayatol\u00e1 Ali Jamenei hizo &hellip;<\/p>\n","protected":false},"author":1,"featured_media":55961,"comment_status":"open","ping_status":"open","sticky":false,"template":"","format":"standard","meta":{"fifu_image_url":"https:\/\/static.foxnews.com\/foxnews.com\/content\/uploads\/2025\/06\/trump-iran-stern-1.jpg","fifu_image_alt":"","footnotes":""},"categories":[13],"tags":[],"class_list":["post-55959","post","type-post","status-publish","format-standard","has-post-thumbnail","","category-mundo"],"_links":{"self":[{"href":"https:\/\/noticiasveraces.com\/index.php?rest_route=\/wp\/v2\/posts\/55959","targetHints":{"allow":["GET"]}}],"collection":[{"href":"https:\/\/noticiasveraces.com\/index.php?rest_route=\/wp\/v2\/posts"}],"about":[{"href":"https:\/\/noticiasveraces.com\/index.php?rest_route=\/wp\/v2\/types\/post"}],"author":[{"embeddable":true,"href":"https:\/\/noticiasveraces.com\/index.php?rest_route=\/wp\/v2\/users\/1"}],"replies":[{"embeddable":true,"href":"https:\/\/noticiasveraces.com\/index.php?rest_route=%2Fwp%2Fv2%2Fcomments&post=55959"}],"version-history":[{"count":0,"href":"https:\/\/noticiasveraces.com\/index.php?rest_route=\/wp\/v2\/posts\/55959\/revisions"}],"wp:featuredmedia":[{"embeddable":true,"href":"https:\/\/noticiasveraces.com\/index.php?rest_route=\/wp\/v2\/media\/55961"}],"wp:attachment":[{"href":"https:\/\/noticiasveraces.com\/index.php?rest_route=%2Fwp%2Fv2%2Fmedia&parent=55959"}],"wp:term":[{"taxonomy":"category","embeddable":true,"href":"https:\/\/noticiasveraces.com\/index.php?rest_route=%2Fwp%2Fv2%2Fcategories&post=55959"},{"taxonomy":"post_tag","embeddable":true,"href":"https:\/\/noticiasveraces.com\/index.php?rest_route=%2Fwp%2Fv2%2Ftags&post=55959"}],"curies":[{"name":"wp","href":"https:\/\/api.w.org\/{rel}","templated":true}]}}