{"id":55944,"date":"2026-01-17T19:37:13","date_gmt":"2026-01-17T23:37:13","guid":{"rendered":"https:\/\/noticiasveraces.com\/?p=55944"},"modified":"2026-01-17T19:37:13","modified_gmt":"2026-01-17T23:37:13","slug":"por-que-anularon-la-novena-etapa-de-la-vuelta-al-tachira","status":"publish","type":"post","link":"https:\/\/noticiasveraces.com\/?p=55944","title":{"rendered":"\u00bfPor qu\u00e9 anularon la novena etapa de la Vuelta al T\u00e1chira?"},"content":{"rendered":"<p> \n<\/p>\n<div>\n<article>\n<div class=\"image-featured\">\n<img src=\"data:image\/png;base64,iVBORw0KGgoAAAANSUhEUgAABQAAAAM0AQAAAADMpLLbAAAAAnRSTlMAAHaTzTgAAACXSURBVHja7cEBDQAAAMKg909tDjegAAAAAAAAAAAAAAAAAAAAAAAAAAAAAAAAAAAAAAAAAAAAAAAAAAAAAAAAAAAAAAAAAAAAAAAAAAAAAAAAAAAAAAAAAAAAAAAAAAAAAAAAAAAAAAAAAAAAAAAAAAAAAAAAAAAAAAAAAAAAAAAAAAAAAAAAAAAAAAAAAAAAAAAAAIBHAwPSAAE+faf2AAAAAElFTkSuQmCC\" alt=\"Vuelta-al-T\u00e1chira\" data-src=\"https:\/\/elnacional-uploads.nyc3.digitaloceanspaces.com\/wp-content\/uploads\/2026\/01\/17192004\/Vuelta-al-Tachira-1280x820.jpg\" decoding=\"async\" class=\"lazyload\" data-eio-rwidth=\"1280\" data-eio-rheight=\"820\"\/><img decoding=\"async\" src=\"https:\/\/elnacional-uploads.nyc3.digitaloceanspaces.com\/wp-content\/uploads\/2026\/01\/17192004\/Vuelta-al-Tachira-1280x820.jpg\" alt=\"Vuelta-al-T\u00e1chira\" data-eio=\"l\"\/><figcaption>Vuelta al T\u00e1chira 2026: anularon la novena etapa. Foto: Instagram  @luistato15<\/figcaption><\/div>\n<p><strong>El comit\u00e9 organizador de la Vuelta al T\u00e1chira en bicicleta inform\u00f3 este s\u00e1bado que la novena etapa de la competici\u00f3n ha sido anulada<\/strong>por lo que tanto la clasificaci\u00f3n general como las dem\u00e1s se mantienen igual que el viernes.<\/p>\n<p>En la cuenta de Instagram de la Vuelta al T\u00e1chira,<strong> el comit\u00e9 explic\u00f3 que hubo un cambio en el circuito de la novena fracci\u00f3n, a \u00abpetici\u00f3n de los ciclistas\u00bb,<\/strong> pero que en \u00abpleno desarrollo\u00bb de la misma uno de ellos se cay\u00f3 y los dem\u00e1s \u00abdecidieron pararse\u00bb.<\/p>\n<p><strong>\u00abLos corredores se paran y no quieren seguir. Queda anulada la etapa nueve. Quedamos como quedamos en la etapa ocho, con los mismos l\u00edderes\u00bb<\/strong>se\u00f1al\u00f3 en un video el comisario director de la carrera ciclista, Jos\u00e9 Manuel Zavala.<\/p>\n<p>El medio local<em> La Voz del T\u00e1chira<\/em> precis\u00f3 en su cuenta de Instagram que el \u00abmal estado de las v\u00edas\u00bb en el municipio Jun\u00edn, en el estado T\u00e1chira (oeste), motiv\u00f3 a los ciclistas a tomar la decisi\u00f3n de no competir.<\/p>\n<p>De este modo, el venezolano Jorge Abreu mantiene el liderato de la clasificaci\u00f3n general, con un tiempo acumulado de 33 horas, 39 minutos y 55 segundos, tras la octava etapa. Le sigue Diego M\u00e9ndez, a 2 minutos y 19 segundos de diferencia.<\/p>\n<p>El podio, por ahora, lo cierra el venezolano Wiston Maestre, quien se sit\u00faa a 2 minutos y 46 segundos.<\/p>\n<p>Este domingo se disputar\u00e1 la d\u00e9cima y \u00faltima etapa, que tendr\u00e1 un recorrido de 99,3 kil\u00f3metros en las ciudades Ure\u00f1a y San Crist\u00f3bal.<\/p>\n<p>Clasificaci\u00f3n general de la Vuelta al T\u00e1chira<\/p>\n<p>.1. Jorge Abreu (Fina Arroz CES Multimarcas) 33h39:55<\/p>\n<p>.2. Diego M\u00e9ndez (Loter\u00eda del T\u00e1chira Servitel) a 2:19<\/p>\n<p>.3. Wiston Maestre (Loter\u00eda del T\u00e1chira Servitel) a 2:46<\/p>\n<p>.3. Brandon Rojas (GW Erco Sportfitness) a 3:17<\/p>\n<p>.5. Carlos G\u00e1lviz (Polit\u00e1chira Heidy Lee Sport TVN Norte) y 3:41.<\/p>\n<\/article>\n<\/div>\n\n","protected":false},"excerpt":{"rendered":"<p>Vuelta al T\u00e1chira 2026: anularon la novena etapa. Foto: Instagram @luistato15 El comit\u00e9 organizador de la Vuelta al T\u00e1chira en bicicleta inform\u00f3 este s\u00e1bado que la novena etapa de la competici\u00f3n ha sido anuladapor lo que tanto la clasificaci\u00f3n general como las dem\u00e1s se mantienen igual que el viernes. En la cuenta de Instagram de &hellip;<\/p>\n","protected":false},"author":1,"featured_media":55945,"comment_status":"open","ping_status":"open","sticky":false,"template":"","format":"standard","meta":{"fifu_image_url":"https:\/\/elnacional-uploads.nyc3.digitaloceanspaces.com\/wp-content\/uploads\/2026\/01\/17192004\/Vuelta-al-Tachira.jpg","fifu_image_alt":"","footnotes":""},"categories":[13],"tags":[],"class_list":["post-55944","post","type-post","status-publish","format-standard","has-post-thumbnail","","category-mundo"],"_links":{"self":[{"href":"https:\/\/noticiasveraces.com\/index.php?rest_route=\/wp\/v2\/posts\/55944","targetHints":{"allow":["GET"]}}],"collection":[{"href":"https:\/\/noticiasveraces.com\/index.php?rest_route=\/wp\/v2\/posts"}],"about":[{"href":"https:\/\/noticiasveraces.com\/index.php?rest_route=\/wp\/v2\/types\/post"}],"author":[{"embeddable":true,"href":"https:\/\/noticiasveraces.com\/index.php?rest_route=\/wp\/v2\/users\/1"}],"replies":[{"embeddable":true,"href":"https:\/\/noticiasveraces.com\/index.php?rest_route=%2Fwp%2Fv2%2Fcomments&post=55944"}],"version-history":[{"count":0,"href":"https:\/\/noticiasveraces.com\/index.php?rest_route=\/wp\/v2\/posts\/55944\/revisions"}],"wp:featuredmedia":[{"embeddable":true,"href":"https:\/\/noticiasveraces.com\/index.php?rest_route=\/wp\/v2\/media\/55945"}],"wp:attachment":[{"href":"https:\/\/noticiasveraces.com\/index.php?rest_route=%2Fwp%2Fv2%2Fmedia&parent=55944"}],"wp:term":[{"taxonomy":"category","embeddable":true,"href":"https:\/\/noticiasveraces.com\/index.php?rest_route=%2Fwp%2Fv2%2Fcategories&post=55944"},{"taxonomy":"post_tag","embeddable":true,"href":"https:\/\/noticiasveraces.com\/index.php?rest_route=%2Fwp%2Fv2%2Ftags&post=55944"}],"curies":[{"name":"wp","href":"https:\/\/api.w.org\/{rel}","templated":true}]}}