{"id":55899,"date":"2026-01-17T09:15:44","date_gmt":"2026-01-17T13:15:44","guid":{"rendered":"https:\/\/noticiasveraces.com\/?p=55899"},"modified":"2026-01-17T09:15:44","modified_gmt":"2026-01-17T13:15:44","slug":"la-mayoria-sigue-hablando-bien-de-julio-iglesias-en-ojen-el-pueblo-de-malaga-donde-tiene-una-mansion-sociedad","status":"publish","type":"post","link":"https:\/\/noticiasveraces.com\/?p=55899","title":{"rendered":"La mayor\u00eda sigue hablando bien de Julio Iglesias en Oj\u00e9n, el pueblo de M\u00e1laga donde tiene una mansi\u00f3n | Sociedad"},"content":{"rendered":"<p> \n<\/p>\n<div data-dtm-region=\"articulo_cuerpo\">\n<p class=\"\">A finales de los a\u00f1os 90 el peque\u00f1o hotel El Refugio de Juanar, ubicado en Oj\u00e9n (M\u00e1laga, 4.755 habitantes) recibi\u00f3 una ilustre visita. El empresario Salvador Guerrero hab\u00eda invitado a Julio Iglesias y en el establecimiento les reservaron un peque\u00f1o sal\u00f3n privado. Sobre la mesa sirvieron varios entrantes, adem\u00e1s de platos t\u00edpicos de la zona como cochifrito \u2014cochinillo frito\u2014 o perdiz en escabeche. Tras el almuerzo el artista pas\u00f3 por el comedor p\u00fablico y salud\u00f3 a todas las personas que estaban all\u00ed, una a una. \u201cA la mayor\u00eda de mujeres les daba dos besos en la cara, pero a las m\u00e1s j\u00f3venes le daba un beso en la boca\u201d recuerda Jos\u00e9 G\u00f3mez, hoy con 79 a\u00f1os y que entonces dirig\u00eda el alojamiento. \u201cTambi\u00e9n bes\u00f3 a los hombres\u201d, subraya quien hoy vive en un sencillo piso del pueblo y tiene buen recuerdo de aquel d\u00eda. \u201cFue simp\u00e1tico, gracioso y amable\u201d, destaca G\u00f3mez con un mandil verde puesto para cocinar. <\/p>\n<p class=\"\">La an\u00e9cdota es una de las muchas que guardan los residentes de este bonito pueblo blanco a escasos cinco minutos de Marbella. Iglesias acababa entonces de comprar una parcela de 40.000 metros cuadrados para construir una enorme casa en t\u00e9rmino municipal de Oj\u00e9n, a la que luego a\u00f1adi\u00f3 otros 55.000 metros cuadrados m\u00e1s al adquirir la finca del torero Curro Romero por unos 300 millones de pesetas \u201418 millones de euros\u2014 seg\u00fan contaba la agencia EFE en el a\u00f1o 2000. Se convirti\u00f3 en el vecino m\u00e1s internacional, aunque en realidad la propiedad \u2014denominada Las cuatro lunas\u2014 est\u00e1 en la urbanizaci\u00f3n La Mairena, a 25 kil\u00f3metros del casco urbano por autov\u00eda o 13 por un laberinto de caminos de tierra del que solo los locales saben salir. Sus muros de cuatro metros est\u00e1n repletos de c\u00e1maras de seguridad y la privacidad es m\u00e1xima. Quienes m\u00e1s visitan la residencia, por temporadas y de manera asidua, son dos de sus hijas, las gemelas Cristina y Victoria, como hicieron este \u00faltimo verano. <\/p>\n<figure class=\"a_m a_m-h \"><span class=\"_db a_m_w _pr lb_btn\"><img decoding=\"auto\" class=\"_re lazyload a_m-h\" height=\"277\" srcset=\"https:\/\/imagenes.elpais.com\/resizer\/v2\/IZCFPM4DM5HWHBLCECHM3KK6XE.jpg?auth=e739e98cfcda7056ccd33379a3e0d3384539644a3e16a4a30fed2498a5873fff&amp;width=414 414w,https:\/\/imagenes.elpais.com\/resizer\/v2\/IZCFPM4DM5HWHBLCECHM3KK6XE.jpg?auth=e739e98cfcda7056ccd33379a3e0d3384539644a3e16a4a30fed2498a5873fff&amp;width=828 640w,https:\/\/imagenes.elpais.com\/resizer\/v2\/IZCFPM4DM5HWHBLCECHM3KK6XE.jpg?auth=e739e98cfcda7056ccd33379a3e0d3384539644a3e16a4a30fed2498a5873fff&amp;width=980 1000w,https:\/\/imagenes.elpais.com\/resizer\/v2\/IZCFPM4DM5HWHBLCECHM3KK6XE.jpg?auth=e739e98cfcda7056ccd33379a3e0d3384539644a3e16a4a30fed2498a5873fff&amp;width=1960 1960w\" width=\"414\" sizes=\"auto, (min-width:1199px) 1155px,(min-width:1001px) calc(100vw - 44px),(min-width:768px) 767px, 100vw\" src=\"https:\/\/imagenes.elpais.com\/resizer\/v2\/IZCFPM4DM5HWHBLCECHM3KK6XE.jpg?auth=e739e98cfcda7056ccd33379a3e0d3384539644a3e16a4a30fed2498a5873fff&amp;width=414\" loading=\"lazy\"\/><svg aria-hidden=\"true\" class=\"icon_multimedia_ampliar | _pa a_m_i a_m_i-a _dn\" viewbox=\"0 0 40 40\"><use xlink:href=\"#svg-ampliar\"\/><\/svg><\/span><figcaption class=\"a_m_p\" aria-hidden=\"true\"><span>Interior del Bar Cafeter\u00eda Oj\u00e9n, en el centro del pueblo.<\/span><span class=\"a_m_m\">\u00c1lvaro Cabrera<\/span><\/figcaption><\/figure>\n<p class=\"\">La denuncia por agresi\u00f3n sexual y acoso contra Julio Iglesias por parte de dos exempleadas, adelantadas por <i>elDiario<\/i> y <i>Univisi\u00f3n, <\/i>son el tema del d\u00eda en las tiendas, plazas y bares de Oj\u00e9n desde el mismo momento en el que se public\u00f3 la noticia. <\/p>\n<p class=\"\">En Oj\u00e9n, la mayor\u00eda prefiere guardar silencio sobre este asunto. Relatan alguna an\u00e9cdota y reconocen el papel que el artista ha tenido para que el pueblo se d\u00e9 a conocer. \u201cEs nuestro mejor embajador\u201d, sostiene Jos\u00e9 Antonio G\u00f3mez, que fue alcalde de Oj\u00e9n entre 2007 y 2019, quien nada m\u00e1s llegar al cargo recibi\u00f3 una llamada del entorno de Julio Iglesias para citarle a visitar la casa. \u201cPidi\u00f3 que nos vi\u00e9ramos como hab\u00eda hecho con mis antecesores. Est\u00e1 claro que no es un vecino normal, pero nunca ha tenido un trato especial, ni ha pedido nada extraordinario o ha dado alg\u00fan problema. Lo \u00fanico que quer\u00eda era estar tranquilo\u201d, se\u00f1ala quien quiso poner el nombre del artista a la Casa de la Cultura e inici\u00f3 el procedimiento para nombrarle Hijo Predilecto en el a\u00f1o 2020, pero el cantante le solicit\u00f3 retrasarlo por motivos de salud. G\u00f3mez pide \u201ccautela\u201d ante las denuncias, que el artista, de 82 a\u00f1os, ha negado en un comunicado. Las dos extrabajadoras que le han denunciado van a declarar en la Fiscal\u00eda de la Audiencia Nacional como testigos protegidas tras presentar una denuncia por los delitos de agresi\u00f3n sexual y trata de seres humanos, entre otros. Los hechos se enmarcan en 2021, cuando la m\u00e1s joven de las denunciantes ten\u00eda 22 a\u00f1os. Seg\u00fan la investigaci\u00f3n de <i>elDiario.es<\/i> y <i>Univisi\u00f3n<\/i>Iglesias impon\u00eda a sus empleadas pruebas de VIH, hepatitis, clamidia y revisiones ginecol\u00f3gicas.<\/p>\n<p class=\"\">En el restaurante Pica\u2019s de Oj\u00e9n la televisi\u00f3n mostraba este viernes uno de los matinales que analizaban la situaci\u00f3n ante la pasiva mirada de un par de vecinos. Alba, la camarera que les atend\u00eda, explicaba que todo el mundo ha opinado de lo ocurrido. \u201cHe escuchado barbaridades\u201d, subrayaba, sin dar m\u00e1s detalles por lo que considera el secreto profesional de trabajar tras una barra. \u201cPero la mayor\u00eda le defiende\u201d, afirmaba. Ya en la puerta, Mar\u00eda, una joven del pueblo, explicaba que el artista tiene muy buena imagen en Oj\u00e9n y que \u201ces dif\u00edcil que alguien hable mal de \u00e9l\u201d. <\/p>\n<figure class=\"a_m a_m-h \"><span class=\"_db a_m_w _pr lb_btn\"><img decoding=\"auto\" class=\"_re lazyload a_m-h\" height=\"277\" srcset=\"https:\/\/imagenes.elpais.com\/resizer\/v2\/K6FCMGAIBVBFRH2TPLVWHHWO5U.jpg?auth=544cdf7dfd7462add9a62e43f6c01985dfb7be1b2e3fd1f0f15c51cb5cf44a0c&amp;width=414 414w,https:\/\/imagenes.elpais.com\/resizer\/v2\/K6FCMGAIBVBFRH2TPLVWHHWO5U.jpg?auth=544cdf7dfd7462add9a62e43f6c01985dfb7be1b2e3fd1f0f15c51cb5cf44a0c&amp;width=828 640w,https:\/\/imagenes.elpais.com\/resizer\/v2\/K6FCMGAIBVBFRH2TPLVWHHWO5U.jpg?auth=544cdf7dfd7462add9a62e43f6c01985dfb7be1b2e3fd1f0f15c51cb5cf44a0c&amp;width=980 1000w,https:\/\/imagenes.elpais.com\/resizer\/v2\/K6FCMGAIBVBFRH2TPLVWHHWO5U.jpg?auth=544cdf7dfd7462add9a62e43f6c01985dfb7be1b2e3fd1f0f15c51cb5cf44a0c&amp;width=1960 1960w\" width=\"414\" sizes=\"auto, (min-width:1199px) 1155px,(min-width:1001px) calc(100vw - 44px),(min-width:768px) 767px, 100vw\" src=\"https:\/\/imagenes.elpais.com\/resizer\/v2\/K6FCMGAIBVBFRH2TPLVWHHWO5U.jpg?auth=544cdf7dfd7462add9a62e43f6c01985dfb7be1b2e3fd1f0f15c51cb5cf44a0c&amp;width=414\" loading=\"lazy\"\/><svg aria-hidden=\"true\" class=\"icon_multimedia_ampliar | _pa a_m_i a_m_i-a _dn\" viewbox=\"0 0 40 40\"><use xlink:href=\"#svg-ampliar\"\/><\/svg><\/span><figcaption class=\"a_m_p\" aria-hidden=\"true\"><span>Una calle del centro de Oj\u00e9n, pueblo pr\u00f3ximo a Marbella, M\u00e1laga, este mi\u00e9rcoles. <\/span><span class=\"a_m_m\">\u00c1lvaro Cabrera<\/span><\/figcaption><\/figure>\n<p class=\"\"><b>El pregonero m\u00e1s internacional<\/b><\/p>\n<p class=\"\">M\u00e1s abajo, en el bar cafeter\u00eda Oj\u00e9n, una decena de hombres charlaba con cerveza o vasos de vino dulce sobre la mesa. En las paredes, una bandera del municipio y otra de Espa\u00f1a, as\u00ed como un cartel bien grande: \u201cSe rifa un jam\u00f3n ib\u00e9rico etiqueta negra\u201d. Varias mujeres se afanaban en la cocina. Los vecinos recalcan que Iglesias apenas ha pasado alguna vez por el pueblo para comer en el restaurante del polideportivo con las autoridades locales. La mayor\u00eda, eso s\u00ed, le recuerda del d\u00eda que ofreci\u00f3 el preg\u00f3n de la Feria de Oj\u00e9n en octubre 2002 (tambi\u00e9n lo hizo en la Feria de M\u00e1laga en 2004). Fue invitado por el entonces regidor, Francisco Manuel V\u00e1zquez, que destaca el revuelo que se levant\u00f3 aquel d\u00eda: \u201cVinieron televisiones de todas partes\u201d. <\/p>\n<p class=\"\">El personal que trabaja en la casa es poco conocido en Oj\u00e9n. Pocos saben alg\u00fan nombre y la mayor\u00eda indica que son personas contratadas por empresas en Marbella o que son del equipo de confianza de la familia Iglesias desde hace a\u00f1os. Eso s\u00ed, todos ponen nombre a quien ejerci\u00f3 de ch\u00f3fer para el cantante durante mucho tiempo, Juan, conocido como <i>Blanquito <\/i>porque su madre se apellidaba Blanco. Cuando Iglesias no estaba en M\u00e1laga, el trabajador le enviaba huevos de sus gallinas y productos de su huerta hasta Rep\u00fablica Dominicana. \u201cEra m\u00e1s caro el env\u00edo que el producto, pero como se lo ped\u00eda, pues \u00e9l mandaba el paquete y listo\u201d, sosten\u00eda otro vecino del pueblo. <\/p>\n<figure class=\"a_m a_m-h \"><span class=\"_db a_m_w _pr lb_btn\"><img decoding=\"auto\" class=\"_re lazyload a_m-h\" height=\"277\" srcset=\"https:\/\/imagenes.elpais.com\/resizer\/v2\/BRVEXPTXW5EV7I3NO46GBZ4CSY.jpg?auth=efed70cb24de931cc340e6ae55f5713cce97a65d2293f019458d681dc309c5a4&amp;width=414 414w,https:\/\/imagenes.elpais.com\/resizer\/v2\/BRVEXPTXW5EV7I3NO46GBZ4CSY.jpg?auth=efed70cb24de931cc340e6ae55f5713cce97a65d2293f019458d681dc309c5a4&amp;width=828 640w,https:\/\/imagenes.elpais.com\/resizer\/v2\/BRVEXPTXW5EV7I3NO46GBZ4CSY.jpg?auth=efed70cb24de931cc340e6ae55f5713cce97a65d2293f019458d681dc309c5a4&amp;width=980 1000w,https:\/\/imagenes.elpais.com\/resizer\/v2\/BRVEXPTXW5EV7I3NO46GBZ4CSY.jpg?auth=efed70cb24de931cc340e6ae55f5713cce97a65d2293f019458d681dc309c5a4&amp;width=1960 1960w\" width=\"414\" sizes=\"auto, (min-width:1199px) 1155px,(min-width:1001px) calc(100vw - 44px),(min-width:768px) 767px, 100vw\" src=\"https:\/\/imagenes.elpais.com\/resizer\/v2\/BRVEXPTXW5EV7I3NO46GBZ4CSY.jpg?auth=efed70cb24de931cc340e6ae55f5713cce97a65d2293f019458d681dc309c5a4&amp;width=414\" loading=\"lazy\"\/><svg aria-hidden=\"true\" class=\"icon_multimedia_ampliar | _pa a_m_i a_m_i-a _dn\" viewbox=\"0 0 40 40\"><use xlink:href=\"#svg-ampliar\"\/><\/svg><\/span><figcaption class=\"a_m_p\" aria-hidden=\"true\"><span>Vista de Oj\u00e9n.<\/span><span class=\"a_m_m\">\u00c1lvaro Cabrera<\/span><\/figcaption><\/figure>\n<p class=\"\">Los vecinos creen que Iglesias lleva a\u00f1os sin pasar por su casa en la Costa del Sol, donde se cas\u00f3 con Miranda Rijnsburger en el a\u00f1o 2010. Parte de su familia s\u00ed que pas\u00f3 all\u00ed el verano de 2020, marcado por las restricciones debido a la crisis sanitaria. Tambi\u00e9n lo hacen las gemelas Cristina y Victoria, dos de sus hijas, seg\u00fan ellas mismas contaron en sus redes sociales. Cristina, de hecho, mostraba su d\u00eda a d\u00eda con sus caballos, disfrutando de la piscina, sobre una peque\u00f1a moto o en el c\u00e9sped junto a unas espectaculares vistas sobre el litoral malague\u00f1o en pleno atardecer. \u201cWhere I want to be [d\u00f3nde quiero estar]\u201d escrib\u00eda en 2017 sobre la finca de Oj\u00e9n, la misma que lig\u00f3 a su padre con este peque\u00f1o pueblo malague\u00f1o.<\/p>\n<\/div>\n<p><script async src=\"\/\/www.instagram.com\/embed.js\"><\/script><br \/>\n<br \/>\n","protected":false},"excerpt":{"rendered":"<p>A finales de los a\u00f1os 90 el peque\u00f1o hotel El Refugio de Juanar, ubicado en Oj\u00e9n (M\u00e1laga, 4.755 habitantes) recibi\u00f3 una ilustre visita. El empresario Salvador Guerrero hab\u00eda invitado a Julio Iglesias y en el establecimiento les reservaron un peque\u00f1o sal\u00f3n privado. Sobre la mesa sirvieron varios entrantes, adem\u00e1s de platos t\u00edpicos de la zona &hellip;<\/p>\n","protected":false},"author":1,"featured_media":55900,"comment_status":"open","ping_status":"open","sticky":false,"template":"","format":"standard","meta":{"fifu_image_url":"https:\/\/imagenes.elpais.com\/resizer\/v2\/AYJTXUDFSRCYTGXEASALGPYK5Q.jpg?auth=77ce440cc3c9217a2c4be33e3e5ff91a41f4121a48f9a52738b2537375bbc869&width=1200","fifu_image_alt":"","footnotes":""},"categories":[11],"tags":[],"class_list":["post-55899","post","type-post","status-publish","format-standard","has-post-thumbnail","","category-viaje"],"_links":{"self":[{"href":"https:\/\/noticiasveraces.com\/index.php?rest_route=\/wp\/v2\/posts\/55899","targetHints":{"allow":["GET"]}}],"collection":[{"href":"https:\/\/noticiasveraces.com\/index.php?rest_route=\/wp\/v2\/posts"}],"about":[{"href":"https:\/\/noticiasveraces.com\/index.php?rest_route=\/wp\/v2\/types\/post"}],"author":[{"embeddable":true,"href":"https:\/\/noticiasveraces.com\/index.php?rest_route=\/wp\/v2\/users\/1"}],"replies":[{"embeddable":true,"href":"https:\/\/noticiasveraces.com\/index.php?rest_route=%2Fwp%2Fv2%2Fcomments&post=55899"}],"version-history":[{"count":0,"href":"https:\/\/noticiasveraces.com\/index.php?rest_route=\/wp\/v2\/posts\/55899\/revisions"}],"wp:featuredmedia":[{"embeddable":true,"href":"https:\/\/noticiasveraces.com\/index.php?rest_route=\/wp\/v2\/media\/55900"}],"wp:attachment":[{"href":"https:\/\/noticiasveraces.com\/index.php?rest_route=%2Fwp%2Fv2%2Fmedia&parent=55899"}],"wp:term":[{"taxonomy":"category","embeddable":true,"href":"https:\/\/noticiasveraces.com\/index.php?rest_route=%2Fwp%2Fv2%2Fcategories&post=55899"},{"taxonomy":"post_tag","embeddable":true,"href":"https:\/\/noticiasveraces.com\/index.php?rest_route=%2Fwp%2Fv2%2Ftags&post=55899"}],"curies":[{"name":"wp","href":"https:\/\/api.w.org\/{rel}","templated":true}]}}