{"id":55896,"date":"2026-01-17T07:28:41","date_gmt":"2026-01-17T11:28:41","guid":{"rendered":"https:\/\/noticiasveraces.com\/?p=55896"},"modified":"2026-01-17T07:28:41","modified_gmt":"2026-01-17T11:28:41","slug":"delcy-rodriguez-remodela-el-ejecutivo-venezolano-la-ong-foro-penal-certifica-100-excarcelaciones","status":"publish","type":"post","link":"https:\/\/noticiasveraces.com\/?p=55896","title":{"rendered":"Delcy Rodr\u00edguez remodela el Ejecutivo venezolano; la ONG Foro Penal certifica 100 excarcelaciones"},"content":{"rendered":"<p> \n<\/p>\n<div>\n<p>Miraflores y su nueva l\u00edder, Delcy Rodr\u00edguez, llevaron a cabo el primer baile de carteras del mandato que afronta la m\u00e1xima mandataria venezolana. En \u00e9l, la presidenta interina\u00a0anunci\u00f3 tres cambios ministeriales en las \u00e1reas de <strong>Transporte, Ecosocialismo y Comunicaci\u00f3n<\/strong>.<\/p>\n<p>Solamente once d\u00edas despu\u00e9s de asumir el liderazgo del pa\u00eds tras la captura de Nicol\u00e1s Maduro, Rodr\u00edguez inform\u00f3 sobre la designaci\u00f3n de <strong>Freddy \u00d1\u00e1\u00f1ez<\/strong> \u2013hasta ahora titular de Comunicaci\u00f3n e Informaci\u00f3n\u2013 como ministro para el Ecosocialismo,\u00a0en sustituci\u00f3n de An\u00edbal Coronado. <\/p>\n<p>A su vez, este \u00faltimo rot\u00f3 al cargo de ministro de Transporte. <\/p>\n<div class=\"em-video-wrapper m-em-video\" data-media-video-wbmz362864-f24-es-20260117=\"\" data-wrapper-video-player=\"\" data-show-hidden-video-player=\"WBMZ362864-F24-ES-20260117\" data-youtube-script=\"\">\n<div class=\"m-em-video__video\">\n<div class=\"o-em-consent \">\n<div class=\"o-em-consent__content\">\n<p class=\"o-em-consent__content__text\">Para mostrar este contenido de YouTube, debe autorizar las cookies de medici\u00f3n de audiencia y publicidad.<\/p>\n<p>        <button class=\"a-master-button a-master-button--dark\" data-action=\"accept\"><\/p>\n<p>            Aceptar<\/p>\n<p>  <svg class=\"a-svg a-svg--icon-check\">\n    <use xlink:href=\"http:\/\/www.france24.com\/build\/images\/svg\/sprite.17415c6ec01e4a8b145df03c806104d3.svg#icon-check\" href=\"http:\/\/www.france24.com\/build\/images\/svg\/sprite.17415c6ec01e4a8b145df03c806104d3.svg#icon-check\"\/>\n  <\/svg><br \/>\n        <\/button><br \/>\n        <button class=\"a-link\" data-action=\"manage\">Gestionar mis opciones<i class=\"a-svg a-svg--icon-edit\"\/><\/button>\n    <\/div>\n<\/div>\n<div class=\"o-em-adblock\" data-adblock-content=\"\">\n<div class=\"o-em-adblock__content\">\n<p class=\"o-em-adblock__content__text\">Una extensi\u00f3n de tu navegador parece estar bloqueando la carga del reproductor de video. Para poder ver este contenido, debes desactivarla en este sitio.<\/p>\n<p>            <button class=\"a-master-button a-master-button--dark\" data-action=\"reload\">Reintentar<\/button>\n    <\/div>\n<\/div>\n<figure class=\"m-item-image m-item-image--16x9 m-item-image--has-caption\">\n<picture class=\"a-picture a-picture--16x9\"><source type=\"image\/webp\" srcset=\"https:\/\/s.france24.com\/media\/display\/dca988dc-f27a-11f0-9828-005056bf30b7\/w:388\/p:16x9\/ES-20260115-163140-163453-CS.webp 388w,https:\/\/s.france24.com\/media\/display\/dca988dc-f27a-11f0-9828-005056bf30b7\/w:720\/p:16x9\/ES-20260115-163140-163453-CS.webp 720w,https:\/\/s.france24.com\/media\/display\/dca988dc-f27a-11f0-9828-005056bf30b7\/w:1024\/p:16x9\/ES-20260115-163140-163453-CS.webp 1024w\" sizes=\"(max-width: 639px) calc(100vw - 32px), (max-width: 1076px) calc(100vw - 44px), 850px\"><img fetchpriority=\"low\" decoding=\"async\" src=\"https:\/\/s.france24.com\/media\/display\/dca988dc-f27a-11f0-9828-005056bf30b7\/w:1024\/p:16x9\/ES-20260115-163140-163453-CS.jpg\" srcset=\"https:\/\/s.france24.com\/media\/display\/dca988dc-f27a-11f0-9828-005056bf30b7\/w:388\/p:16x9\/ES-20260115-163140-163453-CS.jpg 388w,https:\/\/s.france24.com\/media\/display\/dca988dc-f27a-11f0-9828-005056bf30b7\/w:720\/p:16x9\/ES-20260115-163140-163453-CS.jpg 720w,https:\/\/s.france24.com\/media\/display\/dca988dc-f27a-11f0-9828-005056bf30b7\/w:1024\/p:16x9\/ES-20260115-163140-163453-CS.jpg 1024w\" sizes=\"auto, (max-width: 639px) calc(100vw - 32px), (max-width: 1076px) calc(100vw - 44px), 850px\" width=\"1024\" height=\"576\" alt=\"\" loading=\"lazy\" class=\"a-img \"\/><br \/>\n<\/source><\/picture><figcaption class=\"a-figcaption\">\n                                <span>\u00a9 Francia 24<\/span>            <\/figcaption><\/figure>\n<\/p><\/div>\n<\/p><\/div>\n<p>En cuanto a la vacante que ocupaba \u00d1\u00e1\u00f1ez al frente de la comunicaci\u00f3n de Miraflores, ahora la llevar\u00e1 a cabo el fil\u00f3sofo <strong>Miguel \u00c1ngel P\u00e9rez Pirela<\/strong>.  <\/p>\n<p>Otros cambios anunciados previamente tambi\u00e9n incluyen el nombramiento como ministro del Despacho de la Presidencia al capit\u00e1n Juan Escalona, antiguo miembro del equipo de seguridad del presidente Nicol\u00e1s Maduro.<\/p>\n<p>En el \u00e1rea de Econom\u00eda Sectorial destac\u00f3 el nombramiento a vicepresidente Calixto Ortega, quien fue presidente del Banco Central de Venezuela hasta mediados de 2025. <\/p>\n<h2><strong>Reuni\u00f3n con la CIA<\/strong><\/h2>\n<p>Rodr\u00edguez ya avis\u00f3 que iniciar\u00eda un proceso \u00abexploratorio\u00bb para retomar relaciones con Estados Unidos. Para empezar, ya pact\u00f3 el env\u00edo de millones de barriles de crudo hacia EE. UU. para su comercializaci\u00f3n y abri\u00f3 la industria petrolera a la inversi\u00f3n extranjera con el impulso de la Administraci\u00f3n que encabeza Donald Trump.<\/p>\n<p>Pero esta semana dio un paso m\u00e1s all\u00e1. En una informaci\u00f3n que adelant\u00f3 The New York Times, Delcy Rodr\u00edguez recibi\u00f3 en Caracas la visita del director de la CIA,\u00a0John Ratcliffe.<\/p>\n<div class=\"em-video-wrapper m-em-video\" data-media-video-wbmz362867-f24-es-20260117=\"\" data-wrapper-video-player=\"\" data-show-hidden-video-player=\"WBMZ362867-F24-ES-20260117\" data-youtube-script=\"\">\n<div class=\"m-em-video__video\">\n<div class=\"o-em-consent \">\n<div class=\"o-em-consent__content\">\n<p class=\"o-em-consent__content__text\">Para mostrar este contenido de YouTube, debe autorizar las cookies de medici\u00f3n de audiencia y publicidad.<\/p>\n<p>        <button class=\"a-master-button a-master-button--dark\" data-action=\"accept\"><\/p>\n<p>            Aceptar<\/p>\n<p>  <svg class=\"a-svg a-svg--icon-check\">\n    <use xlink:href=\"http:\/\/www.france24.com\/build\/images\/svg\/sprite.17415c6ec01e4a8b145df03c806104d3.svg#icon-check\" href=\"http:\/\/www.france24.com\/build\/images\/svg\/sprite.17415c6ec01e4a8b145df03c806104d3.svg#icon-check\"\/>\n  <\/svg><br \/>\n        <\/button><br \/>\n        <button class=\"a-link\" data-action=\"manage\">Gestionar mis opciones<i class=\"a-svg a-svg--icon-edit\"\/><\/button>\n    <\/div>\n<\/div>\n<div class=\"o-em-adblock\" data-adblock-content=\"\">\n<div class=\"o-em-adblock__content\">\n<p class=\"o-em-adblock__content__text\">Una extensi\u00f3n de tu navegador parece estar bloqueando la carga del reproductor de video. Para poder ver este contenido, debes desactivarla en este sitio.<\/p>\n<p>            <button class=\"a-master-button a-master-button--dark\" data-action=\"reload\">Reintentar<\/button>\n    <\/div>\n<\/div>\n<figure class=\"m-item-image m-item-image--16x9 m-item-image--has-caption\">\n<picture class=\"a-picture a-picture--16x9\"><source type=\"image\/webp\" srcset=\"https:\/\/s.france24.com\/media\/display\/6e775f3c-f30c-11f0-b436-005056bf30b7\/w:388\/p:16x9\/ES-20260116-124255-124624-CS.webp 388w,https:\/\/s.france24.com\/media\/display\/6e775f3c-f30c-11f0-b436-005056bf30b7\/w:720\/p:16x9\/ES-20260116-124255-124624-CS.webp 720w,https:\/\/s.france24.com\/media\/display\/6e775f3c-f30c-11f0-b436-005056bf30b7\/w:1024\/p:16x9\/ES-20260116-124255-124624-CS.webp 1024w\" sizes=\"(max-width: 639px) calc(100vw - 32px), (max-width: 1076px) calc(100vw - 44px), 850px\"><img fetchpriority=\"low\" decoding=\"async\" src=\"https:\/\/s.france24.com\/media\/display\/6e775f3c-f30c-11f0-b436-005056bf30b7\/w:1024\/p:16x9\/ES-20260116-124255-124624-CS.jpg\" srcset=\"https:\/\/s.france24.com\/media\/display\/6e775f3c-f30c-11f0-b436-005056bf30b7\/w:388\/p:16x9\/ES-20260116-124255-124624-CS.jpg 388w,https:\/\/s.france24.com\/media\/display\/6e775f3c-f30c-11f0-b436-005056bf30b7\/w:720\/p:16x9\/ES-20260116-124255-124624-CS.jpg 720w,https:\/\/s.france24.com\/media\/display\/6e775f3c-f30c-11f0-b436-005056bf30b7\/w:1024\/p:16x9\/ES-20260116-124255-124624-CS.jpg 1024w\" sizes=\"auto, (max-width: 639px) calc(100vw - 32px), (max-width: 1076px) calc(100vw - 44px), 850px\" width=\"1024\" height=\"576\" alt=\"\" loading=\"lazy\" class=\"a-img \"\/><br \/>\n<\/source><\/picture><figcaption class=\"a-figcaption\">\n                                <span>\u00a9 Francia 24<\/span>            <\/figcaption><\/figure>\n<\/p><\/div>\n<\/p><\/div>\n<p>\u00abDurante la reuni\u00f3n en Caracas, el director Ratcliffe abord\u00f3 las posibles oportunidades de colaboraci\u00f3n econ\u00f3mica y se\u00f1al\u00f3 que Venezuela ya no puede ser un refugio seguro para los adversarios de EE.UU., especialmente los narcotraficantes\u00bb, especific\u00f3 una fuente oficial citada por la cadena \u2018CNN\u2019.<\/p>\n<p>En este sentido, Trump ya avis\u00f3 que\u00a0el pa\u00eds se encuentra <strong>bajo tutela de Washington<\/strong> y esta primera reuni\u00f3n con un alto funcionario estadounidense lo certifica. <\/p>\n<p>En el \u00e1mbito humanitario, este viernes la organizaci\u00f3n por los derechos de los presos en Venezuela, Foro Penal, confirm\u00f3 que el Gobierno de Rodr\u00edguez ha excarcelado a un centenar de reos durante el mes de enero, lejos de la totalidad de los m\u00e1s de 800 privados de libertad por razones pol\u00edticas que se estima que hay en el pa\u00eds. Y lejos asimismo de los m\u00e1s de 400 presos liberados que confirm\u00f3 el Ejecutivo de Caracas esta misma semana.<\/p>\n<p>Un punto de fricci\u00f3n entre la l\u00edder de Miraflores y ciertos sectores legislativos estadounidenses, que buscan la liberaci\u00f3n de todos los presos de manera inminente o la reanudaci\u00f3n de las operaciones militares en el territorio venezolano como medida de presi\u00f3n.<\/p>\n<p>Con EFE y Reuters<\/p>\n<\/p><\/div>\n\n","protected":false},"excerpt":{"rendered":"<p>Miraflores y su nueva l\u00edder, Delcy Rodr\u00edguez, llevaron a cabo el primer baile de carteras del mandato que afronta la m\u00e1xima mandataria venezolana. En \u00e9l, la presidenta interina\u00a0anunci\u00f3 tres cambios ministeriales en las \u00e1reas de Transporte, Ecosocialismo y Comunicaci\u00f3n. Solamente once d\u00edas despu\u00e9s de asumir el liderazgo del pa\u00eds tras la captura de Nicol\u00e1s Maduro, &hellip;<\/p>\n","protected":false},"author":1,"featured_media":55898,"comment_status":"open","ping_status":"open","sticky":false,"template":"","format":"standard","meta":{"fifu_image_url":"https:\/\/s.france24.com\/media\/display\/6e143026-f314-11f0-9066-005056a97e36\/w:1280\/p:16x9\/e1776a05181d08e3c28ce7566c5970c90ed6e612.jpg","fifu_image_alt":"","footnotes":""},"categories":[13],"tags":[],"class_list":["post-55896","post","type-post","status-publish","format-standard","has-post-thumbnail","","category-mundo"],"_links":{"self":[{"href":"https:\/\/noticiasveraces.com\/index.php?rest_route=\/wp\/v2\/posts\/55896","targetHints":{"allow":["GET"]}}],"collection":[{"href":"https:\/\/noticiasveraces.com\/index.php?rest_route=\/wp\/v2\/posts"}],"about":[{"href":"https:\/\/noticiasveraces.com\/index.php?rest_route=\/wp\/v2\/types\/post"}],"author":[{"embeddable":true,"href":"https:\/\/noticiasveraces.com\/index.php?rest_route=\/wp\/v2\/users\/1"}],"replies":[{"embeddable":true,"href":"https:\/\/noticiasveraces.com\/index.php?rest_route=%2Fwp%2Fv2%2Fcomments&post=55896"}],"version-history":[{"count":0,"href":"https:\/\/noticiasveraces.com\/index.php?rest_route=\/wp\/v2\/posts\/55896\/revisions"}],"wp:featuredmedia":[{"embeddable":true,"href":"https:\/\/noticiasveraces.com\/index.php?rest_route=\/wp\/v2\/media\/55898"}],"wp:attachment":[{"href":"https:\/\/noticiasveraces.com\/index.php?rest_route=%2Fwp%2Fv2%2Fmedia&parent=55896"}],"wp:term":[{"taxonomy":"category","embeddable":true,"href":"https:\/\/noticiasveraces.com\/index.php?rest_route=%2Fwp%2Fv2%2Fcategories&post=55896"},{"taxonomy":"post_tag","embeddable":true,"href":"https:\/\/noticiasveraces.com\/index.php?rest_route=%2Fwp%2Fv2%2Ftags&post=55896"}],"curies":[{"name":"wp","href":"https:\/\/api.w.org\/{rel}","templated":true}]}}