{"id":55863,"date":"2026-01-17T00:51:27","date_gmt":"2026-01-17T04:51:27","guid":{"rendered":"https:\/\/noticiasveraces.com\/?p=55863"},"modified":"2026-01-17T00:51:27","modified_gmt":"2026-01-17T04:51:27","slug":"delcy-rodriguez-anuncio-el-cambio-de-varios-ministros-en-venezuela-el-diario-venezuela","status":"publish","type":"post","link":"https:\/\/noticiasveraces.com\/?p=55863","title":{"rendered":"Delcy Rodr\u00edguez anunci\u00f3 el cambio de varios ministros en Venezuela &#8211; El Diario Venezuela"},"content":{"rendered":"<p> \n<\/p>\n<div>\n<p>La presidenta encargada de Venezuela, <strong>Delcy Rodr\u00edguez<\/strong>anunci\u00f3 este viernes 16 de enero <strong>nuevos cambios y reordenamientos en el gabinete<\/strong>que incluyeron designaciones en las \u00e1reas de Transporte, Ecosocialismo y Comunicaci\u00f3n, as\u00ed como la <strong>fusi\u00f3n de dos ministerios<\/strong>11 d\u00edas despu\u00e9s de asumir el liderazgo del Ejecutivo tras la captura de Nicol\u00e1s Maduro por fuerzas estadounidenses.<\/p>\n<p>En su cuenta de Telegram, Rodr\u00edguez inform\u00f3 sobre la <strong>designaci\u00f3n de Freddy \u00d1\u00e1\u00f1ez<\/strong>hasta ahora titular de Comunicaci\u00f3n e Informaci\u00f3n, <strong>como ministro para el Ecosocialismo<\/strong>en sustituci\u00f3n de An\u00edbal Coronado.<\/p>\n<p>Coronado, por su parte, fue nombrado <strong>nuevo ministro de Transporte<\/strong>cargo que ocupaba Ram\u00f3n Vel\u00e1squez Araguay\u00e1n, a quien Rodr\u00edguez agradeci\u00f3 por su \u201ccompromiso\u201d y su \u201ctrabajo\u201d.<\/p>\n<p>Asimismo, para cubrir la vacante de \u00d1\u00e1\u00f1ez, la mandataria encargada anunci\u00f3 la <strong>designaci\u00f3n de Miguel \u00c1ngel P\u00e9rez Pirela<\/strong> como nuevo ministro de <strong>Comunicaci\u00f3n e Informaci\u00f3n<\/strong>.<\/p>\n<figure class=\"wp-block-image size-large\"><img fetchpriority=\"high\" decoding=\"async\" width=\"1200\" height=\"366\" src=\"https:\/\/eldiario.com\/wp-content\/uploads\/2026\/01\/880803a61a81e6758a9f49a3f116ce838e34a041-1200x366.jpg\" alt=\"Delcy Rodr\u00edguez anunci\u00f3 el cambio de varios ministros en Venezuela\" class=\"wp-image-839302\" srcset=\"https:\/\/eldiario.com\/wp-content\/uploads\/2026\/01\/880803a61a81e6758a9f49a3f116ce838e34a041-1200x366.jpg 1200w, https:\/\/eldiario.com\/wp-content\/uploads\/2026\/01\/880803a61a81e6758a9f49a3f116ce838e34a041-300x92.jpg 300w, https:\/\/eldiario.com\/wp-content\/uploads\/2026\/01\/880803a61a81e6758a9f49a3f116ce838e34a041-768x234.jpg 768w, https:\/\/eldiario.com\/wp-content\/uploads\/2026\/01\/880803a61a81e6758a9f49a3f116ce838e34a041-1536x468.jpg 1536w, https:\/\/eldiario.com\/wp-content\/uploads\/2026\/01\/880803a61a81e6758a9f49a3f116ce838e34a041-860x262.jpg 860w, https:\/\/eldiario.com\/wp-content\/uploads\/2026\/01\/880803a61a81e6758a9f49a3f116ce838e34a041-150x46.jpg 150w, https:\/\/eldiario.com\/wp-content\/uploads\/2026\/01\/880803a61a81e6758a9f49a3f116ce838e34a041.jpg 1600w\" sizes=\"(max-width: 1200px) 100vw, 1200px\"\/><figcaption class=\"wp-element-caption\">Combo de fotograf\u00edas tomadas de la cuenta oficial de la red social X @delcyrodriguezv de la presidenta encargada de Venezuela, Delcy Rodr\u00edguez, que muestra, de izquierda a derecha, a los nuevos ministros designados Miguel P\u00e9rez Pirela, ministro del Poder Popular para la Comunicaci\u00f3n e Informaci\u00f3n, Freddy \u00d1\u00e1\u00f1ez, ministro del Poder Popular para el Ecosocialismo y An\u00edbal Coronado, ministro del Poder Popular para el Transporte | Foto: EFE\/ @delcyrodriguezv <\/figcaption><\/figure>\n<p>En otro anuncio, Rodr\u00edguez inform\u00f3 la <strong>fusi\u00f3n del Ministerio del Poder Popular de Industrias y Producci\u00f3n Nacional y el Ministerio de Comercio Nacional<\/strong> en una sola instancia, que ser\u00e1 asumida por el <strong>ministro Luis Antonio Villegas<\/strong>en sustituci\u00f3n de \u00c1lex Saab.<\/p>\n<p>\u201cAgradezco al compa\u00f1ero <strong>Alex Saab<\/strong> por su labor al servicio de la Patria, quien asumir\u00e1 nuevas responsabilidades\u201d, indic\u00f3 la funcionaria en un mensaje difundido en sus redes sociales.<\/p>\n<p>#16Ene | Familiares de presos pol\u00edticos del centro penitenciario Yare, en Miranda, realizan una vigilia para exigir la libertad de sus seres queridos.<\/p>\n<p>\u201cDesde hace m\u00e1s de una semana, decenas de familiares se han congregado en distintos centros de reclusi\u00f3n, pidiendo la concreci\u00f3n de las liberaciones de presos pol\u00edticos anunciadas por la actual administraci\u00f3n\u201d, indic\u00f3 la ONG @_Provea.<\/p>\n<p>\ud83d\udcf9: @_Provea<\/p>\n<h2 class=\"wp-block-heading\" id=\"h-reajustes-previos-tras-la-captura-de-maduro\"><strong>Reajustes previos tras la captura de Maduro<\/strong><\/h2>\n<p>Estas designaciones se suman a <strong>otros cambios ministeriales y de gobierno<\/strong> anunciados previamente, incluyendo el <strong>nombramiento del capit\u00e1n Juan Escalona<\/strong> como ministro del Despacho de la Presidencia, miembro del equipo de seguridad del presidente Nicol\u00e1s Maduro.<\/p>\n<p>Rodr\u00edguez tambi\u00e9n hab\u00eda anunciado el pasado 6 de enero, <strong>tres d\u00edas despu\u00e9s de la captura de Maduro<\/strong>la designaci\u00f3n del <strong>expresidente del Banco Central de Venezuela (BCV) Calixto Ortega<\/strong> como nuevo vicepresidente de econom\u00eda sectorial.<\/p>\n<p>Ese mismo d\u00eda, la dirigente oficialista <strong>destituy\u00f3 al jefe de Seguridad de Maduro<\/strong>el mayor general Javier Marcano T\u00e1bata, y nombr\u00f3 en su lugar al <strong>general Gustavo Gonz\u00e1lez L\u00f3pez<\/strong> como comandante de la Guardia de Honor Presidencial y titular de la <strong>Direcci\u00f3n General de Contrainteligencia Militar (DGCIM)<\/strong>.<\/p>\n<p>Delcy Rodr\u00edguez fue <strong>juramentada como presidenta encargada el pasado 5 de enero<\/strong> ante la Asamblea Nacional (AN), <strong>dirigida por su hermano<\/strong>el diputado Jorge Rodr\u00edguez.<\/p>\n<p>La l\u00edder oficialista asumi\u00f3 este rol <strong>por orden del Tribunal Supremo de Justicia (TSJ)<\/strong>tras la captura del presidente Maduro y su esposa, <strong>Cilia Flores<\/strong>durante los ataques de EE UU en Caracas y otros tres estados.<\/p>\n<p>Desde entonces, el <strong>gobierno encargado ha iniciado un proceso \u201cexploratorio\u201d para retomar relaciones con Estados Unidos<\/strong>ha pactado el <strong>env\u00edo de millones de barriles de crudo hacia EE UU<\/strong> para su comercializaci\u00f3n y <strong>ha abierto la industria petrolera a la inversi\u00f3n extranjera<\/strong> con el impulso de la administraci\u00f3n republicana.<\/p>\n<p><!-- CONTENT END 1 -->\n<\/div>\n\n","protected":false},"excerpt":{"rendered":"<p>La presidenta encargada de Venezuela, Delcy Rodr\u00edguezanunci\u00f3 este viernes 16 de enero nuevos cambios y reordenamientos en el gabineteque incluyeron designaciones en las \u00e1reas de Transporte, Ecosocialismo y Comunicaci\u00f3n, as\u00ed como la fusi\u00f3n de dos ministerios11 d\u00edas despu\u00e9s de asumir el liderazgo del Ejecutivo tras la captura de Nicol\u00e1s Maduro por fuerzas estadounidenses. En su &hellip;<\/p>\n","protected":false},"author":1,"featured_media":55865,"comment_status":"open","ping_status":"open","sticky":false,"template":"","format":"standard","meta":{"fifu_image_url":"https:\/\/eldiario.com\/wp-content\/uploads\/2026\/01\/38e66839d693e19f49af0c2e71054b4e5790dac2.jpg","fifu_image_alt":"","footnotes":""},"categories":[13],"tags":[],"class_list":["post-55863","post","type-post","status-publish","format-standard","has-post-thumbnail","","category-mundo"],"_links":{"self":[{"href":"https:\/\/noticiasveraces.com\/index.php?rest_route=\/wp\/v2\/posts\/55863","targetHints":{"allow":["GET"]}}],"collection":[{"href":"https:\/\/noticiasveraces.com\/index.php?rest_route=\/wp\/v2\/posts"}],"about":[{"href":"https:\/\/noticiasveraces.com\/index.php?rest_route=\/wp\/v2\/types\/post"}],"author":[{"embeddable":true,"href":"https:\/\/noticiasveraces.com\/index.php?rest_route=\/wp\/v2\/users\/1"}],"replies":[{"embeddable":true,"href":"https:\/\/noticiasveraces.com\/index.php?rest_route=%2Fwp%2Fv2%2Fcomments&post=55863"}],"version-history":[{"count":0,"href":"https:\/\/noticiasveraces.com\/index.php?rest_route=\/wp\/v2\/posts\/55863\/revisions"}],"wp:featuredmedia":[{"embeddable":true,"href":"https:\/\/noticiasveraces.com\/index.php?rest_route=\/wp\/v2\/media\/55865"}],"wp:attachment":[{"href":"https:\/\/noticiasveraces.com\/index.php?rest_route=%2Fwp%2Fv2%2Fmedia&parent=55863"}],"wp:term":[{"taxonomy":"category","embeddable":true,"href":"https:\/\/noticiasveraces.com\/index.php?rest_route=%2Fwp%2Fv2%2Fcategories&post=55863"},{"taxonomy":"post_tag","embeddable":true,"href":"https:\/\/noticiasveraces.com\/index.php?rest_route=%2Fwp%2Fv2%2Ftags&post=55863"}],"curies":[{"name":"wp","href":"https:\/\/api.w.org\/{rel}","templated":true}]}}