{"id":55829,"date":"2026-01-16T19:09:21","date_gmt":"2026-01-16T23:09:21","guid":{"rendered":"https:\/\/noticiasveraces.com\/?p=55829"},"modified":"2026-01-16T19:09:21","modified_gmt":"2026-01-16T23:09:21","slug":"avion-del-departamento-de-estado-ingreso-a-venezuela-procedente-de-bogota","status":"publish","type":"post","link":"https:\/\/noticiasveraces.com\/?p=55829","title":{"rendered":"Avi\u00f3n del Departamento de Estado ingres\u00f3 a Venezuela procedente de Bogot\u00e1"},"content":{"rendered":"<p> \n<\/p>\n<div id=\"post-5868331\">\n\t<!-- .entry-header --><\/p>\n<div class=\"entry-content\">\n<p>\n\t\t\t<span rel=\"author\" class=\"fn\">con una pala<\/span>\n\t\t<\/p>\n<p>\t\t<time class=\"entry-date published updated\" datetime=\"2026-01-16T19:09:03-04:00\">enero 16 2026, 7:09 pm<\/time><\/p>\n<figure id=\"attachment_5868337\" aria-describedby=\"caption-attachment-5868337\" style=\"width: 640px\" class=\"wp-caption alignnone\"><img fetchpriority=\"high\" decoding=\"async\" onerror=\"this.onerror=null;this.src=\" https:=\"\" class=\"wp-image-5868337\" src=\"https:\/\/sandia.datanubex.uk\/wp-content\/uploads\/2026\/01\/Untitled-76.jpg\" alt=\"\" width=\"640\" height=\"409\"\/><figcaption id=\"caption-attachment-5868337\" class=\"wp-caption-text\">Cortes\u00eda<\/figcaption><\/figure>\n<\/p>\n<p>Una aeronave adscrita al Departamento de Estado de los Estados Unidos fue registrada este viernes 16 de enero ingresando nuevamente al espacio a\u00e9reo venezolano, marcando el tercer vuelo de car\u00e1cter oficial detectado en menos de ocho d\u00edas. La operaci\u00f3n a\u00e9rea ocurri\u00f3 en medio de las gestiones diplom\u00e1ticas que adelanta Washington con el r\u00e9gimen chavista para normalizar las relaciones bilaterales.<\/p>\n<p><strong>lapatilla.com<\/strong><\/p>\n<p><!-- Begin Mailchimp Signup Form --><\/p>\n<div id=\"mc_embed_signup\">\n<p><label for=\"mce-EMAIL\">            \u00a1\u00danete al club ahora! Suscr\u00edbete al bolet\u00edn m\u00e1s importante de Venezuela          <\/label><iframe data-test-id=\"beehiiv-embed\" height=\"52\" frameborder=\"0\" scrolling=\"no\" style=\"margin: 0; border-radius: 0px !important; &#10;&#9;&#9;background-color: transparent;\" data-src=\"https:\/\/embeds.beehiiv.com\/cdab9503-16ae-4689-ad4f-1408c727a83a?slim=true\" class=\"lazyload\"><\/iframe><\/p>\n<\/div>\n<p><!--End mc_embed_signup 2--><\/p>\n<p>Los sistemas de monitoreo de tr\u00e1fico a\u00e9reo identificaron la unidad bajo el indicativo \u00abSTATE69\u00bb. Se trat\u00f3 de un avi\u00f3n modelo De Havilland Canada Dash 8-300, identificado con la matr\u00edcula N569AW, el mismo aparato utilizado en vuelos recientes. Seg\u00fan los datos de la plataforma FlightRadar24, la aeronave despeg\u00f3 desde Bogot\u00e1, Colombia, y traz\u00f3 una ruta hacia el norte de Venezuela, sobrevolando la regi\u00f3n de los llanos occidentales.<\/p>\n<p><img loading=\"lazy\" decoding=\"async\" onerror=\"this.onerror=null;this.src=\" https:=\"\" class=\"wp-image-5868338 lazyload\" alt=\"\" width=\"640\" height=\"391\" src=\"https:\/\/sandia.datanubex.uk\/wp-content\/uploads\/2026\/01\/Untitled-77.jpg\" data-eio-rwidth=\"640\" data-eio-rheight=\"391\"\/><img loading=\"lazy\" decoding=\"async\" onerror=\"this.onerror=null;this.src=\" https:=\"\" class=\"wp-image-5868338\" src=\"https:\/\/sandia.datanubex.uk\/wp-content\/uploads\/2026\/01\/Untitled-77.jpg\" alt=\"\" width=\"640\" height=\"391\" data-eio=\"l\"\/><\/p>\n<p>Este nuevo ingreso se sum\u00f3 al aterrizaje reportado el pasado martes 13 de enero en el aeropuerto Internacional Sim\u00f3n Bol\u00edvar de Maiquet\u00eda y previamente el 8 de enero.<\/p>\n<p>La frecuencia de estos vuelos evidenci\u00f3 una aceleraci\u00f3n en la log\u00edstica operativa estadounidense tras los sucesos del 3 de enero, fecha en la que fuerzas militares norteamericanas capturaron a Nicol\u00e1s Maduro y Cilia Flores.<\/p>\n<p><!-- CONTENT END 2 -->\n\t<\/div>\n<p><!-- .entry-content --><\/p>\n<\/div>\n\n","protected":false},"excerpt":{"rendered":"<p>con una pala enero 16 2026, 7:09 pm Cortes\u00eda Una aeronave adscrita al Departamento de Estado de los Estados Unidos fue registrada este viernes 16 de enero ingresando nuevamente al espacio a\u00e9reo venezolano, marcando el tercer vuelo de car\u00e1cter oficial detectado en menos de ocho d\u00edas. La operaci\u00f3n a\u00e9rea ocurri\u00f3 en medio de las gestiones &hellip;<\/p>\n","protected":false},"author":1,"featured_media":55831,"comment_status":"open","ping_status":"open","sticky":false,"template":"","format":"standard","meta":{"fifu_image_url":"https:\/\/sandia.datanubex.uk\/wp-content\/uploads\/2026\/01\/Untitled-76.jpg","fifu_image_alt":"","footnotes":""},"categories":[4],"tags":[],"class_list":["post-55829","post","type-post","status-publish","format-standard","has-post-thumbnail","","category-historias-destacadas"],"_links":{"self":[{"href":"https:\/\/noticiasveraces.com\/index.php?rest_route=\/wp\/v2\/posts\/55829","targetHints":{"allow":["GET"]}}],"collection":[{"href":"https:\/\/noticiasveraces.com\/index.php?rest_route=\/wp\/v2\/posts"}],"about":[{"href":"https:\/\/noticiasveraces.com\/index.php?rest_route=\/wp\/v2\/types\/post"}],"author":[{"embeddable":true,"href":"https:\/\/noticiasveraces.com\/index.php?rest_route=\/wp\/v2\/users\/1"}],"replies":[{"embeddable":true,"href":"https:\/\/noticiasveraces.com\/index.php?rest_route=%2Fwp%2Fv2%2Fcomments&post=55829"}],"version-history":[{"count":0,"href":"https:\/\/noticiasveraces.com\/index.php?rest_route=\/wp\/v2\/posts\/55829\/revisions"}],"wp:featuredmedia":[{"embeddable":true,"href":"https:\/\/noticiasveraces.com\/index.php?rest_route=\/wp\/v2\/media\/55831"}],"wp:attachment":[{"href":"https:\/\/noticiasveraces.com\/index.php?rest_route=%2Fwp%2Fv2%2Fmedia&parent=55829"}],"wp:term":[{"taxonomy":"category","embeddable":true,"href":"https:\/\/noticiasveraces.com\/index.php?rest_route=%2Fwp%2Fv2%2Fcategories&post=55829"},{"taxonomy":"post_tag","embeddable":true,"href":"https:\/\/noticiasveraces.com\/index.php?rest_route=%2Fwp%2Fv2%2Ftags&post=55829"}],"curies":[{"name":"wp","href":"https:\/\/api.w.org\/{rel}","templated":true}]}}