{"id":55820,"date":"2026-01-16T14:49:31","date_gmt":"2026-01-16T18:49:31","guid":{"rendered":"https:\/\/noticiasveraces.com\/?p=55820"},"modified":"2026-01-16T14:49:31","modified_gmt":"2026-01-16T18:49:31","slug":"glasner-abandonara-a-final-de-temporada-el-crystal-palace-que-se-habia-fijado-en-bordalas","status":"publish","type":"post","link":"https:\/\/noticiasveraces.com\/?p=55820","title":{"rendered":"Glasner abandonar\u00e1 a final de temporada el Crystal Palace&#8230; que se hab\u00eda fijado en Bordal\u00e1s"},"content":{"rendered":"<p> \n<\/p>\n<div>\n<p data-mrf-recirculation=\"Links P\u00e1rrafos\" class=\"ue-c-article__paragraph paragraph ue-c-article--first-letter-highlighted\">oh<strong>vive Glasner<\/strong>t\u00e9cnico austriaco del <strong>Crystal Palace, abandonar\u00e1 el club<\/strong> a final de temporada.\u00a0El entrenador, que <strong>acaba contrato en verano<\/strong>confirm\u00f3 este viernes en rueda de prensa que <strong>no renovar\u00e1 su acuerdo<\/strong> y que dejar\u00e1 el club ingl\u00e9s cuando este finalice.<\/p>\n<p data-mrf-recirculation=\"Links P\u00e1rrafos\" class=\"ue-c-article__paragraph paragraph\"><strong>\u00abTuve una reuni\u00f3n con Steve (Parish, el due\u00f1o del Palace) en octubre durante el par\u00f3n por f\u00fatbol de selecciones<\/strong>. Fuimos a cenar, tuvimos una larga conversaci\u00f3n y le dije que no firmar\u00eda un nuevo contrato aqu\u00ed. <strong>Acordamos que quedara entre nosotros<\/strong> y hoy se lo he dicho a los jugadores\u00bb, dijo Glasner.<span\/><\/p>\n<blockquote class=\"ue-c-article__blockquote\">\n<p>Fuimos a cenar, tuvimos una larga conversaci\u00f3n y le dije que no firmar\u00eda un nuevo contrato aqu\u00ed<\/p>\n<p><span class=\"ue-c-article__blockquote-author\">Oliver Glasner<\/span><\/p><\/blockquote>\n<p data-mrf-recirculation=\"Links P\u00e1rrafos\" class=\"ue-c-article__paragraph paragraph\">Glasner, con pasado en el f\u00fatbol austr\u00edaco y en la Bundesliga, donde dirigi\u00f3 al <strong>Wolfsburgo<\/strong> y al <strong>Eintracht de Fr\u00e1ncfort<\/strong>lleg\u00f3 al <strong>Palacio en 2024<\/strong> y catapult\u00f3 a los &#8216;Eagles&#8217; a los mejores meses de su historia.<span\/><\/p>\n<p data-mrf-recirculation=\"Links P\u00e1rrafos\" class=\"ue-c-article__paragraph paragraph\">La temporada pasada, <strong>el club conquist\u00f3 la FA Cup<\/strong>el primer t\u00edtulo de su historia al vencer en Wembley al Manchester City, adem\u00e1s de <strong>clasificarse por primera vez<\/strong> desde la creaci\u00f3n del club a <strong>europa<\/strong>. Pese a que se ganaron en el campo el derecho a disputar la <strong>liga europea<\/strong>la ley de multipropiedades de la UEFA les releg\u00f3 a la <strong>Liga de conferencias<\/strong> porque uno de los due\u00f1os del Palace ten\u00eda participaciones en el <strong>Ol\u00edmpico de Lyon<\/strong>que tambi\u00e9n juega en la Europa League.<span\/><\/p>\n<p data-mrf-recirculation=\"Links P\u00e1rrafos\" class=\"ue-c-article__paragraph paragraph\">Este curso, <strong>el Palace es decimotercero en la Premier League<\/strong> con un colch\u00f3n de catorce puntos respecto al descenso y se ha clasificado para la <strong>siguiente ronda de la Conference League<\/strong>. En la FA Cup y en la Copa de la Liga ya est\u00e1n eliminados.<span\/><\/p>\n<h2 class=\"ue-c-article__subheadline\">Inter\u00e9s en Bordal\u00e1s<\/h2>\n<p data-mrf-recirculation=\"Links P\u00e1rrafos\" class=\"ue-c-article__paragraph paragraph\">Hace unas semanas, ya se anunci\u00f3 que <strong>el Palacio de Cristal<\/strong>,\u00a0tal y como inform\u00f3 la Cadena SER y pudo confirmar MARCA, se habr\u00eda fijado en Jos\u00e9 Bordal\u00e1s,\u00a0que <strong>acaba contrato este pr\u00f3ximo mes de junio<\/strong>en caso de que Oliver Glasner no continuara. No obstante, por entonces,\u00a0nadie del cuadro ingl\u00e9s se habr\u00eda puesto en contacto ni con el m\u00edster del Getafe ni con el entorno.<\/p>\n<\/div>\n\n","protected":false},"excerpt":{"rendered":"<p>ohvive Glasnert\u00e9cnico austriaco del Crystal Palace, abandonar\u00e1 el club a final de temporada.\u00a0El entrenador, que acaba contrato en veranoconfirm\u00f3 este viernes en rueda de prensa que no renovar\u00e1 su acuerdo y que dejar\u00e1 el club ingl\u00e9s cuando este finalice. \u00abTuve una reuni\u00f3n con Steve (Parish, el due\u00f1o del Palace) en octubre durante el par\u00f3n por &hellip;<\/p>\n","protected":false},"author":1,"featured_media":55821,"comment_status":"open","ping_status":"open","sticky":false,"template":"","format":"standard","meta":{"fifu_image_url":"https:\/\/objetos-xlk.estaticos-marca.com\/files\/article_main_microformat\/\/uploads\/2026\/01\/16\/696a636a45554.jpeg","fifu_image_alt":"","footnotes":""},"categories":[6],"tags":[],"class_list":["post-55820","post","type-post","status-publish","format-standard","has-post-thumbnail","","category-deportes"],"_links":{"self":[{"href":"https:\/\/noticiasveraces.com\/index.php?rest_route=\/wp\/v2\/posts\/55820","targetHints":{"allow":["GET"]}}],"collection":[{"href":"https:\/\/noticiasveraces.com\/index.php?rest_route=\/wp\/v2\/posts"}],"about":[{"href":"https:\/\/noticiasveraces.com\/index.php?rest_route=\/wp\/v2\/types\/post"}],"author":[{"embeddable":true,"href":"https:\/\/noticiasveraces.com\/index.php?rest_route=\/wp\/v2\/users\/1"}],"replies":[{"embeddable":true,"href":"https:\/\/noticiasveraces.com\/index.php?rest_route=%2Fwp%2Fv2%2Fcomments&post=55820"}],"version-history":[{"count":0,"href":"https:\/\/noticiasveraces.com\/index.php?rest_route=\/wp\/v2\/posts\/55820\/revisions"}],"wp:featuredmedia":[{"embeddable":true,"href":"https:\/\/noticiasveraces.com\/index.php?rest_route=\/wp\/v2\/media\/55821"}],"wp:attachment":[{"href":"https:\/\/noticiasveraces.com\/index.php?rest_route=%2Fwp%2Fv2%2Fmedia&parent=55820"}],"wp:term":[{"taxonomy":"category","embeddable":true,"href":"https:\/\/noticiasveraces.com\/index.php?rest_route=%2Fwp%2Fv2%2Fcategories&post=55820"},{"taxonomy":"post_tag","embeddable":true,"href":"https:\/\/noticiasveraces.com\/index.php?rest_route=%2Fwp%2Fv2%2Ftags&post=55820"}],"curies":[{"name":"wp","href":"https:\/\/api.w.org\/{rel}","templated":true}]}}