{"id":55792,"date":"2026-01-16T11:16:02","date_gmt":"2026-01-16T15:16:02","guid":{"rendered":"https:\/\/noticiasveraces.com\/?p=55792"},"modified":"2026-01-16T11:16:02","modified_gmt":"2026-01-16T15:16:02","slug":"condenan-a-cinco-anos-de-carcel-al-expresidente-surcoreano-yoon-suk-yeol","status":"publish","type":"post","link":"https:\/\/noticiasveraces.com\/?p=55792","title":{"rendered":"Condenan a cinco a\u00f1os de c\u00e1rcel al expresidente surcoreano Yoon Suk-yeol"},"content":{"rendered":"<p> \n<\/p>\n<div>\n<p>El Tribunal del Distrito Central de Se\u00fal conden\u00f3 este viernes al expresidente de la Rep\u00fablica de Corea, Yoon Suk-yeol, a cinco a\u00f1os de prisi\u00f3n por varios delitos, entre ellos la obstrucci\u00f3n a su detenci\u00f3n el a\u00f1o pasado.<\/p>\n<p>Este es el primer fallo contra el exmandatario relacionado con los cargos por la breve imposici\u00f3n de la ley marcial en diciembre de 2024. Las acusaciones refieren que su medida fue un acto inconstitucional e ilegal, con la intenci\u00f3n de subvertir la Constituci\u00f3n, ante la ausencia de indicios de guerra.<\/p>\n<p>El tribunal, citado por el medio Yonhap, expres\u00f3 que \u00abcomo presidente, el acusado tiene la m\u00e1xima obligaci\u00f3n de defender la ley y el orden, pero mostr\u00f3 una actitud de desprecio por los procedimientos legales establecidos para prevenir las decisiones arbitrarias y el abuso de poder del presidente\u00bb.<\/p>\n<p>Yoon fue declarado culpable de abuso de poder por obstruir la ejecuci\u00f3n de una orden de arresto de la Oficina de Investigaci\u00f3n de la Corrupci\u00f3n para Altos Funcionarios, as\u00ed como de convocar a un n\u00famero selecto de miembros del Consejo de Estado antes de declarar la ley marcial.<\/p>\n<p>Adem\u00e1s, de redactar y destruir la declaraci\u00f3n de la ley marcial a posteriori y de ordenar la eliminaci\u00f3n de las grabaciones telef\u00f3nicas secretas de un comandante militar que estuvo involucrado en la ley.<\/p>\n<p>La sentencia contra el exjefe de Estado fue trasmitida en directo por televisi\u00f3n. Este fue el primero de ocho juicios penales que est\u00e1n en curso contra Yoon.<\/p>\n<p>La acusaci\u00f3n m\u00e1s grave contra el exmandatario precisa que la imposici\u00f3n de la ley marcial equival\u00eda a una rebeli\u00f3n, y el fiscal independiente pidi\u00f3 la pena de muerte en ese proceso, cuyo veredicto ser\u00e1 dado el pr\u00f3ximo mes.<\/p>\n<p>El 3 de enero de 2025, el servicio de seguridad presidencial impidi\u00f3 que las fuerzas del orden detuvieran a Yoon en su residencia de Se\u00fal. Esto se logr\u00f3 en un segundo intento, el 15 de enero de 2025. Todav\u00eda se le consideraba presidente en ejercicio, pero sus poderes hab\u00edan sido suspendidos tras el impeachment parlamentario.<\/p>\n<p>En diciembre pasado, un equipo especial de la Fiscal\u00eda pidi\u00f3 una pena de 10 a\u00f1os de c\u00e1rcel para Yoon por obstrucci\u00f3n a la justicia y otros cargos vinculados con su imposici\u00f3n de la ley marcial.<\/p>\n<\/div>\n\n","protected":false},"excerpt":{"rendered":"<p>El Tribunal del Distrito Central de Se\u00fal conden\u00f3 este viernes al expresidente de la Rep\u00fablica de Corea, Yoon Suk-yeol, a cinco a\u00f1os de prisi\u00f3n por varios delitos, entre ellos la obstrucci\u00f3n a su detenci\u00f3n el a\u00f1o pasado. Este es el primer fallo contra el exmandatario relacionado con los cargos por la breve imposici\u00f3n de la &hellip;<\/p>\n","protected":false},"author":1,"featured_media":55793,"comment_status":"open","ping_status":"open","sticky":false,"template":"","format":"standard","meta":{"fifu_image_url":"https:\/\/ultimasnoticias.com.ve\/wp-content\/uploads\/2026\/01\/Yoon-Suk-yeol.jpg","fifu_image_alt":"","footnotes":""},"categories":[13],"tags":[],"class_list":["post-55792","post","type-post","status-publish","format-standard","has-post-thumbnail","","category-mundo"],"_links":{"self":[{"href":"https:\/\/noticiasveraces.com\/index.php?rest_route=\/wp\/v2\/posts\/55792","targetHints":{"allow":["GET"]}}],"collection":[{"href":"https:\/\/noticiasveraces.com\/index.php?rest_route=\/wp\/v2\/posts"}],"about":[{"href":"https:\/\/noticiasveraces.com\/index.php?rest_route=\/wp\/v2\/types\/post"}],"author":[{"embeddable":true,"href":"https:\/\/noticiasveraces.com\/index.php?rest_route=\/wp\/v2\/users\/1"}],"replies":[{"embeddable":true,"href":"https:\/\/noticiasveraces.com\/index.php?rest_route=%2Fwp%2Fv2%2Fcomments&post=55792"}],"version-history":[{"count":0,"href":"https:\/\/noticiasveraces.com\/index.php?rest_route=\/wp\/v2\/posts\/55792\/revisions"}],"wp:featuredmedia":[{"embeddable":true,"href":"https:\/\/noticiasveraces.com\/index.php?rest_route=\/wp\/v2\/media\/55793"}],"wp:attachment":[{"href":"https:\/\/noticiasveraces.com\/index.php?rest_route=%2Fwp%2Fv2%2Fmedia&parent=55792"}],"wp:term":[{"taxonomy":"category","embeddable":true,"href":"https:\/\/noticiasveraces.com\/index.php?rest_route=%2Fwp%2Fv2%2Fcategories&post=55792"},{"taxonomy":"post_tag","embeddable":true,"href":"https:\/\/noticiasveraces.com\/index.php?rest_route=%2Fwp%2Fv2%2Ftags&post=55792"}],"curies":[{"name":"wp","href":"https:\/\/api.w.org\/{rel}","templated":true}]}}