{"id":55789,"date":"2026-01-16T10:14:54","date_gmt":"2026-01-16T14:14:54","guid":{"rendered":"https:\/\/noticiasveraces.com\/?p=55789"},"modified":"2026-01-16T10:14:54","modified_gmt":"2026-01-16T14:14:54","slug":"reportaron-varias-vias-cerradas-en-caracas-este-16-de-enero","status":"publish","type":"post","link":"https:\/\/noticiasveraces.com\/?p=55789","title":{"rendered":"Reportaron varias v\u00edas cerradas en Caracas este 16 de enero"},"content":{"rendered":"<p> \n<\/p>\n<div>\n<p>Usuarios en redes sociales reportaron el <strong>cierre de la avenida Urdaneta<\/strong>en Caracas, para el viernes 16 de enero. <\/p>\n<div class=\"ruby-table-contents rbtoc table-fw\">\n<ul class=\"toc-content h5\">\n<li>V\u00edas alternas <\/li>\n<li>Movilizaciones oficialistas en Caracas<\/li>\n<\/ul>\n<\/div>\n<p>El tr\u00e1nsito por el elevado de la avenida Urdaneta <strong>se encuentra restringido <\/strong>y tambi\u00e9n reportaron que instalaron una tarima en la esquina de Santa Capilla, <strong>cerca de la sede del edificio de la Vicepresidencia de la Rep\u00fablica.<\/strong><\/p>\n<blockquote class=\"twitter-tweet\">\n<p lang=\"es\" dir=\"ltr\">Tarima en la esquina de Santa capilla Av Urdaneta <a href=\"https:\/\/t.co\/qLu95CWAf7\">pic.twitter.com\/qLu95CWAf7<\/a><\/p>\n<p>\u2014 LA M\u00c1QUINA EL PROGRAMA DEL TR\u00c1NSITO (@MaquinaDelAire) <a href=\"https:\/\/twitter.com\/MaquinaDelAire\/status\/2012128269928444237?ref_src=twsrc%5Etfw\">16 de enero de 2026<\/a><\/p><\/blockquote>\n<p>Las personas tambi\u00e9n han informado sobre la instalaci\u00f3n de tarimas en las esquinas <strong>Las Carmelitas, Altagracia y Mijares.<\/strong><\/p>\n<p>Igualmente, conductores confirmaron el <strong>cierre de los accesos a los alrededores de Plaza Venezuela<\/strong>por lo que las v\u00edas alternas presentan fuerte congesti\u00f3n esta ma\u00f1ana.<\/p>\n<h2 id=\"vias-alternasnbsp\" class=\"rb-heading-index-0-839093 wp-block-heading\"><strong>V\u00edas alternas <\/strong><\/h2>\n<p id=\"h-los-ciudadanos-que-necesiten-transitar-desde-y-hacia-el-centro-de-caracas-pueden-tomar-algunas-vias-alternas\">Los ciudadanos que necesiten transitar <strong>desde y hacia el centro de Caracas <\/strong>pueden tomar algunas v\u00edas alternas.<\/p>\n<h3 id=\"vias-alternas-para-evitar-las-calles-cerradas-en-caracas\" class=\"rb-heading-index-1-839093 wp-block-heading\"><strong>V\u00edas alternas para evitar las calles cerradas en Caracas<\/strong><\/h3>\n<p>\u2013 Avenida Boyac\u00e1 (Cota Mil)<\/p>\n<p>\u2013 Avenida Baralt<\/p>\n<p>\u2013 Autopista Gran Cacique Guaicaipuro<\/p>\n<h2 id=\"movilizaciones-oficialistas-en-caracas\" class=\"rb-heading-index-2-839093 wp-block-heading\"><strong>Movilizaciones oficialistas en Caracas<\/strong><\/h2>\n<figure class=\"wp-block-image size-large\"><img fetchpriority=\"high\" decoding=\"async\" width=\"1200\" height=\"800\" src=\"https:\/\/eldiario.com\/wp-content\/uploads\/2026\/01\/2af1508412cb4ee3d765d50ffa2e5cdffd57142a-1200x800.jpg\" alt=\"#TeExplicamosElD\u00eda | Martes 13 de enero\" class=\"wp-image-838262\" srcset=\"https:\/\/eldiario.com\/wp-content\/uploads\/2026\/01\/2af1508412cb4ee3d765d50ffa2e5cdffd57142a-1200x800.jpg 1200w, https:\/\/eldiario.com\/wp-content\/uploads\/2026\/01\/2af1508412cb4ee3d765d50ffa2e5cdffd57142a-300x200.jpg 300w, https:\/\/eldiario.com\/wp-content\/uploads\/2026\/01\/2af1508412cb4ee3d765d50ffa2e5cdffd57142a-768x512.jpg 768w, https:\/\/eldiario.com\/wp-content\/uploads\/2026\/01\/2af1508412cb4ee3d765d50ffa2e5cdffd57142a-1536x1023.jpg 1536w, https:\/\/eldiario.com\/wp-content\/uploads\/2026\/01\/2af1508412cb4ee3d765d50ffa2e5cdffd57142a-330x220.jpg 330w, https:\/\/eldiario.com\/wp-content\/uploads\/2026\/01\/2af1508412cb4ee3d765d50ffa2e5cdffd57142a-420x280.jpg 420w, https:\/\/eldiario.com\/wp-content\/uploads\/2026\/01\/2af1508412cb4ee3d765d50ffa2e5cdffd57142a-615x410.jpg 615w, https:\/\/eldiario.com\/wp-content\/uploads\/2026\/01\/2af1508412cb4ee3d765d50ffa2e5cdffd57142a-860x573.jpg 860w, https:\/\/eldiario.com\/wp-content\/uploads\/2026\/01\/2af1508412cb4ee3d765d50ffa2e5cdffd57142a-150x100.jpg 150w, https:\/\/eldiario.com\/wp-content\/uploads\/2026\/01\/2af1508412cb4ee3d765d50ffa2e5cdffd57142a.jpg 1600w\" sizes=\"(max-width: 1200px) 100vw, 1200px\"\/><figcaption class=\"wp-element-caption\">Foto: EFE<\/figcaption><\/figure>\n<p>Los partidos pol\u00edticos afines al gobierno de Nicol\u00e1s Maduro han convocado a la <strong>\u201cmovilizaci\u00f3n permanente\u201d en Caracas<\/strong> para rechazar la extracci\u00f3n de Maduro y su esposa, Cilia Flores, a Estados Unidos, donde enfrenta un juicio federal por delitos de narcotr\u00e1fico desde el 3 de enero.<\/p>\n<p>El gobierno venezolano declar\u00f3 el Estado de Conmoci\u00f3n Exterior en todo el territorio nacional. Posteriormente, el Tribunal Supremo de Justicia (TSJ) orden\u00f3 a la vicepresidenta Delcy Rodr\u00edguez asumir las funciones del Ejecutivo en calidad de presidenta encargada ante la ausencia de Maduro. <\/p>\n<p>Las autoridades estadounidenses trasladaron a Nicol\u00e1s Maduro y Cilia Flores desde el Metropolitan Detention Center de Nueva York hasta el Tribunal Federal de ese estado para su primera comparecencia. All\u00ed se declararon inocentes y solicitaron atenci\u00f3n m\u00e9dica por posibles lesiones provocadas durante el operativo de extracci\u00f3n. Su pr\u00f3xima audiencia est\u00e1 pautada para el 17 marzo de 2025.<\/p>\n<p><!-- CONTENT END 1 -->\n<\/div>\n<p><script async src=\"https:\/\/platform.twitter.com\/widgets.js\" charset=\"utf-8\"><\/script><br \/>\n<br \/>\n","protected":false},"excerpt":{"rendered":"<p>Usuarios en redes sociales reportaron el cierre de la avenida Urdanetaen Caracas, para el viernes 16 de enero. V\u00edas alternas Movilizaciones oficialistas en Caracas El tr\u00e1nsito por el elevado de la avenida Urdaneta se encuentra restringido y tambi\u00e9n reportaron que instalaron una tarima en la esquina de Santa Capilla, cerca de la sede del edificio &hellip;<\/p>\n","protected":false},"author":1,"featured_media":55791,"comment_status":"open","ping_status":"open","sticky":false,"template":"","format":"standard","meta":{"fifu_image_url":"https:\/\/eldiario.com\/wp-content\/uploads\/2023\/09\/Avenida-Urdaneta-Caracas-carros-vehiculos-gente-personas-calle-EFE.jpg","fifu_image_alt":"","footnotes":""},"categories":[13],"tags":[],"class_list":["post-55789","post","type-post","status-publish","format-standard","has-post-thumbnail","","category-mundo"],"_links":{"self":[{"href":"https:\/\/noticiasveraces.com\/index.php?rest_route=\/wp\/v2\/posts\/55789","targetHints":{"allow":["GET"]}}],"collection":[{"href":"https:\/\/noticiasveraces.com\/index.php?rest_route=\/wp\/v2\/posts"}],"about":[{"href":"https:\/\/noticiasveraces.com\/index.php?rest_route=\/wp\/v2\/types\/post"}],"author":[{"embeddable":true,"href":"https:\/\/noticiasveraces.com\/index.php?rest_route=\/wp\/v2\/users\/1"}],"replies":[{"embeddable":true,"href":"https:\/\/noticiasveraces.com\/index.php?rest_route=%2Fwp%2Fv2%2Fcomments&post=55789"}],"version-history":[{"count":0,"href":"https:\/\/noticiasveraces.com\/index.php?rest_route=\/wp\/v2\/posts\/55789\/revisions"}],"wp:featuredmedia":[{"embeddable":true,"href":"https:\/\/noticiasveraces.com\/index.php?rest_route=\/wp\/v2\/media\/55791"}],"wp:attachment":[{"href":"https:\/\/noticiasveraces.com\/index.php?rest_route=%2Fwp%2Fv2%2Fmedia&parent=55789"}],"wp:term":[{"taxonomy":"category","embeddable":true,"href":"https:\/\/noticiasveraces.com\/index.php?rest_route=%2Fwp%2Fv2%2Fcategories&post=55789"},{"taxonomy":"post_tag","embeddable":true,"href":"https:\/\/noticiasveraces.com\/index.php?rest_route=%2Fwp%2Fv2%2Ftags&post=55789"}],"curies":[{"name":"wp","href":"https:\/\/api.w.org\/{rel}","templated":true}]}}