{"id":55778,"date":"2026-01-16T08:30:15","date_gmt":"2026-01-16T12:30:15","guid":{"rendered":"https:\/\/noticiasveraces.com\/?p=55778"},"modified":"2026-01-16T08:30:15","modified_gmt":"2026-01-16T12:30:15","slug":"sanidad-denuncia-al-gobierno-de-ayuso-por-no-tener-registro-de-objetores-del-aborto-sociedad","status":"publish","type":"post","link":"https:\/\/noticiasveraces.com\/?p=55778","title":{"rendered":"Sanidad denuncia al Gobierno de Ayuso por no tener registro de objetores del aborto | Sociedad"},"content":{"rendered":"<p> \n<br \/><img decoding=\"async\" src=\"https:\/\/imagenes.elpais.com\/resizer\/v2\/IO7LIU77HNMOBBKDFS27XN53WE.jpg?auth=06bde739b175aca470def3354c3cb7c89b74b7d276f9b0618fb666c729bf9812\" \/><\/p>\n<div data-dtm-region=\"articulo_cuerpo\">\n<p class=\"\">La batalla entre la Comunidad de Madrid y el Ministerio de Sanidad por la ley del aborto ya est\u00e1 en los tribunales. El departamento de la ministra M\u00f3nica Garc\u00eda registr\u00f3 el jueves un recurso contencioso-administrativo contra el Gobierno de Isabel D\u00edaz Ayuso en el Tribunal Superior de Justicia de Madrid (TSJM) por no crear un registro de objetores de conciencia, seg\u00fan la demanda a la que ha tenido acceso EL PA\u00cdS. <\/p>\n<p class=\"\">El registro es una herramienta que mandata la ley org\u00e1nica de 2023 y cuya puesta en marcha est\u00e1 articulada en un protocolo aprobado el 16 de diciembre de 2024 por el Pleno del Consejo Interterritorial del Sistema Nacional de Salud, con el voto favorable de todas las consejer\u00edas de Sanidad, incluida la madrile\u00f1a.<\/p>\n<p class=\"\">A partir de ese momento, las comunidades aut\u00f3nomas fueron creando esos listados. Sanidad hizo un informe para investigar su cumplimiento en septiembre. Entonces todav\u00eda eran cuatro las que no contaban con \u00e9l. Asturias comenz\u00f3 el tr\u00e1mite inmediatamente despu\u00e9s, mientras que Arag\u00f3n y Baleares lo hicieron tras un requerimiento oficial del ministerio. Madrid fue la \u00fanica que no movi\u00f3 ficha. <\/p>\n<p class=\"\">El Gobierno de Ayuso convirti\u00f3 este tr\u00e1mite administrativo en una batalla ideol\u00f3gica. La presidenta de la Comunidad de Madrid asegur\u00f3 que el registro es \u201cuna lista negra\u201d que \u201cnunca\u201d crear\u00eda. En la Asamblea de Madrid lleg\u00f3 a decir: \u201c\u00a1V\u00e1yanse a otro lado a abortar!\u201d, en un debate sobre este asunto.<\/p>\n<p class=\"\">El registro es una herramienta confidencial, que no puede ser consultada por la poblaci\u00f3n, y que tiene fines organizativos en los hospitales, de forma que puedan garantizar la prestaci\u00f3n del servicio. <\/p>\n<p class=\"\">Son muchos los hospitales p\u00fablicos en los que no se hacen abortos y esta medida tiene el objeto de que esta realidad cambie, pese a que la ley de 2023 estipula que las administraciones tienen que garantizar el derecho, pero de forma indistinta en centros de titularidad p\u00fablica o concertados.<\/p>\n<p class=\"\">Existe tambi\u00e9n un registro de objetores de conciencia de la eutanasia, que tiene parecidas caracter\u00edsticas al del aborto: no es p\u00fablico y sirve para que los servicios de salud sepan con qu\u00e9 profesionales pueden contar para prestar el servicio. Madrid cre\u00f3 este listado sin mayor pol\u00e9mica. <\/p>\n<p class=\"\">Ante la inacci\u00f3n de varias comunidades, Sanidad dio en octubre tres meses de plazo para la creaci\u00f3n del registro mediante un requerimiento oficial, y es ahora cuando formaliza la denuncia ante los tribunales, algo que ya hab\u00eda anunciado Garc\u00eda, quien insisti\u00f3 en que utilizar\u00eda \u201ctodas las herramientas\u201d a su alcance para que se cumpliera la ley. <\/p>\n<p class=\"\">En declaraciones a EL PA\u00cdS, la ministra subraya que la estrategia de la Comunidad de Madrid forma parte de \u201cuna ofensiva contra los derechos de las mujeres que no es casual ni aislada\u201d. \u201cSe expresa en decisiones institucionales que incumplen la ley y tambi\u00e9n en declaraciones nauseabundas que ponen en duda a las v\u00edctimas de agresiones sexuales [en referencia a la denuncia presentada por dos extrabajadoras de Julio Iglesias]. Todo forma parte del mismo clima: cuestionar la palabra de las mujeres, sembrar miedo, estigmatizar y hacer retroceder derechos que costaron d\u00e9cadas conquistar\u201d, agrega.<\/p>\n<p class=\"\">Frente a esa \u201cofensiva\u201d, Garc\u00eda asegura que estar\u00e1n donde haga falta, \u201ctambi\u00e9n en los tribunales, defendiendo la libertad, la salud y la dignidad de las mujeres\u201d. \u201cLa Comunidad de Madrid ha tenido tiempo, requerimientos y margen suficiente para cumplir la ley. Ha elegido no hacerlo. Y cuando una administraci\u00f3n da la espalda a las mujeres, el Gobierno tiene la obligaci\u00f3n de actuar. El registro de objetores es una herramienta imprescindible para asegurar que el derecho al aborto se cumple de manera efectiva y sin obst\u00e1culos\u201d, zanja.<\/p>\n<p class=\"\">Ahora ser\u00e1 el TSJM el que tendr\u00e1 que decidir si obliga a la Comunidad de Madrid a crear el registro. <\/p>\n<\/div>\n\n","protected":false},"excerpt":{"rendered":"<p>La batalla entre la Comunidad de Madrid y el Ministerio de Sanidad por la ley del aborto ya est\u00e1 en los tribunales. El departamento de la ministra M\u00f3nica Garc\u00eda registr\u00f3 el jueves un recurso contencioso-administrativo contra el Gobierno de Isabel D\u00edaz Ayuso en el Tribunal Superior de Justicia de Madrid (TSJM) por no crear un &hellip;<\/p>\n","protected":false},"author":1,"featured_media":55780,"comment_status":"open","ping_status":"open","sticky":false,"template":"","format":"standard","meta":{"fifu_image_url":"https:\/\/imagenes.elpais.com\/resizer\/v2\/IO7LIU77HNMOBBKDFS27XN53WE.jpg?auth=06bde739b175aca470def3354c3cb7c89b74b7d276f9b0618fb666c729bf9812&width=1200","fifu_image_alt":"","footnotes":""},"categories":[11],"tags":[],"class_list":["post-55778","post","type-post","status-publish","format-standard","has-post-thumbnail","","category-viaje"],"_links":{"self":[{"href":"https:\/\/noticiasveraces.com\/index.php?rest_route=\/wp\/v2\/posts\/55778","targetHints":{"allow":["GET"]}}],"collection":[{"href":"https:\/\/noticiasveraces.com\/index.php?rest_route=\/wp\/v2\/posts"}],"about":[{"href":"https:\/\/noticiasveraces.com\/index.php?rest_route=\/wp\/v2\/types\/post"}],"author":[{"embeddable":true,"href":"https:\/\/noticiasveraces.com\/index.php?rest_route=\/wp\/v2\/users\/1"}],"replies":[{"embeddable":true,"href":"https:\/\/noticiasveraces.com\/index.php?rest_route=%2Fwp%2Fv2%2Fcomments&post=55778"}],"version-history":[{"count":0,"href":"https:\/\/noticiasveraces.com\/index.php?rest_route=\/wp\/v2\/posts\/55778\/revisions"}],"wp:featuredmedia":[{"embeddable":true,"href":"https:\/\/noticiasveraces.com\/index.php?rest_route=\/wp\/v2\/media\/55780"}],"wp:attachment":[{"href":"https:\/\/noticiasveraces.com\/index.php?rest_route=%2Fwp%2Fv2%2Fmedia&parent=55778"}],"wp:term":[{"taxonomy":"category","embeddable":true,"href":"https:\/\/noticiasveraces.com\/index.php?rest_route=%2Fwp%2Fv2%2Fcategories&post=55778"},{"taxonomy":"post_tag","embeddable":true,"href":"https:\/\/noticiasveraces.com\/index.php?rest_route=%2Fwp%2Fv2%2Ftags&post=55778"}],"curies":[{"name":"wp","href":"https:\/\/api.w.org\/{rel}","templated":true}]}}