{"id":55741,"date":"2026-01-16T00:23:04","date_gmt":"2026-01-16T04:23:04","guid":{"rendered":"https:\/\/noticiasveraces.com\/?p=55741"},"modified":"2026-01-16T00:23:04","modified_gmt":"2026-01-16T04:23:04","slug":"juez-propone-restringir-la-deportacion-de-estudiantes-activistas","status":"publish","type":"post","link":"https:\/\/noticiasveraces.com\/?p=55741","title":{"rendered":"Juez propone restringir la deportaci\u00f3n de estudiantes activistas"},"content":{"rendered":"<p> \n<\/p>\n<div data-testid=\"companionColumn-0\">\n<div class=\"css-53u6y8\">\n<p class=\"css-ac37hb evys1bk0\">Un juez federal dijo el jueves que restringir\u00eda la capacidad de la administraci\u00f3n Trump de deportar a miembros no ciudadanos de dos importantes organizaciones acad\u00e9micas, compartiendo su visi\u00f3n sobre c\u00f3mo proceder en un caso que pone a prueba los derechos de los estudiantes activistas de la Primera Enmienda.<\/p>\n<p class=\"css-ac37hb evys1bk0\">Durante una audiencia en el Tribunal Federal de Distrito de Boston, el juez William G. Young, designado por Reagan, calific\u00f3 a Trump de gobernante \u201cautoritario\u201d que no estaba a la altura de su responsabilidad de defender la Primera Enmienda.<\/p>\n<p class=\"css-ac37hb evys1bk0\">El juez Young, que tiene 85 a\u00f1os y ha trabajado en el tribunal durante cuatro d\u00e9cadas, ha calificado el caso sobre el intento del gobierno de deportar a manifestantes estudiantiles como el m\u00e1s importante de su carrera. El jueves, describi\u00f3 su indignaci\u00f3n por la forma en que la administraci\u00f3n hab\u00eda tratado a los estudiantes no ciudadanos, quienes, seg\u00fan descubri\u00f3, estaban destinados a ser expulsados \u200b\u200bdel pa\u00eds debido a su discurso.<\/p>\n<p class=\"css-ac37hb evys1bk0\">Dijo que su propuesta era una restricci\u00f3n espec\u00edfica a la administraci\u00f3n Trump por lo que describi\u00f3 como un abuso de poder generalizado e inconstitucional.<\/p>\n<\/div>\n<aside class=\"css-ew4tgv\" aria-label=\"companion column\"\/><\/div>\n<div data-testid=\"companionColumn-1\">\n<div class=\"css-53u6y8\">\n<p class=\"css-ac37hb evys1bk0\">Seg\u00fan la orden propuesta, la administraci\u00f3n se ver\u00eda obligada a responder ante los tribunales si intentara deportar a cualquiera de los miembros de las dos organizaciones involucradas, explicando a un juez por qu\u00e9 razones distintas a su discurso justificar\u00edan su expulsi\u00f3n. A\u00f1adi\u00f3 que cualquier aplicaci\u00f3n adversa de la ley de inmigraci\u00f3n contra un miembro del grupo se presumir\u00eda como una represalia y que el gobierno tendr\u00eda que demostrar que no lo era.<\/p>\n<p class=\"css-ac37hb evys1bk0\">En septiembre, el juez Young emiti\u00f3 una opini\u00f3n de 161 p\u00e1ginas en la que afirmaba que la Primera Enmienda cubre el discurso de los no ciudadanos que estudian en el pa\u00eds y que el gobierno hab\u00eda violado esas protecciones al intentar deportar a estudiantes activistas no ciudadanos que se encontraban en el pa\u00eds legalmente.<\/p>\n<p class=\"css-ac37hb evys1bk0\">La audiencia del jueves fue su intento de encontrar un remedio para obligar a la administraci\u00f3n Trump a cambiar sus pol\u00edticas de deportaci\u00f3n de manifestantes estudiantiles. Dijo que emitir\u00eda la orden despu\u00e9s de que los abogados que representan a los grupos presentaran un borrador escrito que formalizar\u00eda su propuesta.<\/p>\n<p class=\"css-ac37hb evys1bk0\">El juez Young dijo a los abogados de ambas partes que consideraba que su soluci\u00f3n era la forma m\u00e1s viable de frenar a la administraci\u00f3n Trump. Al mismo tiempo, explic\u00f3 repetidamente lo enfadado que estaba por la conducta de la administraci\u00f3n.<\/p>\n<p class=\"css-ac37hb evys1bk0\">Calific\u00f3 un esfuerzo de la administraci\u00f3n para deportar a cinco estudiantes que hab\u00edan estado en los Estados Unidos como una \u201cconspiraci\u00f3n inconstitucional\u201d para \u201ctorcer las leyes\u201d y \u201celiminar\u201d a algunos activistas prominentes con miras a intimidar a todos los no ciudadanos en el mundo acad\u00e9mico.<\/p>\n<\/div>\n<aside class=\"css-ew4tgv\" aria-label=\"companion column\"\/><\/div>\n<div data-testid=\"companionColumn-2\">\n<div class=\"css-53u6y8\">\n<p class=\"css-ac37hb evys1bk0\">El juez Young dijo que Trump no estaba respetando la Constituci\u00f3n. Y acus\u00f3 al secretario de Estado, Marco Rubio, y a la secretaria de Seguridad Nacional, Kristi Noem, de \u201cconspirar para infringir\u201d los derechos de los estudiantes no ciudadanos.<\/p>\n<p class=\"css-ac37hb evys1bk0\">\u201cHablando claro, el gran problema en este caso es que los secretarios del gabinete y, aparentemente, el presidente de Estados Unidos no est\u00e1n respetando la Primera Enmienda\u201d, dijo.<\/p>\n<p class=\"css-ac37hb evys1bk0\">A partir de marzo, la administraci\u00f3n Trump arrest\u00f3 a una serie de estudiantes no ciudadanos que hab\u00edan participado activamente en manifestaciones universitarias contra Israel en varias universidades importantes.<\/p>\n<p class=\"css-ac37hb evys1bk0\">Invocando una disposici\u00f3n de la ley de inmigraci\u00f3n extremadamente raramente utilizada, el Departamento de Estado, encabezado por Rubio, determin\u00f3 que la presencia de los estudiantes en Estados Unidos podr\u00eda tener \u201cconsecuencias potencialmente graves y adversas en pol\u00edtica exterior\u201d para el pa\u00eds, y autoriz\u00f3 su expulsi\u00f3n.<\/p>\n<p class=\"css-ac37hb evys1bk0\">Los arrestos acompa\u00f1aron una campa\u00f1a m\u00e1s amplia dirigida a las universidades y particularmente a sus estudiantes extranjeros, incluso a trav\u00e9s de una pol\u00edtica de examinar las cuentas de redes sociales de ciudadanos extranjeros que solicitan visas de estudiantes y acad\u00e9micos visitantes para verificar cualquier cr\u00edtica a la administraci\u00f3n Trump. Trump y altos funcionarios como Rubio y Linda McMahon, la secretaria de Educaci\u00f3n, tambi\u00e9n citaron acusaciones de antisemitismo en manifestaciones universitarias para justificar la retenci\u00f3n de miles de millones en fondos federales de m\u00e1s de media docena de escuelas prominentes.<\/p>\n<\/div>\n<aside class=\"css-ew4tgv\" aria-label=\"companion column\"\/><\/div>\n<div data-testid=\"companionColumn-3\">\n<div class=\"css-53u6y8\">\n<p class=\"css-ac37hb evys1bk0\">Las organizaciones acad\u00e9micas que demandaron dijeron que las acciones hab\u00edan obligado a estudiantes y profesores a evitar hablar sobre temas que tem\u00edan que pudieran poner en peligro su estatus legal o la financiaci\u00f3n de sus empleadores.<\/p>\n<p class=\"css-ac37hb evys1bk0\">El jueves, el juez Young dijo que le preocupaban las soluciones \u201cdemasiado amplias\u201d, particularmente a la luz del fallo de la Corte Suprema el a\u00f1o pasado que limit\u00f3 las amplias medidas cautelares que abarcan todo el pa\u00eds.<\/p>\n<p class=\"css-ac37hb evys1bk0\">Propuso limitar su atenci\u00f3n al subconjunto de no ciudadanos que son miembros de la Asociaci\u00f3n Estadounidense de Profesores Universitarios y de la Asociaci\u00f3n de Estudios de Oriente Medio, los dos grupos que hab\u00edan demandado.<\/p>\n<p class=\"css-ac37hb evys1bk0\">Los abogados que representan a las organizaciones acad\u00e9micas hab\u00edan buscado un fallo m\u00e1s amplio a nivel nacional que bloqueara cualquier pol\u00edtica sistem\u00e1tica de lo que llamaron \u201cdeportaciones ideol\u00f3gicas\u201d.<\/p>\n<p class=\"css-ac37hb evys1bk0\">Hab\u00edan argumentado que un remedio limitado ser\u00eda injusto para aquellos que no pertenecen a sus grupos pero que alg\u00fan d\u00eda podr\u00edan unirse y enfrentar amenazas de deportaci\u00f3n similares. Y agregaron que las organizaciones, que no recopilan informaci\u00f3n de manera rutinaria sobre el estatus migratorio de sus miembros, podr\u00edan mostrarse reacias a entregar una lista de miembros vulnerables.<\/p>\n<\/div>\n<aside class=\"css-ew4tgv\" aria-label=\"companion column\"\/><\/div>\n<div data-testid=\"companionColumn-4\">\n<div class=\"css-53u6y8\">\n<p class=\"css-ac37hb evys1bk0\">Pero el juez Young insisti\u00f3 en su propuesta y expres\u00f3 su deseo de concluir r\u00e1pidamente el caso.<\/p>\n<p class=\"css-ac37hb evys1bk0\">\u00ab\u00c9sta es la \u00fanica soluci\u00f3n que se me ocurre\u00bb, afirm\u00f3.<\/p>\n<p class=\"css-ac37hb evys1bk0\">Los abogados del Departamento de Justicia dijeron al juez Young que cre\u00edan que no pod\u00eda imponer ninguna restricci\u00f3n a la administraci\u00f3n Trump, idea que \u00e9l rechaz\u00f3 con enojo. Se\u00f1alaron que probablemente apelar\u00edan, dependiendo de la orden final.<\/p>\n<p class=\"css-ac37hb evys1bk0\">M\u00e1s temprano el jueves, un tribunal federal de apelaciones dictamin\u00f3 que un juez del Tribunal Federal de Distrito orden\u00f3 indebidamente la liberaci\u00f3n de uno de los estudiantes en el centro del caso del juez Young, Mahmoud Khalil, el a\u00f1o pasado. Los abogados de Khalil se comprometieron a apelar, pero el fallo signific\u00f3 que el esfuerzo de deportaci\u00f3n contra Khalil podr\u00eda reanudarse.<\/p>\n<p class=\"css-ac37hb evys1bk0\">Khalil, que naci\u00f3 en Siria y es de ascendencia palestina, tiene una tarjeta verde y est\u00e1 casado con un ciudadano estadounidense. Estuvo entre los l\u00edderes m\u00e1s visibles y vocales de las manifestaciones pro palestinas en la Universidad de Columbia, que provocaron un ataque particular por parte del presidente.<\/p>\n<p class=\"css-ac37hb evys1bk0\">El Sr. Khalil no particip\u00f3 personalmente en la demanda ante el juez Young, pero los grupos acad\u00e9micos citaron los intentos del gobierno de deportarlo como un ejemplo de lo que otros acad\u00e9micos tem\u00edan que les pudiera pasar a ellos.<\/p>\n<\/div>\n<aside class=\"css-ew4tgv\" aria-label=\"companion column\"\/><\/div>\n<div data-testid=\"companionColumn-5\">\n<div class=\"css-53u6y8\">\n<p class=\"css-ac37hb evys1bk0\">Por otra parte, el jueves, el juez Young acord\u00f3 hacer p\u00fablicas las pruebas admitidas como prueba en el caso, todas las cuales fueron selladas provisionalmente durante el juicio. El New York Times y otros medios de comunicaci\u00f3n hab\u00edan solicitado el a\u00f1o pasado que se abrieran los precintos de las exposiciones.<\/p>\n<p class=\"css-ac37hb evys1bk0\">Pero dijo a los abogados que representan al Times y otras organizaciones que esperar\u00eda para publicar los documentos junto con su sentencia en el caso el pr\u00f3ximo jueves.<\/p>\n<\/div>\n<aside class=\"css-ew4tgv\" aria-label=\"companion column\"\/><\/div>\n\n","protected":false},"excerpt":{"rendered":"<p>Un juez federal dijo el jueves que restringir\u00eda la capacidad de la administraci\u00f3n Trump de deportar a miembros no ciudadanos de dos importantes organizaciones acad\u00e9micas, compartiendo su visi\u00f3n sobre c\u00f3mo proceder en un caso que pone a prueba los derechos de los estudiantes activistas de la Primera Enmienda. Durante una audiencia en el Tribunal Federal &hellip;<\/p>\n","protected":false},"author":1,"featured_media":55742,"comment_status":"open","ping_status":"open","sticky":false,"template":"","format":"standard","meta":{"fifu_image_url":"https:\/\/static01.nyt.com\/images\/2026\/01\/15\/multimedia\/15dc-speech-hmqt\/15dc-speech-hmqt-facebookJumbo.jpg","fifu_image_alt":"","footnotes":""},"categories":[13],"tags":[],"class_list":["post-55741","post","type-post","status-publish","format-standard","has-post-thumbnail","","category-mundo"],"_links":{"self":[{"href":"https:\/\/noticiasveraces.com\/index.php?rest_route=\/wp\/v2\/posts\/55741","targetHints":{"allow":["GET"]}}],"collection":[{"href":"https:\/\/noticiasveraces.com\/index.php?rest_route=\/wp\/v2\/posts"}],"about":[{"href":"https:\/\/noticiasveraces.com\/index.php?rest_route=\/wp\/v2\/types\/post"}],"author":[{"embeddable":true,"href":"https:\/\/noticiasveraces.com\/index.php?rest_route=\/wp\/v2\/users\/1"}],"replies":[{"embeddable":true,"href":"https:\/\/noticiasveraces.com\/index.php?rest_route=%2Fwp%2Fv2%2Fcomments&post=55741"}],"version-history":[{"count":0,"href":"https:\/\/noticiasveraces.com\/index.php?rest_route=\/wp\/v2\/posts\/55741\/revisions"}],"wp:featuredmedia":[{"embeddable":true,"href":"https:\/\/noticiasveraces.com\/index.php?rest_route=\/wp\/v2\/media\/55742"}],"wp:attachment":[{"href":"https:\/\/noticiasveraces.com\/index.php?rest_route=%2Fwp%2Fv2%2Fmedia&parent=55741"}],"wp:term":[{"taxonomy":"category","embeddable":true,"href":"https:\/\/noticiasveraces.com\/index.php?rest_route=%2Fwp%2Fv2%2Fcategories&post=55741"},{"taxonomy":"post_tag","embeddable":true,"href":"https:\/\/noticiasveraces.com\/index.php?rest_route=%2Fwp%2Fv2%2Ftags&post=55741"}],"curies":[{"name":"wp","href":"https:\/\/api.w.org\/{rel}","templated":true}]}}