{"id":55732,"date":"2026-01-15T20:19:17","date_gmt":"2026-01-16T00:19:17","guid":{"rendered":"https:\/\/noticiasveraces.com\/?p=55732"},"modified":"2026-01-15T20:19:17","modified_gmt":"2026-01-16T00:19:17","slug":"tribunal-supremo-de-brasil-ordena-trasladar-a-jair-bolsonaro-a-un-centro-penitenciario-de-brasilia","status":"publish","type":"post","link":"https:\/\/noticiasveraces.com\/?p=55732","title":{"rendered":"Tribunal Supremo de Brasil ordena trasladar a Jair Bolsonaro a un centro penitenciario de Brasilia"},"content":{"rendered":"<p> \n<\/p>\n<div>\n<p>Jair Bolsonaro, l\u00edder de la extrema derecha en Brasil y expresidente del pa\u00eds (2019-2023), ser\u00e1 trasladado \u2013por orden del Tribunal Supremo de Brasil\u2013 a una celda m\u00e1s espaciosa de un nuevo centro penitenciario. As\u00ed lo dicta una orden judicial del juez Alexandre de Moraes, que ordena que el expresidente sea transferido al Complejo Penitenciario de Papuda en Brasilia. <\/p>\n<p>El ex m\u00e1ximo mandatario brasile\u00f1o, que cumpl\u00eda su condena de 27 a\u00f1os por planear un golpe de Estado en la Superintendencia de la Polic\u00eda Federal, ser\u00e1 trasladado \u2013seg\u00fan el juez\u2013 para estar en mejores condiciones y recibir asistencia m\u00e9dica y visitas semanales de su familia.  <\/p>\n<p>En el texto obtenido por AFP, el magistrado afirma que el traslado se produce para que existan condiciones de reclusi\u00f3n \u00abm\u00e1s favorables\u00bb. Adem\u00e1s, Moraes cita que\u00a0ser\u00e1 trasladado a una celda \u00abigualmente exclusiva y con total aislamiento en relaci\u00f3n a los dem\u00e1s presos\u00bb.<\/p>\n<p>Bolsonaro deber\u00e1 cumplir su condena en un edificio conocido como Papudinha, donde han estado encarcelados otros pol\u00edticos brasile\u00f1os, incluido Anderson Torres, ministro de Justicia de Brasil bajo su administraci\u00f3n.<\/p>\n<p>La nueva celda del expresidente tiene aproximadamente <strong>65 metros cuadrados<\/strong>mayor que la habitaci\u00f3n de 12 metros cuadrados en la que se encontraba hasta entonces. La celda incluye un <strong>dormitorio, un ba\u00f1o, una cocina y una sala de estar<\/strong>seg\u00fan el tribunal, y a\u00f1adi\u00f3 que cumplir\u00e1 su condena en solitario.<\/p>\n<h2><strong>Golpe en la cabeza<\/strong><\/h2>\n<p>Jair Bolsonaro, seg\u00fan su esposa, sufri\u00f3 una ca\u00edda en su celda a principios de enero y tuvo que recibir <strong>asistencia m\u00e9dica<\/strong>. La justicia permiti\u00f3, a petici\u00f3n de la defensa, que se le sometiera a un examen que inclu\u00eda una tomograf\u00eda, una resonancia magn\u00e9tica y un electroencefalograma para determinar el alcance de las lesiones. <\/p>\n<p>Mientras sus abogados insisten en que el expresidente vuelva a su domicilio para cumplir la pena impuesta \u2013por causas \u00abhumanitarias\u00bb\u2013, el juez de Moraes respondi\u00f3 brind\u00e1ndole un mayor espacio para que la cumpla.<\/p>\n<p>En una extensa sentencia, el magistrado quiso dejar claro que \u00abmentirosa y lamentablemente\u00bb hay un intento sistem\u00e1tico de \u00abdeslegitimar el regular y legal cumplimiento de la pena privativa de libertad\u00bb que Bolsonaro cumpl\u00eda en la Polic\u00eda Federal \u00abcon absoluto respeto a la dignidad de la persona humana\u00bb.<\/p>\n<div class=\"em-video-wrapper m-em-video\" data-media-video-wbmz362560-f24-es-20260116=\"\" data-wrapper-video-player=\"\" data-show-hidden-video-player=\"WBMZ362560-F24-ES-20260116\" data-youtube-script=\"\">\n<div class=\"m-em-video__video\">\n<div class=\"o-em-consent \">\n<div class=\"o-em-consent__content\">\n<p class=\"o-em-consent__content__text\">Para mostrar este contenido de YouTube, debe autorizar las cookies de medici\u00f3n de audiencia y publicidad.<\/p>\n<p>        <button class=\"a-master-button a-master-button--dark\" data-action=\"accept\"><\/p>\n<p>            Aceptar<\/p>\n<p>  <svg class=\"a-svg a-svg--icon-check\">\n    <use xlink:href=\"http:\/\/www.france24.com\/build\/images\/svg\/sprite.17415c6ec01e4a8b145df03c806104d3.svg#icon-check\" href=\"http:\/\/www.france24.com\/build\/images\/svg\/sprite.17415c6ec01e4a8b145df03c806104d3.svg#icon-check\"\/>\n  <\/svg><br \/>\n        <\/button><br \/>\n        <button class=\"a-link\" data-action=\"manage\">Gestionar mis opciones<i class=\"a-svg a-svg--icon-edit\"\/><\/button>\n    <\/div>\n<\/div>\n<div class=\"o-em-adblock\" data-adblock-content=\"\">\n<div class=\"o-em-adblock__content\">\n<p class=\"o-em-adblock__content__text\">Una extensi\u00f3n de tu navegador parece estar bloqueando la carga del reproductor de video. Para poder ver este contenido, debes desactivarla en este sitio.<\/p>\n<p>            <button class=\"a-master-button a-master-button--dark\" data-action=\"reload\">Reintentar<\/button>\n    <\/div>\n<\/div>\n<figure class=\"m-item-image m-item-image--16x9 m-item-image--has-caption\">\n<picture class=\"a-picture a-picture--16x9\"><source type=\"image\/webp\" srcset=\"https:\/\/s.france24.com\/media\/display\/4c309c62-ece1-11f0-949b-005056bfb2b6\/w:388\/p:16x9\/ES-20260108-163528-163721-CS.webp 388w,https:\/\/s.france24.com\/media\/display\/4c309c62-ece1-11f0-949b-005056bfb2b6\/w:720\/p:16x9\/ES-20260108-163528-163721-CS.webp 720w,https:\/\/s.france24.com\/media\/display\/4c309c62-ece1-11f0-949b-005056bfb2b6\/w:1024\/p:16x9\/ES-20260108-163528-163721-CS.webp 1024w\" sizes=\"(max-width: 639px) calc(100vw - 32px), (max-width: 1076px) calc(100vw - 44px), 850px\"><img fetchpriority=\"low\" decoding=\"async\" src=\"https:\/\/s.france24.com\/media\/display\/4c309c62-ece1-11f0-949b-005056bfb2b6\/w:1024\/p:16x9\/ES-20260108-163528-163721-CS.jpg\" srcset=\"https:\/\/s.france24.com\/media\/display\/4c309c62-ece1-11f0-949b-005056bfb2b6\/w:388\/p:16x9\/ES-20260108-163528-163721-CS.jpg 388w,https:\/\/s.france24.com\/media\/display\/4c309c62-ece1-11f0-949b-005056bfb2b6\/w:720\/p:16x9\/ES-20260108-163528-163721-CS.jpg 720w,https:\/\/s.france24.com\/media\/display\/4c309c62-ece1-11f0-949b-005056bfb2b6\/w:1024\/p:16x9\/ES-20260108-163528-163721-CS.jpg 1024w\" sizes=\"auto, (max-width: 639px) calc(100vw - 32px), (max-width: 1076px) calc(100vw - 44px), 850px\" width=\"1024\" height=\"576\" alt=\"\" loading=\"lazy\" class=\"a-img \"\/><br \/>\n<\/source><\/picture><figcaption class=\"a-figcaption\">\n                                <span>\u00a9 Francia 24<\/span>            <\/figcaption><\/figure>\n<\/p><\/div>\n<\/p><\/div>\n<p>Moraes tambi\u00e9n quiso citar una serie de recursos presentados por sus abogados, donde Bolsonaro, supuestamente, carece de atenci\u00f3n m\u00e9dica de urgencia, no\u00a0cuenta con una televisi\u00f3n inteligente o se aqueja de un aire acondicionado que no es silencioso.<\/p>\n<p>El expresidente se encontraba en prisi\u00f3n domiciliaria, pero fue encarcelado a finales del mes de noviembre por <strong>riesgo de \u00abfuga\u00bb<\/strong>tras ser acusado por la justicia de intentar retirarse la tobillera electr\u00f3nica para escapar.<\/p>\n<p>Bolsonaro cumpl\u00eda su condena en una celda especial de la Polic\u00eda Federal en Brasilia desde noviembre, de la que tan solo ha salido dos veces para acudir al hospital, la primera vez a finales de diciembre para una serie de cirug\u00edas y a principios de enero para ex\u00e1menes m\u00e9dicos.<\/p>\n<p>Con Reuters y EFE.<\/p>\n<\/p><\/div>\n\n","protected":false},"excerpt":{"rendered":"<p>Jair Bolsonaro, l\u00edder de la extrema derecha en Brasil y expresidente del pa\u00eds (2019-2023), ser\u00e1 trasladado \u2013por orden del Tribunal Supremo de Brasil\u2013 a una celda m\u00e1s espaciosa de un nuevo centro penitenciario. As\u00ed lo dicta una orden judicial del juez Alexandre de Moraes, que ordena que el expresidente sea transferido al Complejo Penitenciario de &hellip;<\/p>\n","protected":false},"author":1,"featured_media":55734,"comment_status":"open","ping_status":"open","sticky":false,"template":"","format":"standard","meta":{"fifu_image_url":"https:\/\/s.france24.com\/media\/display\/ecb4a5ca-ebe2-11f0-9d6d-005056a90284\/w:1280\/p:16x9\/9d8264ccfac8137ec58159f9649f9f825b260686.jpg","fifu_image_alt":"","footnotes":""},"categories":[13],"tags":[],"class_list":["post-55732","post","type-post","status-publish","format-standard","has-post-thumbnail","","category-mundo"],"_links":{"self":[{"href":"https:\/\/noticiasveraces.com\/index.php?rest_route=\/wp\/v2\/posts\/55732","targetHints":{"allow":["GET"]}}],"collection":[{"href":"https:\/\/noticiasveraces.com\/index.php?rest_route=\/wp\/v2\/posts"}],"about":[{"href":"https:\/\/noticiasveraces.com\/index.php?rest_route=\/wp\/v2\/types\/post"}],"author":[{"embeddable":true,"href":"https:\/\/noticiasveraces.com\/index.php?rest_route=\/wp\/v2\/users\/1"}],"replies":[{"embeddable":true,"href":"https:\/\/noticiasveraces.com\/index.php?rest_route=%2Fwp%2Fv2%2Fcomments&post=55732"}],"version-history":[{"count":0,"href":"https:\/\/noticiasveraces.com\/index.php?rest_route=\/wp\/v2\/posts\/55732\/revisions"}],"wp:featuredmedia":[{"embeddable":true,"href":"https:\/\/noticiasveraces.com\/index.php?rest_route=\/wp\/v2\/media\/55734"}],"wp:attachment":[{"href":"https:\/\/noticiasveraces.com\/index.php?rest_route=%2Fwp%2Fv2%2Fmedia&parent=55732"}],"wp:term":[{"taxonomy":"category","embeddable":true,"href":"https:\/\/noticiasveraces.com\/index.php?rest_route=%2Fwp%2Fv2%2Fcategories&post=55732"},{"taxonomy":"post_tag","embeddable":true,"href":"https:\/\/noticiasveraces.com\/index.php?rest_route=%2Fwp%2Fv2%2Ftags&post=55732"}],"curies":[{"name":"wp","href":"https:\/\/api.w.org\/{rel}","templated":true}]}}