{"id":55706,"date":"2026-01-15T18:26:01","date_gmt":"2026-01-15T22:26:01","guid":{"rendered":"https:\/\/noticiasveraces.com\/?p=55706"},"modified":"2026-01-15T18:26:01","modified_gmt":"2026-01-15T22:26:01","slug":"sntp-recordo-que-5-periodistas-siguen-detenidos-y-pidio-su-liberacion","status":"publish","type":"post","link":"https:\/\/noticiasveraces.com\/?p=55706","title":{"rendered":"SNTP record\u00f3 que 5 periodistas siguen detenidos y pidi\u00f3 su liberaci\u00f3n"},"content":{"rendered":"<p> \n<\/p>\n<div>\n<p>El Sindicato Nacional de Trabajadores de la Prensa (SNTP) denunci\u00f3 el 15 de enero que cinco periodistas siguen detenidos en Venezuela y <strong>exigi\u00f3 la liberaci\u00f3n plena de todos los presos pol\u00edticos del pa\u00eds. <\/strong><\/p>\n<p>\u201c5 periodistas siguen detenidos. Para ellos y para todos los presos pol\u00edticos, exigimos libertad plena. No es posible avanzar hacia una transici\u00f3n democr\u00e1tica mientras persistan la persecuci\u00f3n, la censura, la prisi\u00f3n arbitraria y la vulneraci\u00f3n de derechos\u201d, escribi\u00f3 el sindicato en una publicaci\u00f3n en su cuenta de X. <\/p>\n<p>Los periodistas que siguen detenidos, en medio del contexto de excarcelaciones anunciadas el 8 de enero por el presidente de la Asamblea Nacional, Jorge Rodr\u00edguez, son: <\/p>\n<figure class=\"wp-block-image size-large\"><img fetchpriority=\"high\" decoding=\"async\" width=\"1200\" height=\"800\" src=\"https:\/\/eldiario.com\/wp-content\/uploads\/2026\/01\/Diseno-sin-titulo-17-1-1200x800.jpg\" alt=\"SNTP record\u00f3 que 5 periodistas siguen detenidos y pidi\u00f3 su liberaci\u00f3n\" class=\"wp-image-838972\" srcset=\"https:\/\/eldiario.com\/wp-content\/uploads\/2026\/01\/Diseno-sin-titulo-17-1-1200x800.jpg 1200w, https:\/\/eldiario.com\/wp-content\/uploads\/2026\/01\/Diseno-sin-titulo-17-1-300x200.jpg 300w, https:\/\/eldiario.com\/wp-content\/uploads\/2026\/01\/Diseno-sin-titulo-17-1-768x512.jpg 768w, https:\/\/eldiario.com\/wp-content\/uploads\/2026\/01\/Diseno-sin-titulo-17-1-1536x1024.jpg 1536w, https:\/\/eldiario.com\/wp-content\/uploads\/2026\/01\/Diseno-sin-titulo-17-1-330x220.jpg 330w, https:\/\/eldiario.com\/wp-content\/uploads\/2026\/01\/Diseno-sin-titulo-17-1-420x280.jpg 420w, https:\/\/eldiario.com\/wp-content\/uploads\/2026\/01\/Diseno-sin-titulo-17-1-615x410.jpg 615w, https:\/\/eldiario.com\/wp-content\/uploads\/2026\/01\/Diseno-sin-titulo-17-1-860x574.jpg 860w, https:\/\/eldiario.com\/wp-content\/uploads\/2026\/01\/Diseno-sin-titulo-17-1-150x100.jpg 150w, https:\/\/eldiario.com\/wp-content\/uploads\/2026\/01\/Diseno-sin-titulo-17-1.jpg 1600w\" sizes=\"(max-width: 1200px) 100vw, 1200px\"\/><figcaption class=\"wp-element-caption\">Foto de : SNTP<\/figcaption><\/figure>\n<p>-Rory Branker, periodista de <em>La Patilla<\/em>detenido desde el 20 de febrero de 2025.<\/p>\n<p>-Deivis Correa, periodista egresado de la\u00a0 Universidad Cat\u00f3lica Santa Rosa (UCSAR), detenido desde el 31 de julio de 2024.<\/p>\n<p>-Juan Pablo Guanipa, comunicador social y dirigente pol\u00edtico detenido desde el 23 de mayo de 2025, y quien ser\u00eda excarcelado el 8 de enero.<\/p>\n<p>-Juan Francisco\u00a0 Alvarado, estudiante de comunicaci\u00f3n social, detenido desde el 20 de marzo de 2025.<\/p>\n<p>-Jonathan Carrillo, estudiante de Comunicaci\u00f3n Social y extrabajador de la Asamblea Nacional, detenido desde el 20 de julio de 2022.<\/p>\n<h2 class=\"wp-block-heading\" id=\"h-las-excarcelaciones-de-periodistas\"><strong>Las excarcelaciones de periodistas<\/strong><\/h2>\n<p>El SNTP, Colegio Nacional de Periodistas (CNP) y Foro Penal ofrecieron un balance sobre la excarcelaci\u00f3n de comunicadores en la ma\u00f1ana del mi\u00e9rcoles 14 de enero. <\/p>\n<p>Las organizaci\u00f3n precisaron que hasta esa fecha se hab\u00edan confirmado 19 excarcelaciones de periodistas y trabajadores de la prensa, considerados como presos pol\u00edticos. <\/p>\n<p>Los periodistas excarcelados:<\/p>\n<p>1. Ram\u00f3n Centeno<\/p>\n<p>2. V\u00edctor Ugas<\/p>\n<p>3. Leandro Palmar<\/p>\n<p>4. Belises Cubill\u00e1n<\/p>\n<p>5. Carlos Marcano<\/p>\n<p>6. Rafael Garc\u00eda M\u00e1rvez<\/p>\n<p>7. Gabriel Gonz\u00e1lez<\/p>\n<p>8. Ronald Carre\u00f1o<\/p>\n<p>9. Julio Balza<\/p>\n<p>10. Nakary Ramos<\/p>\n<figure class=\"wp-block-image size-large\"><img loading=\"lazy\" decoding=\"async\" width=\"1200\" height=\"900\" src=\"https:\/\/eldiario.com\/wp-content\/uploads\/2026\/01\/Nakary-Ramos-1200x900.jpg\" alt=\"SNTP ascendi\u00f3 a 24 la cifra de periodistas detenidos en Venezuela: \u00bfQui\u00e9nes son?\" class=\"wp-image-838106\" srcset=\"https:\/\/eldiario.com\/wp-content\/uploads\/2026\/01\/Nakary-Ramos-1200x900.jpg 1200w, https:\/\/eldiario.com\/wp-content\/uploads\/2026\/01\/Nakary-Ramos-300x225.jpg 300w, https:\/\/eldiario.com\/wp-content\/uploads\/2026\/01\/Nakary-Ramos-768x576.jpg 768w, https:\/\/eldiario.com\/wp-content\/uploads\/2026\/01\/Nakary-Ramos-1536x1152.jpg 1536w, https:\/\/eldiario.com\/wp-content\/uploads\/2026\/01\/Nakary-Ramos-860x645.jpg 860w, https:\/\/eldiario.com\/wp-content\/uploads\/2026\/01\/Nakary-Ramos-150x113.jpg 150w, https:\/\/eldiario.com\/wp-content\/uploads\/2026\/01\/Nakary-Ramos.jpg 1600w\" sizes=\"auto, (max-width: 1200px) 100vw, 1200px\"\/><figcaption class=\"wp-element-caption\">Foto: Espacio P\u00fablico<\/figcaption><\/figure>\n<p>11. Gianni Gonz\u00e1lez<\/p>\n<p>12. Luis L\u00f3pez<\/p>\n<p>13. Carlos Julio Rojas<\/p>\n<p> 14. Nicmer Evans<\/p>\n<p> 15. Mario Ch\u00e1vez<\/p>\n<p>16. Carlos Lesma<\/p>\n<p>17. \u00c1ngel Godoy<\/p>\n<p>18. Omario Castellanos<\/p>\n<p>19. Yorbin Garc\u00eda<\/p>\n<p>Pese a que las autoridades del pa\u00eds han anunciado m\u00e1s de 400 excarcelaciones de presos pol\u00edticos, varias ONG han negado que se est\u00e9 produciendo un n\u00famero significativo de liberaciones, al advertir que el proceso est\u00e1 marcado por retrasos y dilaciones.<\/p>\n<p><!-- CONTENT END 1 -->\n<\/div>\n\n","protected":false},"excerpt":{"rendered":"<p>El Sindicato Nacional de Trabajadores de la Prensa (SNTP) denunci\u00f3 el 15 de enero que cinco periodistas siguen detenidos en Venezuela y exigi\u00f3 la liberaci\u00f3n plena de todos los presos pol\u00edticos del pa\u00eds. \u201c5 periodistas siguen detenidos. Para ellos y para todos los presos pol\u00edticos, exigimos libertad plena. No es posible avanzar hacia una transici\u00f3n &hellip;<\/p>\n","protected":false},"author":1,"featured_media":55708,"comment_status":"open","ping_status":"open","sticky":false,"template":"","format":"standard","meta":{"fifu_image_url":"https:\/\/eldiario.com\/wp-content\/uploads\/2026\/01\/sntp.jpeg","fifu_image_alt":"","footnotes":""},"categories":[4],"tags":[],"class_list":["post-55706","post","type-post","status-publish","format-standard","has-post-thumbnail","","category-historias-destacadas"],"_links":{"self":[{"href":"https:\/\/noticiasveraces.com\/index.php?rest_route=\/wp\/v2\/posts\/55706","targetHints":{"allow":["GET"]}}],"collection":[{"href":"https:\/\/noticiasveraces.com\/index.php?rest_route=\/wp\/v2\/posts"}],"about":[{"href":"https:\/\/noticiasveraces.com\/index.php?rest_route=\/wp\/v2\/types\/post"}],"author":[{"embeddable":true,"href":"https:\/\/noticiasveraces.com\/index.php?rest_route=\/wp\/v2\/users\/1"}],"replies":[{"embeddable":true,"href":"https:\/\/noticiasveraces.com\/index.php?rest_route=%2Fwp%2Fv2%2Fcomments&post=55706"}],"version-history":[{"count":0,"href":"https:\/\/noticiasveraces.com\/index.php?rest_route=\/wp\/v2\/posts\/55706\/revisions"}],"wp:featuredmedia":[{"embeddable":true,"href":"https:\/\/noticiasveraces.com\/index.php?rest_route=\/wp\/v2\/media\/55708"}],"wp:attachment":[{"href":"https:\/\/noticiasveraces.com\/index.php?rest_route=%2Fwp%2Fv2%2Fmedia&parent=55706"}],"wp:term":[{"taxonomy":"category","embeddable":true,"href":"https:\/\/noticiasveraces.com\/index.php?rest_route=%2Fwp%2Fv2%2Fcategories&post=55706"},{"taxonomy":"post_tag","embeddable":true,"href":"https:\/\/noticiasveraces.com\/index.php?rest_route=%2Fwp%2Fv2%2Ftags&post=55706"}],"curies":[{"name":"wp","href":"https:\/\/api.w.org\/{rel}","templated":true}]}}