{"id":55701,"date":"2026-01-15T16:54:06","date_gmt":"2026-01-15T20:54:06","guid":{"rendered":"https:\/\/noticiasveraces.com\/?p=55701"},"modified":"2026-01-15T16:54:06","modified_gmt":"2026-01-15T20:54:06","slug":"turquia-advierte-que-siria-podria-usar-la-fuerza-militar-contra-las-sdf-aliadas-de-estados-unidos","status":"publish","type":"post","link":"https:\/\/noticiasveraces.com\/?p=55701","title":{"rendered":"Turqu\u00eda advierte que Siria podr\u00eda usar la fuerza militar contra las SDF, aliadas de Estados Unidos"},"content":{"rendered":"<p> \n<\/p>\n<div>\n<div id=\"beyondwords-wrapper\" class=\"beyondwords-wrapper\">\n<p><span class=\"label-bg\">NUEVO<\/span>\u00a1Ahora puedes escuchar los art\u00edculos de Fox News!\n  <\/p>\n<\/div>\n<p class=\"speakable\">Las tensiones entre el gobierno de transici\u00f3n de Siria y las Fuerzas Democr\u00e1ticas Sirias (FDS) lideradas por los kurdos aumentaron esta semana despu\u00e9s de que Turqu\u00eda advirtiera que Damasco podr\u00eda recurrir a la fuerza militar contra el grupo, tras d\u00edas de enfrentamientos mortales en Alepo y sus alrededores. Las SDF desempe\u00f1aron un papel fundamental al ayudar a las fuerzas estadounidenses a derrotar al Estado Isl\u00e1mico en Siria.<\/p>\n<p class=\"speakable\">El ministro de Asuntos Exteriores de Turqu\u00eda, Hakan Fidan, dijo el jueves que el uso de la fuerza por parte de Siria contra las SDF parece una opci\u00f3n, a\u00f1adiendo que esperaba que la crisis pudiera resolverse mediante el di\u00e1logo, seg\u00fan Reuters.<\/p>\n<p>Los comentarios se produjeron despu\u00e9s de varios d\u00edas de combates entre las fuerzas del gobierno sirio y combatientes kurdos que desplazaron a decenas de miles de civiles y dejaron al menos 23 muertos, inform\u00f3 Reuters.<\/p>\n<p>La advertencia subraya la creciente presi\u00f3n regional mientras las negociaciones destinadas a integrar las SDF en el ej\u00e9rcito nacional de Siria siguen estancadas casi un a\u00f1o despu\u00e9s de que se firmara un acuerdo marco respaldado por Estados Unidos.<\/p>\n<p><strong>DE SIRIA A SOMALIA, LAS TROPAS ESTADOUNIDENSES PERMANECEN DESPLEGADAS ESTA TEMPORADA DE VACACIONES EN MISIONES QUE NUNCA TERMINARON FORMALMENTE<\/strong><\/p>\n<div class=\"image-ct inline\">\n<div class=\"m\"><picture><source media=\"(max-width: 767px)\" srcset=\"https:\/\/a57.foxnews.com\/static.foxnews.com\/foxnews.com\/content\/uploads\/2026\/01\/343\/192\/fighting-aleppo-syria.jpg?ve=1&amp;tl=1, https:\/\/a57.foxnews.com\/static.foxnews.com\/foxnews.com\/content\/uploads\/2026\/01\/686\/384\/fighting-aleppo-syria.jpg?ve=1&amp;tl=1 2x\" height=\"192\" width=\"343\"><source media=\"(min-width: 768px) and (max-width: 1023px)\" srcset=\"https:\/\/a57.foxnews.com\/static.foxnews.com\/foxnews.com\/content\/uploads\/2026\/01\/672\/378\/fighting-aleppo-syria.jpg?ve=1&amp;tl=1, https:\/\/a57.foxnews.com\/static.foxnews.com\/foxnews.com\/content\/uploads\/2026\/01\/1344\/756\/fighting-aleppo-syria.jpg?ve=1&amp;tl=1 2x\" height=\"378\" width=\"672\"><source media=\"(min-width: 1024px) and (max-width: 1279px)\" srcset=\"https:\/\/a57.foxnews.com\/static.foxnews.com\/foxnews.com\/content\/uploads\/2026\/01\/931\/523\/fighting-aleppo-syria.jpg?ve=1&amp;tl=1, https:\/\/a57.foxnews.com\/static.foxnews.com\/foxnews.com\/content\/uploads\/2026\/01\/1862\/1046\/fighting-aleppo-syria.jpg?ve=1&amp;tl=1 2x\" height=\"523\" width=\"931\"><source media=\"(min-width: 1280px)\" srcset=\"https:\/\/a57.foxnews.com\/static.foxnews.com\/foxnews.com\/content\/uploads\/2026\/01\/720\/405\/fighting-aleppo-syria.jpg?ve=1&amp;tl=1, https:\/\/a57.foxnews.com\/static.foxnews.com\/foxnews.com\/content\/uploads\/2026\/01\/1440\/810\/fighting-aleppo-syria.jpg?ve=1&amp;tl=1 2x\" height=\"405\" width=\"720\"><img loading=\"lazy\" decoding=\"async\" src=\"https:\/\/a57.foxnews.com\/static.foxnews.com\/foxnews.com\/content\/uploads\/2026\/01\/1200\/675\/fighting-aleppo-syria.jpg?ve=1&amp;tl=1\" alt=\"Los combates en Alepo, Siria\" width=\"1200\" height=\"675\"\/><\/source><\/source><\/source><\/source><\/picture><\/div>\n<div class=\"info\">\n<div class=\"caption\">\n<p><span>Soldados del ej\u00e9rcito sirio en la entrada del barrio Sheik Maksoud durante los combates contra las SDF el 10 de enero de 2026 en Alepo.<\/span> <span>(Adri Salido\/Getty Image)<\/span><\/p>\n<\/div>\n<\/div>\n<\/div>\n<p>Estados Unidos sigue profundamente involucrado en los esfuerzos para evitar que la confrontaci\u00f3n se agrave, con el Comando Central de Estados Unidos mediando diariamente sobre el terreno en Siria junto con socios como Francia, el Reino Unido, Turqu\u00eda y Jordania. \u00abCENTCOM est\u00e1 en el terreno dentro de Siria desempe\u00f1ando un papel mediador activo todos los d\u00edas\u00bb, dijo Charles Lister, investigador principal y director de la Iniciativa Siria en el Instituto de Oriente Medio.<\/p>\n<p>\u00abB\u00e1sicamente, Estados Unidos sigue siendo el mayor y m\u00e1s importante patrocinador, partidario y proveedor de financiaci\u00f3n, formaci\u00f3n y, hasta cierto punto, defensa de las SDF\u00bb, dijo.<\/p>\n<p>Lister dijo que Washington ya ha utilizado una influencia significativa, incluido el de obligar al l\u00edder de las SDF, Mazloum Abdi, a firmar el acuerdo marco de marzo de 2025.<\/p>\n<p><strong>ATAQUE MORTAL CONTRA LAS TROPAS ESTADOUNIDENSES PONE A PRUEBA EL PLAN CONTRAISIS DE TRUMP Y SU CONFIANZA EN EL NUEVO L\u00cdDER DE SIRIA<\/strong><\/p>\n<div class=\"image-ct inline\">\n<div class=\"m\"><picture><source media=\"(max-width: 767px)\" srcset=\"https:\/\/a57.foxnews.com\/static.foxnews.com\/foxnews.com\/content\/uploads\/2024\/01\/343\/192\/us-troops-syria.jpg?ve=1&amp;tl=1, https:\/\/a57.foxnews.com\/static.foxnews.com\/foxnews.com\/content\/uploads\/2024\/01\/686\/384\/us-troops-syria.jpg?ve=1&amp;tl=1 2x\" height=\"192\" width=\"343\"><source media=\"(min-width: 768px) and (max-width: 1023px)\" srcset=\"https:\/\/a57.foxnews.com\/static.foxnews.com\/foxnews.com\/content\/uploads\/2024\/01\/672\/378\/us-troops-syria.jpg?ve=1&amp;tl=1, https:\/\/a57.foxnews.com\/static.foxnews.com\/foxnews.com\/content\/uploads\/2024\/01\/1344\/756\/us-troops-syria.jpg?ve=1&amp;tl=1 2x\" height=\"378\" width=\"672\"><source media=\"(min-width: 1024px) and (max-width: 1279px)\" srcset=\"https:\/\/a57.foxnews.com\/static.foxnews.com\/foxnews.com\/content\/uploads\/2024\/01\/931\/523\/us-troops-syria.jpg?ve=1&amp;tl=1, https:\/\/a57.foxnews.com\/static.foxnews.com\/foxnews.com\/content\/uploads\/2024\/01\/1862\/1046\/us-troops-syria.jpg?ve=1&amp;tl=1 2x\" height=\"523\" width=\"931\"><source media=\"(min-width: 1280px)\" srcset=\"https:\/\/a57.foxnews.com\/static.foxnews.com\/foxnews.com\/content\/uploads\/2024\/01\/720\/405\/us-troops-syria.jpg?ve=1&amp;tl=1, https:\/\/a57.foxnews.com\/static.foxnews.com\/foxnews.com\/content\/uploads\/2024\/01\/1440\/810\/us-troops-syria.jpg?ve=1&amp;tl=1 2x\" height=\"405\" width=\"720\"><img loading=\"lazy\" decoding=\"async\" src=\"https:\/\/a57.foxnews.com\/static.foxnews.com\/foxnews.com\/content\/uploads\/2024\/01\/1200\/675\/us-troops-syria.jpg?ve=1&amp;tl=1\" alt=\"Tropas estadounidenses en Siria entrenan a las YPG\/SDF\" width=\"1200\" height=\"675\"\/><\/source><\/source><\/source><\/source><\/picture><\/div>\n<div class=\"info\">\n<div class=\"caption\">\n<p><span>Las fuerzas estadounidenses brindan entrenamiento militar a miembros de las SDF en el distrito de Qamisli en la provincia de Al-Hasakah, Siria, el 18 de agosto de 2023.<\/span> <span>(Hedil Amir\/Agencia Anadolu v\u00eda Getty Images)<\/span><\/p>\n<\/div>\n<\/div>\n<\/div>\n<p>\u00abNo habr\u00edamos tenido el acuerdo marco de marzo si no hubiera sido porque b\u00e1sicamente obligaron al general Mazloum a subir a un helic\u00f3ptero, lo llevaron a Damasco y le dijeron que necesitaba firmar ese acuerdo\u00bb, dijo.<\/p>\n<p>En una declaraci\u00f3n publicada el mi\u00e9rcoles, las SDF acusaron a las fuerzas del gobierno sirio y a Turqu\u00eda de lo que describi\u00f3 como una \u00abescalada militar peligrosa\u00bb en la zona rural del este de Alepo, incluyendo Deir Hafer, Maskanah y el \u00e1rea que rodea la presa de Tishreen.<\/p>\n<p>Las SDF afirmaron que las fuerzas del gobierno sirio llevaron a cabo m\u00e1s de una docena de ataques utilizando artiller\u00eda, morteros y drones suicidas y dijeron que la infraestructura civil, incluida una oficina de correos y una panader\u00eda, fue atacada.<\/p>\n<p>Las SDF tambi\u00e9n dijeron que los drones turcos Bayraktar atacaron m\u00faltiples posiciones de las SDF cerca de Maskanah y Tabqah. Turqu\u00eda y el gobierno sirio no hab\u00edan respondido p\u00fablicamente a las afirmaciones.<\/p>\n<p>La crisis surge de un acuerdo fallido de marzo de 2025 destinado a fusionar las fuerzas de las SDF con el Ministerio de Defensa de Siria.<\/p>\n<p>\u00abNo hay duda de que Damasco ha sido un negociador duro\u00bb, dijo Lister. \u00abDicho esto, el gobierno tambi\u00e9n ha cedido significativamente\u00bb.<\/p>\n<p><strong>TRUMP DECLARA LA IMPORTANCIA DE NO DESCARGAR &#39;LA EVOLUCI\u00d3N DE SIRIA HACIA UN ESTADO PR\u00d3SPERO&#39;<\/strong><\/p>\n<div class=\"image-ct inline\">\n<div class=\"m\"><picture><source media=\"(max-width: 767px)\" srcset=\"https:\/\/a57.foxnews.com\/static.foxnews.com\/foxnews.com\/content\/uploads\/2025\/12\/343\/192\/army-soldier-syria.jpg?ve=1&amp;tl=1, https:\/\/a57.foxnews.com\/static.foxnews.com\/foxnews.com\/content\/uploads\/2025\/12\/686\/384\/army-soldier-syria.jpg?ve=1&amp;tl=1 2x\" height=\"192\" width=\"343\"><source media=\"(min-width: 768px) and (max-width: 1023px)\" srcset=\"https:\/\/a57.foxnews.com\/static.foxnews.com\/foxnews.com\/content\/uploads\/2025\/12\/672\/378\/army-soldier-syria.jpg?ve=1&amp;tl=1, https:\/\/a57.foxnews.com\/static.foxnews.com\/foxnews.com\/content\/uploads\/2025\/12\/1344\/756\/army-soldier-syria.jpg?ve=1&amp;tl=1 2x\" height=\"378\" width=\"672\"><source media=\"(min-width: 1024px) and (max-width: 1279px)\" srcset=\"https:\/\/a57.foxnews.com\/static.foxnews.com\/foxnews.com\/content\/uploads\/2025\/12\/931\/523\/army-soldier-syria.jpg?ve=1&amp;tl=1, https:\/\/a57.foxnews.com\/static.foxnews.com\/foxnews.com\/content\/uploads\/2025\/12\/1862\/1046\/army-soldier-syria.jpg?ve=1&amp;tl=1 2x\" height=\"523\" width=\"931\"><source media=\"(min-width: 1280px)\" srcset=\"https:\/\/a57.foxnews.com\/static.foxnews.com\/foxnews.com\/content\/uploads\/2025\/12\/720\/405\/army-soldier-syria.jpg?ve=1&amp;tl=1, https:\/\/a57.foxnews.com\/static.foxnews.com\/foxnews.com\/content\/uploads\/2025\/12\/1440\/810\/army-soldier-syria.jpg?ve=1&amp;tl=1 2x\" height=\"405\" width=\"720\"><img loading=\"lazy\" decoding=\"async\" src=\"https:\/\/a57.foxnews.com\/static.foxnews.com\/foxnews.com\/content\/uploads\/2025\/12\/1200\/675\/army-soldier-syria.jpg?ve=1&amp;tl=1\" alt=\"Soldados estadounidenses patrullan en la ciudad de Qamishli, en el noreste de Siria, en la provincia de Hasakeh, controlada en su mayor parte por las Fuerzas Democr\u00e1ticas Sirias (SDF) lideradas por los kurdos, el 9 de enero de 2025.\" width=\"1200\" height=\"675\"\/><\/source><\/source><\/source><\/source><\/picture><\/div>\n<div class=\"info\">\n<div class=\"caption\">\n<p><span>Unos 900 soldados estadounidenses todav\u00eda est\u00e1n estacionados en Siria. <\/span> <span>(Delil Souleiman\/AFP v\u00eda Getty Images)<\/span><\/p>\n<\/div>\n<\/div>\n<\/div>\n<p>Lister afirma que el acuerdo se estanc\u00f3 debido a divisiones internas dentro de las SDF. \u00abEl hecho de que no se haya implementado ning\u00fan acuerdo se debe francamente a que las SDF no son un movimiento unido y cohesivo\u00bb, afirm\u00f3. \u00abHay elementos dentro de las SDF que no quieren en absoluto que se implemente este acuerdo\u00bb.<\/p>\n<p>Dijo que algunas facciones est\u00e1n retrasando deliberadamente la implementaci\u00f3n. \u00abSus c\u00e1lculos son claramente que cuanto m\u00e1s puedan demorarse, esperan que el gobierno de transici\u00f3n sirio haga algo para destruir su credibilidad internacional\u00bb, dijo Lister. \u00abEs simplemente una estrategia de esperar y ver qu\u00e9 pasa\u00bb.<\/p>\n<p>\u00abEse enfoque es intr\u00ednsecamente peligroso\u00bb, afirm\u00f3. \u00abS\u00f3lo garantiza el conflicto\u00bb.<\/p>\n<p>\u00abDurante los \u00faltimos dos o tres d\u00edas, ha habido una serie de ataques con aviones no tripulados turcos contra bases militares de las SDF en este distrito de primera l\u00ednea en la zona rural del este de Alepo\u00bb, dijo Lister.<\/p>\n<p>\u00abTurqu\u00eda est\u00e1 lista para volver a involucrarse\u00bb, afirm\u00f3. \u00abCuando Turqu\u00eda ha hecho todo lo posible contra las SDF, \u00e9stas no han tenido ninguna posibilidad\u00bb.<\/p>\n<p>Seg\u00fan Lister, s\u00f3lo la presi\u00f3n desde el nivel m\u00e1s alto podr\u00eda alterar la trayectoria.<\/p>\n<p><strong>HAGA CLIC AQU\u00cd PARA DESCARGAR LA APLICACI\u00d3N FOX NEWS<\/strong><\/p>\n<div class=\"image-ct inline\">\n<div class=\"m\"><picture><source media=\"(max-width: 767px)\" srcset=\"https:\/\/a57.foxnews.com\/static.foxnews.com\/foxnews.com\/content\/uploads\/2025\/03\/343\/192\/2025-03-14t154929z_2130189151_rc22ddapfjea_rtrmadp_3_syria-security-constitution-protest-scaled.jpg?ve=1&amp;tl=1, https:\/\/a57.foxnews.com\/static.foxnews.com\/foxnews.com\/content\/uploads\/2025\/03\/686\/384\/2025-03-14t154929z_2130189151_rc22ddapfjea_rtrmadp_3_syria-security-constitution-protest-scaled.jpg?ve=1&amp;tl=1 2x\" height=\"192\" width=\"343\"><source media=\"(min-width: 768px) and (max-width: 1023px)\" srcset=\"https:\/\/a57.foxnews.com\/static.foxnews.com\/foxnews.com\/content\/uploads\/2025\/03\/672\/378\/2025-03-14t154929z_2130189151_rc22ddapfjea_rtrmadp_3_syria-security-constitution-protest-scaled.jpg?ve=1&amp;tl=1, https:\/\/a57.foxnews.com\/static.foxnews.com\/foxnews.com\/content\/uploads\/2025\/03\/1344\/756\/2025-03-14t154929z_2130189151_rc22ddapfjea_rtrmadp_3_syria-security-constitution-protest-scaled.jpg?ve=1&amp;tl=1 2x\" height=\"378\" width=\"672\"><source media=\"(min-width: 1024px) and (max-width: 1279px)\" srcset=\"https:\/\/a57.foxnews.com\/static.foxnews.com\/foxnews.com\/content\/uploads\/2025\/03\/931\/523\/2025-03-14t154929z_2130189151_rc22ddapfjea_rtrmadp_3_syria-security-constitution-protest-scaled.jpg?ve=1&amp;tl=1, https:\/\/a57.foxnews.com\/static.foxnews.com\/foxnews.com\/content\/uploads\/2025\/03\/1862\/1046\/2025-03-14t154929z_2130189151_rc22ddapfjea_rtrmadp_3_syria-security-constitution-protest-scaled.jpg?ve=1&amp;tl=1 2x\" height=\"523\" width=\"931\"><source media=\"(min-width: 1280px)\" srcset=\"https:\/\/a57.foxnews.com\/static.foxnews.com\/foxnews.com\/content\/uploads\/2025\/03\/720\/405\/2025-03-14t154929z_2130189151_rc22ddapfjea_rtrmadp_3_syria-security-constitution-protest-scaled.jpg?ve=1&amp;tl=1, https:\/\/a57.foxnews.com\/static.foxnews.com\/foxnews.com\/content\/uploads\/2025\/03\/1440\/810\/2025-03-14t154929z_2130189151_rc22ddapfjea_rtrmadp_3_syria-security-constitution-protest-scaled.jpg?ve=1&amp;tl=1 2x\" height=\"405\" width=\"720\"><img loading=\"lazy\" decoding=\"async\" src=\"https:\/\/a57.foxnews.com\/static.foxnews.com\/foxnews.com\/content\/uploads\/2025\/03\/1200\/675\/2025-03-14t154929z_2130189151_rc22ddapfjea_rtrmadp_3_syria-security-constitution-protest-scaled.jpg?ve=1&amp;tl=1\" alt=\"La gente se manifiesta en Qamishli, Siria.\" width=\"1200\" height=\"675\"\/><\/source><\/source><\/source><\/source><\/picture><\/div>\n<div class=\"info\">\n<div class=\"caption\">\n<p><span>Personas con banderas kurdas se manifiestan contra la declaraci\u00f3n constitucional firmada por el presidente interino de Siria, Ahmed al-Sharaa, en Qamishli, Siria, el 14 de marzo de 2025.<\/span> <span>(Orhan Qeraman\/Reuters)<\/span><\/p>\n<\/div>\n<\/div>\n<\/div>\n<p>\u00abLo \u00fanico que cambiar\u00e1 la ecuaci\u00f3n aqu\u00ed es que el presidente Trump deje p\u00fablicamente claro que este acuerdo debe cerrarse e implementarse r\u00e1pidamente\u00bb, afirm\u00f3.<\/p>\n<p>\u00abEsto no est\u00e1 contenido\u00bb, advirti\u00f3 Lister. \u00abEst\u00e1 claro que se est\u00e1n haciendo todos los preparativos para que esto se convierta en una zona militar activa, a menos que una diplomacia seria saque a ambas partes del abismo\u00bb.<\/p>\n<p><i>Reuters contribuy\u00f3 a este informe.<\/i><\/p>\n<p> <!----> <\/p>\n<div class=\"article-meta\">\n<div class=\"author-bio\">\n<p>Efrat Lachter es periodista de investigaci\u00f3n y corresponsal de guerra. Su trabajo la ha llevado a 40 pa\u00edses, entre ellos Ucrania, Rusia, Irak, Siria, Sud\u00e1n y Afganist\u00e1n. Recibi\u00f3 la Beca de Periodismo Knight-Wallace 2024. Se puede seguir a Lachter en X @efratlachter.<\/p>\n<\/div>\n<\/div>\n<\/div>\n\n","protected":false},"excerpt":{"rendered":"<p>NUEVO\u00a1Ahora puedes escuchar los art\u00edculos de Fox News! Las tensiones entre el gobierno de transici\u00f3n de Siria y las Fuerzas Democr\u00e1ticas Sirias (FDS) lideradas por los kurdos aumentaron esta semana despu\u00e9s de que Turqu\u00eda advirtiera que Damasco podr\u00eda recurrir a la fuerza militar contra el grupo, tras d\u00edas de enfrentamientos mortales en Alepo y sus &hellip;<\/p>\n","protected":false},"author":1,"featured_media":55703,"comment_status":"open","ping_status":"open","sticky":false,"template":"","format":"standard","meta":{"fifu_image_url":"https:\/\/static.foxnews.com\/foxnews.com\/content\/uploads\/2026\/01\/fighting-aleppo-syria.jpg","fifu_image_alt":"","footnotes":""},"categories":[13],"tags":[],"class_list":["post-55701","post","type-post","status-publish","format-standard","has-post-thumbnail","","category-mundo"],"_links":{"self":[{"href":"https:\/\/noticiasveraces.com\/index.php?rest_route=\/wp\/v2\/posts\/55701","targetHints":{"allow":["GET"]}}],"collection":[{"href":"https:\/\/noticiasveraces.com\/index.php?rest_route=\/wp\/v2\/posts"}],"about":[{"href":"https:\/\/noticiasveraces.com\/index.php?rest_route=\/wp\/v2\/types\/post"}],"author":[{"embeddable":true,"href":"https:\/\/noticiasveraces.com\/index.php?rest_route=\/wp\/v2\/users\/1"}],"replies":[{"embeddable":true,"href":"https:\/\/noticiasveraces.com\/index.php?rest_route=%2Fwp%2Fv2%2Fcomments&post=55701"}],"version-history":[{"count":0,"href":"https:\/\/noticiasveraces.com\/index.php?rest_route=\/wp\/v2\/posts\/55701\/revisions"}],"wp:featuredmedia":[{"embeddable":true,"href":"https:\/\/noticiasveraces.com\/index.php?rest_route=\/wp\/v2\/media\/55703"}],"wp:attachment":[{"href":"https:\/\/noticiasveraces.com\/index.php?rest_route=%2Fwp%2Fv2%2Fmedia&parent=55701"}],"wp:term":[{"taxonomy":"category","embeddable":true,"href":"https:\/\/noticiasveraces.com\/index.php?rest_route=%2Fwp%2Fv2%2Fcategories&post=55701"},{"taxonomy":"post_tag","embeddable":true,"href":"https:\/\/noticiasveraces.com\/index.php?rest_route=%2Fwp%2Fv2%2Ftags&post=55701"}],"curies":[{"name":"wp","href":"https:\/\/api.w.org\/{rel}","templated":true}]}}