{"id":55699,"date":"2026-01-15T15:53:28","date_gmt":"2026-01-15T19:53:28","guid":{"rendered":"https:\/\/noticiasveraces.com\/?p=55699"},"modified":"2026-01-15T15:53:28","modified_gmt":"2026-01-15T19:53:28","slug":"identifican-zonas-de-riesgo-en-cua-ante-llegada-de-las-lluvias","status":"publish","type":"post","link":"https:\/\/noticiasveraces.com\/?p=55699","title":{"rendered":"Identifican zonas de riesgo en C\u00faa ante llegada de las lluvias"},"content":{"rendered":"<p> \n<\/p>\n<div data-td-block-uid=\"tdi_110\">\n<div class=\"tdb-block-inner td-fix-index\">\n<p>Comisiones de Protecci\u00f3n Civil Miranda y del municipio Rafael Urdaneta instalaron mesas t\u00e9cnicas para identificar y monitorear puntos vulnerables en las parroquias C\u00faa y Nueva C\u00faa, previo al periodo de lluvias 2026.<\/p>\n<p>El plan de acci\u00f3n coordinado por la Secretar\u00eda de Seguridad Ciudadana, la Alcald\u00eda del municipio Rafael Urdaneta y Gobernaci\u00f3n de Miranda, prioriza la actualizaci\u00f3n de mapas de riesgo y el seguimiento constante de cauces y terrenos inestables. El objetivo es establecer medidas preventivas para resguardar a las familias que residen en \u00e1reas cr\u00edticas de esta jurisdicci\u00f3n de 274 km\u00b2.<\/p>\n<p>Las autoridades evaluar\u00e1n la condici\u00f3n de r\u00edos, quebradas, sumideros y colectores.<\/p>\n<p>Como complemento a las labores de campo se iniciar\u00e1 un despliegue de formaci\u00f3n en los 22 circuitos comunales para capacitar a los vecinos en gesti\u00f3n de riesgos y primeros auxilios. Asimismo, se activar\u00e1n \u00abAulas de Concientizaci\u00f3n Vial\u00bb para prevenir accidentes bajo condiciones clim\u00e1ticas adversas.<\/p>\n<p>Estas labores, impulsadas por las autoridades regionales y locales, buscan elevar la capacidad de respuesta de los cuerpos de socorro y fomentar la cultura de prevenci\u00f3n entre los habitantes del municipio.<\/p>\n<p>Los efectivos de Protecci\u00f3n Civil recordaron que el municipio Rafael Urdaneta posee un historial s\u00edsmico relevante y recomiendan a los habitantes de las comunidades evitar el arrojo de residuos en torrenteras para facilitar el drenaje del agua.<\/p>\n<\/div>\n<\/div>\n\n","protected":false},"excerpt":{"rendered":"<p>Comisiones de Protecci\u00f3n Civil Miranda y del municipio Rafael Urdaneta instalaron mesas t\u00e9cnicas para identificar y monitorear puntos vulnerables en las parroquias C\u00faa y Nueva C\u00faa, previo al periodo de lluvias 2026. El plan de acci\u00f3n coordinado por la Secretar\u00eda de Seguridad Ciudadana, la Alcald\u00eda del municipio Rafael Urdaneta y Gobernaci\u00f3n de Miranda, prioriza la &hellip;<\/p>\n","protected":false},"author":1,"featured_media":55700,"comment_status":"open","ping_status":"open","sticky":false,"template":"","format":"standard","meta":{"fifu_image_url":"https:\/\/ultimasnoticias.com.ve\/wp-content\/uploads\/2026\/01\/PC-Cua-2.jpg","fifu_image_alt":"","footnotes":""},"categories":[13],"tags":[],"class_list":["post-55699","post","type-post","status-publish","format-standard","has-post-thumbnail","","category-mundo"],"_links":{"self":[{"href":"https:\/\/noticiasveraces.com\/index.php?rest_route=\/wp\/v2\/posts\/55699","targetHints":{"allow":["GET"]}}],"collection":[{"href":"https:\/\/noticiasveraces.com\/index.php?rest_route=\/wp\/v2\/posts"}],"about":[{"href":"https:\/\/noticiasveraces.com\/index.php?rest_route=\/wp\/v2\/types\/post"}],"author":[{"embeddable":true,"href":"https:\/\/noticiasveraces.com\/index.php?rest_route=\/wp\/v2\/users\/1"}],"replies":[{"embeddable":true,"href":"https:\/\/noticiasveraces.com\/index.php?rest_route=%2Fwp%2Fv2%2Fcomments&post=55699"}],"version-history":[{"count":0,"href":"https:\/\/noticiasveraces.com\/index.php?rest_route=\/wp\/v2\/posts\/55699\/revisions"}],"wp:featuredmedia":[{"embeddable":true,"href":"https:\/\/noticiasveraces.com\/index.php?rest_route=\/wp\/v2\/media\/55700"}],"wp:attachment":[{"href":"https:\/\/noticiasveraces.com\/index.php?rest_route=%2Fwp%2Fv2%2Fmedia&parent=55699"}],"wp:term":[{"taxonomy":"category","embeddable":true,"href":"https:\/\/noticiasveraces.com\/index.php?rest_route=%2Fwp%2Fv2%2Fcategories&post=55699"},{"taxonomy":"post_tag","embeddable":true,"href":"https:\/\/noticiasveraces.com\/index.php?rest_route=%2Fwp%2Fv2%2Ftags&post=55699"}],"curies":[{"name":"wp","href":"https:\/\/api.w.org\/{rel}","templated":true}]}}