{"id":55696,"date":"2026-01-15T14:30:18","date_gmt":"2026-01-15T18:30:18","guid":{"rendered":"https:\/\/noticiasveraces.com\/?p=55696"},"modified":"2026-01-15T14:30:18","modified_gmt":"2026-01-15T18:30:18","slug":"maestros-venezolanos-piden-la-libertad-de-los-presos-politicos","status":"publish","type":"post","link":"https:\/\/noticiasveraces.com\/?p=55696","title":{"rendered":"Maestros venezolanos piden la libertad de los presos pol\u00edticos"},"content":{"rendered":"<p> \n<\/p>\n<div>\n<p>La <strong>Federaci\u00f3n Venezolana de Maestros (FVM)<\/strong> exigi\u00f3 este jueves 15 de enero <strong>la liberaci\u00f3n de todos los presos pol\u00edticos en el pa\u00eds <\/strong>y el \u201ccese de la persecuci\u00f3n\u201d, en momentos en que se esperan nuevas excarcelaciones tras el anuncio hace una semana sobre la <strong>liberaci\u00f3n de un \u201cn\u00famero importante de personas\u201d<\/strong>.<\/p>\n<div class=\"ruby-table-contents rbtoc table-fw\">\n<ul class=\"toc-content h5\">\n<li>Venezuela tras la extracci\u00f3n de Nicol\u00e1s Maduro y Cilia Flores<\/li>\n<li>Presos pol\u00edticos en Venezuela<\/li>\n<\/ul>\n<\/div>\n<p>En un comunicado con motivo del D\u00eda Nacional del Maestro, la organizaci\u00f3n hizo un llamado a <strong>\u201cla paz de Venezuela, al respeto irrestricto de la libertad sindical\u201d<\/strong>a <strong>\u201c<\/strong>la libertad de todos los educadores, dirigentes sindicales y dem\u00e1s presos pol\u00edticos y a la unidad de todos los educadores en la defensa de sus derechos y de la escuela como espacio de libertad y democracia<strong>\u00ab<\/strong>.<\/p>\n<p>La FVM pidi\u00f3 tambi\u00e9n <strong><em>\u201c<\/em>seguir luchando por una educaci\u00f3n p\u00fablica de calidad<\/strong>por la justicia social de los docentes, por salarios dignos, seguridad social y una mejor calidad de vida, as\u00ed como por el cese de la persecuci\u00f3n, el acoso laboral y las suspensiones de sueldos\u201d.<\/p>\n<p>A prop\u00f3sito, tambi\u00e9n de su aniversario n\u00famero 94, la federaci\u00f3n asegur\u00f3 que mantiene \u201cuna actitud de defensa vigilante del sistema democr\u00e1tico y de sus instituciones\u201d.<\/p>\n<p>\u201c<strong>Ning\u00fan cambio ni ninguna transformaci\u00f3n puede darse en un pa\u00eds<\/strong> si no se toma en cuenta a la educaci\u00f3n y sus actores fundamentales\u201d, asever\u00f3.<\/p>\n<figure class=\"wp-block-image size-large\"><picture fetchpriority=\"high\" decoding=\"async\" class=\"wp-image-812909\"><source type=\"image\/webp\" srcset=\"https:\/\/eldiario.com\/wp-content\/uploads\/2025\/08\/opsu-2-1200x675.png.webp 1200w, https:\/\/eldiario.com\/wp-content\/uploads\/2025\/08\/opsu-2-300x169.png.webp 300w, https:\/\/eldiario.com\/wp-content\/uploads\/2025\/08\/opsu-2-768x432.png.webp 768w, https:\/\/eldiario.com\/wp-content\/uploads\/2025\/08\/opsu-2-1536x864.png.webp 1536w, https:\/\/eldiario.com\/wp-content\/uploads\/2025\/08\/opsu-2-860x484.png.webp 860w, https:\/\/eldiario.com\/wp-content\/uploads\/2025\/08\/opsu-2-150x84.png.webp 150w, https:\/\/eldiario.com\/wp-content\/uploads\/2025\/08\/opsu-2.png.webp 1600w\" sizes=\"(max-width: 1200px) 100vw, 1200px\"\/><img fetchpriority=\"high\" decoding=\"async\" width=\"1200\" height=\"675\" src=\"https:\/\/eldiario.com\/wp-content\/uploads\/2025\/08\/opsu-2-1200x675.png\" alt=\"Maestros venezolanos piden la libertad de los presos pol\u00edticos y el cese de la persecuci\u00f3n Borrador autom\u00e1tico\" srcset=\"https:\/\/eldiario.com\/wp-content\/uploads\/2025\/08\/opsu-2-1200x675.png 1200w, https:\/\/eldiario.com\/wp-content\/uploads\/2025\/08\/opsu-2-300x169.png 300w, https:\/\/eldiario.com\/wp-content\/uploads\/2025\/08\/opsu-2-768x432.png 768w, https:\/\/eldiario.com\/wp-content\/uploads\/2025\/08\/opsu-2-1536x864.png 1536w, https:\/\/eldiario.com\/wp-content\/uploads\/2025\/08\/opsu-2-860x484.png 860w, https:\/\/eldiario.com\/wp-content\/uploads\/2025\/08\/opsu-2-150x84.png 150w, https:\/\/eldiario.com\/wp-content\/uploads\/2025\/08\/opsu-2.png 1600w\" sizes=\"(max-width: 1200px) 100vw, 1200px\"\/>\n<\/picture><figcaption class=\"wp-element-caption\">Foto: Ministerio de Educaci\u00f3n<\/figcaption><\/figure>\n<p>Venezuela vive<strong> momentos de incertidumbre<\/strong> luego de la captura de Nicol\u00e1s Maduro y su esposa, la diputada <strong>Cilia Flores<\/strong>por parte de <strong>Estados Unidos<\/strong> el pasado 3 de enero, en medio de una serie de ataques en suelo venezolano.<\/p>\n<p>Dos d\u00edas despu\u00e9s, la entonces vicepresidenta ejecutiva, <strong>Delcy Rodr\u00edguez<\/strong>jur\u00f3 como <strong>presidenta encargada<\/strong>tras una orden del Tribunal Supremo de Justicia.<\/p>\n<h2 id=\"presos-politicos-en-venezuela\" class=\"rb-heading-index-1-838800 wp-block-heading\"><strong>Presos pol\u00edticos en Venezuela <\/strong><\/h2>\n<p>En ese contexto, el titular del Parlamento y hermano de la presidenta encargada,<strong> Jorge Rodr\u00edguez<\/strong>anunci\u00f3 hace una semana la liberaci\u00f3n de \u201cn\u00famero importante de personas\u201d.<\/p>\n<p>Este mi\u00e9rcoles 14 de enero, la mandataria encargada inform\u00f3 que hasta la fecha han sido excarcelados 406 <strong>presos pol\u00edticos.<\/strong><\/p>\n<p>Por su parte, la ONG <strong>Foro Penal<\/strong>dedicada a la defensa de presos pol\u00edticos, contabilizaba hasta el mi\u00e9rcoles <strong>84 excarcelados desde el pasado 8 de enero <\/strong>y la opositora Plataforma Unitaria Democr\u00e1tica (PUD) cifraba en <strong>102 los liberados<\/strong>.<\/p>\n<p>El chavismo convoc\u00f3 este jueves 15 a los maestros a una <strong>movilizaci\u00f3n en Caracas<\/strong>.<\/p>\n<p><!-- CONTENT END 1 -->\n<\/div>\n\n","protected":false},"excerpt":{"rendered":"<p>La Federaci\u00f3n Venezolana de Maestros (FVM) exigi\u00f3 este jueves 15 de enero la liberaci\u00f3n de todos los presos pol\u00edticos en el pa\u00eds y el \u201ccese de la persecuci\u00f3n\u201d, en momentos en que se esperan nuevas excarcelaciones tras el anuncio hace una semana sobre la liberaci\u00f3n de un \u201cn\u00famero importante de personas\u201d. Venezuela tras la extracci\u00f3n &hellip;<\/p>\n","protected":false},"author":1,"featured_media":55698,"comment_status":"open","ping_status":"open","sticky":false,"template":"","format":"standard","meta":{"fifu_image_url":"https:\/\/eldiario.com\/wp-content\/uploads\/2026\/01\/Clippve-presos-politicos-UCV-9.jpg","fifu_image_alt":"","footnotes":""},"categories":[13],"tags":[],"class_list":["post-55696","post","type-post","status-publish","format-standard","has-post-thumbnail","","category-mundo"],"_links":{"self":[{"href":"https:\/\/noticiasveraces.com\/index.php?rest_route=\/wp\/v2\/posts\/55696","targetHints":{"allow":["GET"]}}],"collection":[{"href":"https:\/\/noticiasveraces.com\/index.php?rest_route=\/wp\/v2\/posts"}],"about":[{"href":"https:\/\/noticiasveraces.com\/index.php?rest_route=\/wp\/v2\/types\/post"}],"author":[{"embeddable":true,"href":"https:\/\/noticiasveraces.com\/index.php?rest_route=\/wp\/v2\/users\/1"}],"replies":[{"embeddable":true,"href":"https:\/\/noticiasveraces.com\/index.php?rest_route=%2Fwp%2Fv2%2Fcomments&post=55696"}],"version-history":[{"count":0,"href":"https:\/\/noticiasveraces.com\/index.php?rest_route=\/wp\/v2\/posts\/55696\/revisions"}],"wp:featuredmedia":[{"embeddable":true,"href":"https:\/\/noticiasveraces.com\/index.php?rest_route=\/wp\/v2\/media\/55698"}],"wp:attachment":[{"href":"https:\/\/noticiasveraces.com\/index.php?rest_route=%2Fwp%2Fv2%2Fmedia&parent=55696"}],"wp:term":[{"taxonomy":"category","embeddable":true,"href":"https:\/\/noticiasveraces.com\/index.php?rest_route=%2Fwp%2Fv2%2Fcategories&post=55696"},{"taxonomy":"post_tag","embeddable":true,"href":"https:\/\/noticiasveraces.com\/index.php?rest_route=%2Fwp%2Fv2%2Ftags&post=55696"}],"curies":[{"name":"wp","href":"https:\/\/api.w.org\/{rel}","templated":true}]}}