{"id":55685,"date":"2026-01-15T12:15:54","date_gmt":"2026-01-15T16:15:54","guid":{"rendered":"https:\/\/noticiasveraces.com\/?p=55685"},"modified":"2026-01-15T12:15:54","modified_gmt":"2026-01-15T16:15:54","slug":"condenan-a-seis-anos-y-ocho-meses-de-prision-a-adolescente-involucrado-en-homicidio-de-josue-mata-correo-del-caroni","status":"publish","type":"post","link":"https:\/\/noticiasveraces.com\/?p=55685","title":{"rendered":"Condenan a seis a\u00f1os y ocho meses de prisi\u00f3n a adolescente involucrado en homicidio de Josu\u00e9 Mata \u2013 Correo del Caron\u00ed"},"content":{"rendered":"<p> \n<\/p>\n<div data-id=\"494a3404\" data-element_type=\"widget\" id=\"texto\" data-widget_type=\"theme-post-content.default\">\n<div class=\"elementor-widget-container\">\n<p>A seis a\u00f1os y ochos meses de prisi\u00f3n fue condenado el adolescente involucrado en el homicidio del joven Josu\u00e9 Mata Jim\u00e9nez, de 16 a\u00f1os, quien apareci\u00f3 sin vida en un terreno bald\u00edo del sector Core 8 de Ciudad Guayana, tras una semana de desaparici\u00f3n.<\/p>\n<p>Seg\u00fan la parte m\u00e9dica, Josu\u00e9 Mata Jim\u00e9nez falleci\u00f3 a causa de una herida de bala que le provoc\u00f3 una hemorragia interna. Tras el hallazgo de su cad\u00e1ver el pasado <strong><mark style=\"background-color:rgba(0, 0, 0, 0)\" class=\"has-inline-color has-luminous-vivid-amber-color\"><span style=\"text-decoration: underline;\">16 de noviembre<\/span><\/mark><\/strong>se detuvo a tres presuntos responsables: un adolescente que era amistad de Mata Jim\u00e9nez, un hombre con discapacidad motriz de nombre Agust\u00edn Flores que fue capturado en la frontera con Brasil cuando intentaba huir del pa\u00eds y un tercer implicado que habr\u00eda facilitado el traslado del cad\u00e1ver hasta donde fue abandonado.<\/p>\n<p>En entrevista con <strong>Correo del Caron\u00ed <\/strong>el padre de Josu\u00e9, Jos\u00e9 Mata, confirm\u00f3 que el adolescente que figuraba como sospechoso se declar\u00f3 culpable y fue condenado por la muerte del estudiante de quinto a\u00f1o de bachillerato.<\/p>\n<p>\u201cAl muchacho lo enjuiciaron y le dieron 6 a\u00f1os y ocho meses. No pude estar en el juicio, me llamaron 20 minutos antes del juicio. Me hicieron la notificaci\u00f3n de que \u00e9l confes\u00f3 haber cometido el acto. No me dieron m\u00e1s informaci\u00f3n\u201d.<\/p>\n<p>El padre especific\u00f3 que fue citado al juicio solo 20 minutos antes de que se efectuara, por lo que no pudo llegar a tiempo y fue notificado de lo ocurrido por quienes estuvieron presentes. En este sentido, la informaci\u00f3n que le proporcionaron fue que el menor se declar\u00f3 culpable del asesinato y confes\u00f3 haber sido \u00e9l quien dispar\u00f3 el arma contra Josu\u00e9 Mata Jim\u00e9nez.<\/p>\n<p>El padre de Josu\u00e9 asegur\u00f3 que la pr\u00f3xima semana estar\u00e1 recogiendo la sentencia para conocer los cargos imputados al menor, cuyo caso est\u00e1 siendo llevado por el Tribunal Primero de Responsabilidad Penal de Adolescentes de Bol\u00edvar.<\/p>\n<p>Asimismo aclar\u00f3 que no se han llevado a cabo los juicios de Agust\u00edn Flores ni del tercer implicado.<\/p>\n<p class=\"has-medium-font-size\"><strong>El homicidio<\/strong><\/p>\n<p>El caso de Josu\u00e9 Mata Jim\u00e9nez conmocion\u00f3 a Ciudad Guayana por varios d\u00edas, luego de que su <strong><mark style=\"background-color:rgba(0, 0, 0, 0)\" class=\"has-inline-color has-luminous-vivid-amber-color\"><span style=\"text-decoration: underline;\">capell\u00e1n<\/span><\/mark><\/strong>  lo reportara como desaparecido el pasado 9 de noviembre.<\/p>\n<p>El joven hab\u00eda sido visto por \u00faltima vez saliendo de casa de su hermana mayor en el sector Core 8, quien asegur\u00f3 a las autoridades que Mata Jim\u00e9nez estuvo haciendo tareas escolares con su sobrina hasta las 9:00 de la noche y sali\u00f3 en su bicicleta con destino a la casa que compart\u00eda con su abuela, a solo unas viviendas de distancia.<\/p>\n<p>El joven nunca lleg\u00f3. Su padre encabez\u00f3 <strong><mark style=\"background-color:rgba(0, 0, 0, 0)\" class=\"has-inline-color has-luminous-vivid-amber-color\"><span style=\"text-decoration: underline;\">jornadas de b\u00fasqueda<\/span><\/mark><\/strong>  por el sector durante varios d\u00edas, existiendo un hecho que llam\u00f3 la atenci\u00f3n y fue determinante en la <strong><mark style=\"background-color:rgba(0, 0, 0, 0)\" class=\"has-inline-color has-luminous-vivid-amber-color\"><span style=\"text-decoration: underline;\">investigaci\u00f3n<\/span><\/mark><\/strong>: la bicicleta de Josu\u00e9 fue encontrada en casa del muchacho implicado.<\/p>\n<p>Durante la b\u00fasqueda de Josu\u00e9, el adolescente refut\u00f3 la versi\u00f3n ofrecida por la hermana de Mata Jim\u00e9nez, y dijo que la bicicleta llevaba varios d\u00edas en su casa, lo que result\u00f3 ser una coartada falsa.<\/p>\n<p>Posteriormente, la averiguaci\u00f3n confirm\u00f3 que esa noche Josu\u00e9 se desplazaba en la bicicleta y que se dirigi\u00f3 al encuentro con el hoy condenado, quien particip\u00f3 de su crimen.<\/p>\n<p>Josu\u00e9 Mata Jim\u00e9nez fue asesinado en la vivienda de Agust\u00edn Flores, quien es conocido por distribuir drogas, y trasladado en una carreta de tres ruedas hacia el terreno bald\u00edo donde fue encontrado. El adolescente perdi\u00f3 la vida el mismo d\u00eda de su desaparici\u00f3n.<\/p>\n<p>Esta es la primera condena firme por el caso tras casi dos meses de los hechos. La madre de Josu\u00e9, residida en Brasil, ha publicado numerosos videos donde relata lo ocurrido con su hijo y exige justicia a las autoridades.<\/p>\n<p>Hasta la fecha no se ha hecho p\u00fablica una versi\u00f3n oficial que explique el m\u00f3vil del asesinato.<\/p>\n<\/p><\/div>\n<\/p><\/div>\n\n","protected":false},"excerpt":{"rendered":"<p>A seis a\u00f1os y ochos meses de prisi\u00f3n fue condenado el adolescente involucrado en el homicidio del joven Josu\u00e9 Mata Jim\u00e9nez, de 16 a\u00f1os, quien apareci\u00f3 sin vida en un terreno bald\u00edo del sector Core 8 de Ciudad Guayana, tras una semana de desaparici\u00f3n. Seg\u00fan la parte m\u00e9dica, Josu\u00e9 Mata Jim\u00e9nez falleci\u00f3 a causa de &hellip;<\/p>\n","protected":false},"author":1,"featured_media":55686,"comment_status":"open","ping_status":"open","sticky":false,"template":"","format":"standard","meta":{"fifu_image_url":"https:\/\/correodelcaroni.com\/wp-content\/uploads\/2026\/01\/JOSUEMJ_Condena_Web.jpg","fifu_image_alt":"","footnotes":""},"categories":[13],"tags":[],"class_list":["post-55685","post","type-post","status-publish","format-standard","has-post-thumbnail","","category-mundo"],"_links":{"self":[{"href":"https:\/\/noticiasveraces.com\/index.php?rest_route=\/wp\/v2\/posts\/55685","targetHints":{"allow":["GET"]}}],"collection":[{"href":"https:\/\/noticiasveraces.com\/index.php?rest_route=\/wp\/v2\/posts"}],"about":[{"href":"https:\/\/noticiasveraces.com\/index.php?rest_route=\/wp\/v2\/types\/post"}],"author":[{"embeddable":true,"href":"https:\/\/noticiasveraces.com\/index.php?rest_route=\/wp\/v2\/users\/1"}],"replies":[{"embeddable":true,"href":"https:\/\/noticiasveraces.com\/index.php?rest_route=%2Fwp%2Fv2%2Fcomments&post=55685"}],"version-history":[{"count":0,"href":"https:\/\/noticiasveraces.com\/index.php?rest_route=\/wp\/v2\/posts\/55685\/revisions"}],"wp:featuredmedia":[{"embeddable":true,"href":"https:\/\/noticiasveraces.com\/index.php?rest_route=\/wp\/v2\/media\/55686"}],"wp:attachment":[{"href":"https:\/\/noticiasveraces.com\/index.php?rest_route=%2Fwp%2Fv2%2Fmedia&parent=55685"}],"wp:term":[{"taxonomy":"category","embeddable":true,"href":"https:\/\/noticiasveraces.com\/index.php?rest_route=%2Fwp%2Fv2%2Fcategories&post=55685"},{"taxonomy":"post_tag","embeddable":true,"href":"https:\/\/noticiasveraces.com\/index.php?rest_route=%2Fwp%2Fv2%2Ftags&post=55685"}],"curies":[{"name":"wp","href":"https:\/\/api.w.org\/{rel}","templated":true}]}}