{"id":55643,"date":"2026-01-15T03:38:10","date_gmt":"2026-01-15T07:38:10","guid":{"rendered":"https:\/\/noticiasveraces.com\/?p=55643"},"modified":"2026-01-15T03:38:10","modified_gmt":"2026-01-15T07:38:10","slug":"grupos-kurdos-intentaron-violar-la-frontera-entre-iran-e-irak-en-medio-de-una-represion-en-curso-informes","status":"publish","type":"post","link":"https:\/\/noticiasveraces.com\/?p=55643","title":{"rendered":"Grupos kurdos intentaron violar la frontera entre Ir\u00e1n e Irak en medio de una represi\u00f3n en curso: informes"},"content":{"rendered":"<p> \n<\/p>\n<div>\n<div id=\"beyondwords-wrapper\" class=\"beyondwords-wrapper\">\n<p><span class=\"label-bg\">NUEVO<\/span>\u00a1Ahora puedes escuchar los art\u00edculos de Fox News!\n  <\/p>\n<\/div>\n<p class=\"speakable\">Grupos separatistas kurdos armados intentaron cruzar a Ir\u00e1n desde Irak en los \u00faltimos d\u00edas, avivando temores de que la espiral de disturbios en el pa\u00eds haya atra\u00eddo a peligrosos militantes extranjeros que podr\u00edan desestabilizar la regi\u00f3n en general, seg\u00fan informes.<\/p>\n<p class=\"speakable\">Los funcionarios iran\u00edes dijeron que el intento de violaci\u00f3n se produjo en medio de una amplia represi\u00f3n de las protestas a nivel nacional contra el r\u00e9gimen del pa\u00eds, con el Cuerpo de la Guardia Revolucionaria Isl\u00e1mica de Ir\u00e1n (CGRI) liderando la respuesta, inform\u00f3 Reuters.<\/p>\n<p>La agencia de noticias Tasnim tambi\u00e9n inform\u00f3 que grupos de milicias armadas que operan en Irak cruzaron la frontera en el oeste y noroeste de Ir\u00e1n, seg\u00fan Middle East Monitor.<\/p>\n<p><strong>Alto funcionario iran\u00ed resta importancia al n\u00famero de muertos y culpa al &#39;complot israel\u00ed&#39; mientras Estados Unidos considera ataques<\/strong><\/p>\n<div class=\"image-ct inline\">\n<div class=\"m\"><picture><source media=\"(max-width: 767px)\" srcset=\"https:\/\/a57.foxnews.com\/static.foxnews.com\/foxnews.com\/content\/uploads\/2018\/09\/343\/192\/d9538ba7-dwd.jpg?ve=1&amp;tl=1, https:\/\/a57.foxnews.com\/static.foxnews.com\/foxnews.com\/content\/uploads\/2018\/09\/686\/384\/d9538ba7-dwd.jpg?ve=1&amp;tl=1 2x\" height=\"192\" width=\"343\"><source media=\"(min-width: 768px) and (max-width: 1023px)\" srcset=\"https:\/\/a57.foxnews.com\/static.foxnews.com\/foxnews.com\/content\/uploads\/2018\/09\/672\/378\/d9538ba7-dwd.jpg?ve=1&amp;tl=1, https:\/\/a57.foxnews.com\/static.foxnews.com\/foxnews.com\/content\/uploads\/2018\/09\/1344\/756\/d9538ba7-dwd.jpg?ve=1&amp;tl=1 2x\" height=\"378\" width=\"672\"><source media=\"(min-width: 1024px) and (max-width: 1279px)\" srcset=\"https:\/\/a57.foxnews.com\/static.foxnews.com\/foxnews.com\/content\/uploads\/2018\/09\/931\/523\/d9538ba7-dwd.jpg?ve=1&amp;tl=1, https:\/\/a57.foxnews.com\/static.foxnews.com\/foxnews.com\/content\/uploads\/2018\/09\/1862\/1046\/d9538ba7-dwd.jpg?ve=1&amp;tl=1 2x\" height=\"523\" width=\"931\"><source media=\"(min-width: 1280px)\" srcset=\"https:\/\/a57.foxnews.com\/static.foxnews.com\/foxnews.com\/content\/uploads\/2018\/09\/720\/405\/d9538ba7-dwd.jpg?ve=1&amp;tl=1, https:\/\/a57.foxnews.com\/static.foxnews.com\/foxnews.com\/content\/uploads\/2018\/09\/1440\/810\/d9538ba7-dwd.jpg?ve=1&amp;tl=1 2x\" height=\"405\" width=\"720\"><img loading=\"lazy\" decoding=\"async\" src=\"https:\/\/a57.foxnews.com\/static.foxnews.com\/foxnews.com\/content\/uploads\/2018\/09\/1200\/675\/d9538ba7-dwd.jpg?ve=1&amp;tl=1\" alt=\"Combatientes kurdos Peshmerga se re\u00fanen al norte de Kirkuk, Irak, el 19 de octubre de 2017. REUTERS\/Ako Rasheed - RC1244BF1E20\" width=\"1200\" height=\"675\"\/><\/source><\/source><\/source><\/source><\/picture><\/div>\n<div class=\"info\">\n<div class=\"caption\">\n<p><span>Los combatientes kurdos Peshmerga se re\u00fanen al norte de Kirkuk, Irak.<\/span> <span>(Reuters)<\/span><\/p>\n<\/div>\n<\/div>\n<\/div>\n<p>Reuters hab\u00eda informado que tres fuentes, incluido un alto funcionario iran\u00ed, dijeron que la agencia de inteligencia de Turqu\u00eda, conocida como MIT, advirti\u00f3 al IRGC que los combatientes kurdos estaban tratando de cruzar la frontera entre Ir\u00e1n e Irak.<\/p>\n<p>El funcionario iran\u00ed dijo que tambi\u00e9n estallaron enfrentamientos despu\u00e9s del intento de cruzar y acus\u00f3 a los combatientes de intentar explotar los disturbios y crear m\u00e1s inestabilidad.<\/p>\n<p>Seg\u00fan el Consejo de Relaciones Exteriores, alrededor de 30 millones de kurdos viven en Oriente Medio, principalmente en Ir\u00e1n, Irak, Siria y Turqu\u00eda.<\/p>\n<p><strong>TRUMP DICE QUE IR\u00c1N &#39;COMIENZA A&#39; CRUZAR LAS L\u00cdNEAS ROJAS DE ESTADOS UNIDOS MIENTRAS LOS MANIFESTANTES MUEREN EN LA REPRESI\u00d3N DEL GOBIERNO<\/strong><\/p>\n<div class=\"image-ct inline\">\n<div class=\"m\"><picture><source media=\"(max-width: 767px)\" srcset=\"https:\/\/a57.foxnews.com\/static.foxnews.com\/foxnews.com\/content\/uploads\/2026\/01\/343\/192\/kurdistan-workers-party-fighter.jpg?ve=1&amp;tl=1, https:\/\/a57.foxnews.com\/static.foxnews.com\/foxnews.com\/content\/uploads\/2026\/01\/686\/384\/kurdistan-workers-party-fighter.jpg?ve=1&amp;tl=1 2x\" height=\"192\" width=\"343\"><source media=\"(min-width: 768px) and (max-width: 1023px)\" srcset=\"https:\/\/a57.foxnews.com\/static.foxnews.com\/foxnews.com\/content\/uploads\/2026\/01\/672\/378\/kurdistan-workers-party-fighter.jpg?ve=1&amp;tl=1, https:\/\/a57.foxnews.com\/static.foxnews.com\/foxnews.com\/content\/uploads\/2026\/01\/1344\/756\/kurdistan-workers-party-fighter.jpg?ve=1&amp;tl=1 2x\" height=\"378\" width=\"672\"><source media=\"(min-width: 1024px) and (max-width: 1279px)\" srcset=\"https:\/\/a57.foxnews.com\/static.foxnews.com\/foxnews.com\/content\/uploads\/2026\/01\/931\/523\/kurdistan-workers-party-fighter.jpg?ve=1&amp;tl=1, https:\/\/a57.foxnews.com\/static.foxnews.com\/foxnews.com\/content\/uploads\/2026\/01\/1862\/1046\/kurdistan-workers-party-fighter.jpg?ve=1&amp;tl=1 2x\" height=\"523\" width=\"931\"><source media=\"(min-width: 1280px)\" srcset=\"https:\/\/a57.foxnews.com\/static.foxnews.com\/foxnews.com\/content\/uploads\/2026\/01\/720\/405\/kurdistan-workers-party-fighter.jpg?ve=1&amp;tl=1, https:\/\/a57.foxnews.com\/static.foxnews.com\/foxnews.com\/content\/uploads\/2026\/01\/1440\/810\/kurdistan-workers-party-fighter.jpg?ve=1&amp;tl=1 2x\" height=\"405\" width=\"720\"><img loading=\"lazy\" decoding=\"async\" src=\"https:\/\/a57.foxnews.com\/static.foxnews.com\/foxnews.com\/content\/uploads\/2026\/01\/1200\/675\/kurdistan-workers-party-fighter.jpg?ve=1&amp;tl=1\" alt=\"Combatientes del PKK\" width=\"1200\" height=\"675\"\/><\/source><\/source><\/source><\/source><\/picture><\/div>\n<div class=\"info\">\n<div class=\"caption\">\n<p><span>Los separatistas kurdos intentaron cruzar Ir\u00e1n desde Irak en medio de protestas.<\/span> <span>(Mustafa Ozer\/AFP v\u00eda Getty Images)<\/span><\/p>\n<\/div>\n<\/div>\n<\/div>\n<p>Turqu\u00eda ha designado a grupos militantes kurdos en el norte de Irak como organizaciones terroristas y ha llevado a cabo operaciones militares transfronterizas contra ellos. El ej\u00e9rcito turco tambi\u00e9n ha atacado bases del PKK en Irak.<\/p>\n<p>En 2025, el Partido de los Trabajadores del Kurdist\u00e1n (PKK) dijo que se desarmar\u00eda y pondr\u00eda fin a su batalla de d\u00e9cadas contra Turqu\u00eda.<\/p>\n<p>Reuters dijo que el MIT y la oficina del presidente Recep Tayyip Erdo\u011fan no hicieron comentarios sobre el cruce de Ir\u00e1n, aunque advirti\u00f3 que cualquier interferencia en Ir\u00e1n avivar\u00eda las crisis regionales.<\/p>\n<p><strong>&#39;DEJEN IR\u00c1N AHORA&#39;: LA EMBAJADA DE EE.UU. PUBLICA ADVERTENCIA A LOS ESTADOUNIDENSES QUE A\u00daN SE ENCUENTRAN EN EL PA\u00cdS<\/strong><\/p>\n<div class=\"image-ct inline\">\n<div class=\"m\"><picture><source media=\"(max-width: 767px)\" srcset=\"https:\/\/a57.foxnews.com\/static.foxnews.com\/foxnews.com\/content\/uploads\/2026\/01\/343\/192\/iran-protests-jan9.jpg?ve=1&amp;tl=1, https:\/\/a57.foxnews.com\/static.foxnews.com\/foxnews.com\/content\/uploads\/2026\/01\/686\/384\/iran-protests-jan9.jpg?ve=1&amp;tl=1 2x\" height=\"192\" width=\"343\"><source media=\"(min-width: 768px) and (max-width: 1023px)\" srcset=\"https:\/\/a57.foxnews.com\/static.foxnews.com\/foxnews.com\/content\/uploads\/2026\/01\/672\/378\/iran-protests-jan9.jpg?ve=1&amp;tl=1, https:\/\/a57.foxnews.com\/static.foxnews.com\/foxnews.com\/content\/uploads\/2026\/01\/1344\/756\/iran-protests-jan9.jpg?ve=1&amp;tl=1 2x\" height=\"378\" width=\"672\"><source media=\"(min-width: 1024px) and (max-width: 1279px)\" srcset=\"https:\/\/a57.foxnews.com\/static.foxnews.com\/foxnews.com\/content\/uploads\/2026\/01\/931\/523\/iran-protests-jan9.jpg?ve=1&amp;tl=1, https:\/\/a57.foxnews.com\/static.foxnews.com\/foxnews.com\/content\/uploads\/2026\/01\/1862\/1046\/iran-protests-jan9.jpg?ve=1&amp;tl=1 2x\" height=\"523\" width=\"931\"><source media=\"(min-width: 1280px)\" srcset=\"https:\/\/a57.foxnews.com\/static.foxnews.com\/foxnews.com\/content\/uploads\/2026\/01\/720\/405\/iran-protests-jan9.jpg?ve=1&amp;tl=1, https:\/\/a57.foxnews.com\/static.foxnews.com\/foxnews.com\/content\/uploads\/2026\/01\/1440\/810\/iran-protests-jan9.jpg?ve=1&amp;tl=1 2x\" height=\"405\" width=\"720\"><img loading=\"lazy\" decoding=\"async\" src=\"https:\/\/a57.foxnews.com\/static.foxnews.com\/foxnews.com\/content\/uploads\/2026\/01\/1200\/675\/iran-protests-jan9.jpg?ve=1&amp;tl=1\" alt=\"Protestas antigubernamentales en Ir\u00e1n\" width=\"1200\" height=\"675\"\/><\/source><\/source><\/source><\/source><\/picture><\/div>\n<div class=\"info\">\n<div class=\"caption\">\n<p><span>Los iran\u00edes asisten a una protesta antigubernamental el 9 de enero en Teher\u00e1n, Ir\u00e1n.<\/span> <span>(UGC v\u00eda AP)<\/span><\/p>\n<\/div>\n<\/div>\n<\/div>\n<p>Las autoridades iran\u00edes alegaron que los combatientes fueron enviados desde Irak y Turqu\u00eda y dijeron que el r\u00e9gimen iran\u00ed ha pedido a ambos gobiernos que detengan cualquier transferencia de combatientes o armas a Ir\u00e1n.<\/p>\n<p>El n\u00famero de muertes durante la represi\u00f3n contra los manifestantes aument\u00f3 a al menos 2.571 el mi\u00e9rcoles, seg\u00fan la Agencia de Noticias Activistas de Derechos Humanos.<\/p>\n<p><strong>HAGA CLIC AQU\u00cd PARA DESCARGAR LA APLICACI\u00d3N FOX NEWS<\/strong><\/p>\n<p>El presidente Donald Trump dijo el mi\u00e9rcoles que le hab\u00edan dicho que las matanzas hab\u00edan cesado y cree que no hay ning\u00fan plan para ejecuciones a gran escala. <\/p>\n<p>Cuando se le pregunt\u00f3 qui\u00e9n se lo hab\u00eda dicho, Trump dijo que eran \u00abfuentes muy importantes del otro lado\u00bb.<\/p>\n<p>Ir\u00e1n cerr\u00f3 su espacio a\u00e9reo a la mayor\u00eda de los vuelos el mi\u00e9rcoles, seg\u00fan el sitio web de seguimiento de vuelos Flightradar24, y el cierre dur\u00f3 poco m\u00e1s de dos horas.<\/p>\n<p> <!----> <\/p>\n<div class=\"article-meta\">\n<div class=\"author-bio\">\n<p>Emma Bussey es redactora de noticias de \u00faltima hora para Fox News Digital. Antes de unirse a Fox, trabaj\u00f3 en The Telegraph con el equipo nocturno de EE. UU., en \u00e1reas que inclu\u00edan asuntos exteriores, pol\u00edtica, noticias, deportes y cultura. <\/p>\n<\/div>\n<\/div>\n<\/div>\n\n","protected":false},"excerpt":{"rendered":"<p>NUEVO\u00a1Ahora puedes escuchar los art\u00edculos de Fox News! Grupos separatistas kurdos armados intentaron cruzar a Ir\u00e1n desde Irak en los \u00faltimos d\u00edas, avivando temores de que la espiral de disturbios en el pa\u00eds haya atra\u00eddo a peligrosos militantes extranjeros que podr\u00edan desestabilizar la regi\u00f3n en general, seg\u00fan informes. Los funcionarios iran\u00edes dijeron que el intento &hellip;<\/p>\n","protected":false},"author":1,"featured_media":55645,"comment_status":"open","ping_status":"open","sticky":false,"template":"","format":"standard","meta":{"fifu_image_url":"https:\/\/static.foxnews.com\/foxnews.com\/content\/uploads\/2026\/01\/kurdistan-workers-party-fighter.jpg","fifu_image_alt":"","footnotes":""},"categories":[13],"tags":[],"class_list":["post-55643","post","type-post","status-publish","format-standard","has-post-thumbnail","","category-mundo"],"_links":{"self":[{"href":"https:\/\/noticiasveraces.com\/index.php?rest_route=\/wp\/v2\/posts\/55643","targetHints":{"allow":["GET"]}}],"collection":[{"href":"https:\/\/noticiasveraces.com\/index.php?rest_route=\/wp\/v2\/posts"}],"about":[{"href":"https:\/\/noticiasveraces.com\/index.php?rest_route=\/wp\/v2\/types\/post"}],"author":[{"embeddable":true,"href":"https:\/\/noticiasveraces.com\/index.php?rest_route=\/wp\/v2\/users\/1"}],"replies":[{"embeddable":true,"href":"https:\/\/noticiasveraces.com\/index.php?rest_route=%2Fwp%2Fv2%2Fcomments&post=55643"}],"version-history":[{"count":0,"href":"https:\/\/noticiasveraces.com\/index.php?rest_route=\/wp\/v2\/posts\/55643\/revisions"}],"wp:featuredmedia":[{"embeddable":true,"href":"https:\/\/noticiasveraces.com\/index.php?rest_route=\/wp\/v2\/media\/55645"}],"wp:attachment":[{"href":"https:\/\/noticiasveraces.com\/index.php?rest_route=%2Fwp%2Fv2%2Fmedia&parent=55643"}],"wp:term":[{"taxonomy":"category","embeddable":true,"href":"https:\/\/noticiasveraces.com\/index.php?rest_route=%2Fwp%2Fv2%2Fcategories&post=55643"},{"taxonomy":"post_tag","embeddable":true,"href":"https:\/\/noticiasveraces.com\/index.php?rest_route=%2Fwp%2Fv2%2Ftags&post=55643"}],"curies":[{"name":"wp","href":"https:\/\/api.w.org\/{rel}","templated":true}]}}