{"id":55624,"date":"2026-01-15T01:09:13","date_gmt":"2026-01-15T05:09:13","guid":{"rendered":"https:\/\/noticiasveraces.com\/?p=55624"},"modified":"2026-01-15T01:09:13","modified_gmt":"2026-01-15T05:09:13","slug":"asi-transcurrio-la-visita-168-de-la-divina-pastora-a-barquisimeto","status":"publish","type":"post","link":"https:\/\/noticiasveraces.com\/?p=55624","title":{"rendered":"As\u00ed transcurri\u00f3 la visita 168 de la Divina Pastora a Barquisimeto"},"content":{"rendered":"<p> \n<\/p>\n<div>\n<p>Este mi\u00e9rcoles 14 de enero se llev\u00f3 a cabo la la visita n\u00famero 168 de la Divina Pastora a Barquisimeto, estado Lara.<\/p>\n<p>A las 6:10 pm se realiz\u00f3 la misa de bienvenida de la Divina Pastora en la Catedral de Barquisimeto. La llegada de esta advocaci\u00f3n mariana a la iglesia fue celebrada entre aplausos entre la feligres\u00eda, report\u00f3 el medio <em>La Prensa Lara<\/em> en su cuenta de X.<\/p>\n<p>Las actividades religiosas iniciaron formalmente la noche del martes 13 de enero con una vigilia de oraci\u00f3n que finaliz\u00f3 a las 5:00 am de hoy para dar inicio a la procesi\u00f3n.<\/p>\n<p>El recorrido comenz\u00f3 desde su santuario en el pueblo de Santa Rosa y recorri\u00f3 aproximadamente 7,5 kil\u00f3metros hasta llegar a la Catedral de Barquisimeto.<\/p>\n<p>En redes sociales se report\u00f3 la presencia del dirigente pol\u00edtico Biagio Pilieri, quien agradeci\u00f3 por su reciente excarcelaci\u00f3n, y la presencia del exalcalde de Barquisimeto, Alfredo Ramos, quien se encontraba en clandestinidad.<\/p>\n<figure class=\"wp-block-embed is-type-rich is-provider-twitter wp-block-embed-twitter\">\n<div class=\"wp-block-embed__wrapper\">\n<blockquote class=\"twitter-tweet\" data-width=\"550\" data-dnt=\"true\">\n<p lang=\"es\" dir=\"ltr\">Biagio Pilieri y Alfredo Ramos participaron este mi\u00e9rcoles en la procesi\u00f3n de la Divina Pastora.<\/p>\n<p>Esta es la primera aparici\u00f3n p\u00fablica de Biagio Pilieri tras salir de prisi\u00f3n luego de 16 meses detenido arbitrariamente.<\/p>\n<p>Y es la segunda aparici\u00f3n de Alfredo Ramos en p\u00fablico tras\u2026 <a href=\"https:\/\/t.co\/1rZFTEjEcf\">pic.twitter.com\/1rZFTEjEcf<\/a><\/p>\n<p>\u2014 Gabriel Bastidas (@Gbastidas) <a href=\"https:\/\/twitter.com\/Gbastidas\/status\/2011530832348107093?ref_src=twsrc%5Etfw\">14 de enero de 2026<\/a><\/p><\/blockquote>\n<\/div>\n<\/figure>\n<p>Una de las particularidades de esta edici\u00f3n es <strong>el cambio en la vestimenta de la imagen<\/strong>. Por primera vez en casi dos siglos, la Divina Pastora lleva un traje t\u00edpico inspirado en el Tamunangue, dise\u00f1ado por un equipo del municipio Mor\u00e1n (El Tocuyo).<\/p>\n<h2 id=\"el-cambio-en-la-vestimenta-de-la-divina-pastora\" class=\"rb-heading-index-0-838416 wp-block-heading\"><strong>El cambio en la vestimenta de la Divina Pastora<\/strong><\/h2>\n<figure class=\"wp-block-image size-large\"><img fetchpriority=\"high\" decoding=\"async\" width=\"1200\" height=\"900\" src=\"https:\/\/eldiario.com\/wp-content\/uploads\/2026\/01\/20260114-102017-1200x900.jpg\" alt=\"As\u00ed transcurre la visita 168 de la Divina Pastora a Barquisimeto\" class=\"wp-image-838482\" srcset=\"https:\/\/eldiario.com\/wp-content\/uploads\/2026\/01\/20260114-102017-1200x900.jpg 1200w, https:\/\/eldiario.com\/wp-content\/uploads\/2026\/01\/20260114-102017-300x225.jpg 300w, https:\/\/eldiario.com\/wp-content\/uploads\/2026\/01\/20260114-102017-768x576.jpg 768w, https:\/\/eldiario.com\/wp-content\/uploads\/2026\/01\/20260114-102017-1536x1152.jpg 1536w, https:\/\/eldiario.com\/wp-content\/uploads\/2026\/01\/20260114-102017-860x645.jpg 860w, https:\/\/eldiario.com\/wp-content\/uploads\/2026\/01\/20260114-102017-150x113.jpg 150w, https:\/\/eldiario.com\/wp-content\/uploads\/2026\/01\/20260114-102017.jpg 1600w\" sizes=\"(max-width: 1200px) 100vw, 1200px\"\/><figcaption class=\"wp-element-caption\">Foto: Nollberto Hern\u00e1ndez<\/figcaption><\/figure>\n<p>El conjunto incluye una blusa y falda con motivos florales y bordados alusivos a la agricultura local. <\/p>\n<p>Por su parte, <strong>la imagen del Ni\u00f1o Jes\u00fas viste un liqui-liqui color caqui<\/strong>. Ambos llevan alpargatas que reflejan la identidad larense.<\/p>\n<p>Julio Rodr\u00edguez, director del Museo Arquidiocesano Divina Pastora, explic\u00f3 que la imagen no porta el tradicional atuendo de reina, sino que representa a una <strong>\u00abMujer Tamunanguera\u00bb<\/strong>adaptando incluso su bast\u00f3n a los elementos de esta danza.<\/p>\n<h2 id=\"cronograma-de-la-jornada\" class=\"rb-heading-index-1-838416 wp-block-heading\"><strong>Cronograma de la jornada<\/strong><\/h2>\n<p>La <strong>Arquidi\u00f3cesis de Barquisimeto <\/strong>estableci\u00f3 el siguiente itinerario para el recorrido:<\/p>\n<p><strong>-9:00 am:<\/strong> misa de despedida en Santa Rosa, previa al inicio de la procesi\u00f3n.<\/p>\n<p><strong>-4:00 pm:<\/strong> hora estimada de llegada a la Catedral Metropolitana de Barquisimeto, donde la imagen ser\u00e1 recibida por una orquesta sinf\u00f3nica.<\/p>\n<p><strong>-5:00 pm: <\/strong>misa de bienvenida a la Virgen.<\/p>\n<p>La Arquidi\u00f3cesis inform\u00f3 que el recorrido contar\u00e1 con actividades culturales y recreativas. <\/p>\n<p>Tras su llegada a la Catedral, <strong>la imagen ser\u00e1 trasladada semanalmente a distintas localidades de Barquisimeto hasta el mes de marzo<\/strong>cuando regresar\u00e1 a Santa Rosa.<\/p>\n<p><strong>Carrera-caminata<\/strong><\/p>\n<p>Feligreses en el pueblo de Santa Rosa asistieron a la <strong>carrera-caminata<\/strong> con motivo de la visita 168 de la Divina Pastora a Barquisimeto.<\/p>\n<p>Los devotos participaron en la actividad a pesar de la lluvia registrada durante la ma\u00f1ana del 14 de enero.<\/p>\n<p>\u00abFue impresionante la alegr\u00eda y la receptividad de las personas\u00bb, expres\u00f3 Jos\u00e9 Daniel Gil, uno de los corredores del evento.<\/p>\n<figure class=\"wp-block-image size-large\"><img loading=\"lazy\" decoding=\"async\" width=\"1200\" height=\"900\" src=\"https:\/\/eldiario.com\/wp-content\/uploads\/2026\/01\/20260114-102020-1200x900.jpg\" alt=\"As\u00ed transcurre la visita 168 de la Divina Pastora a Barquisimeto\" class=\"wp-image-838483\" srcset=\"https:\/\/eldiario.com\/wp-content\/uploads\/2026\/01\/20260114-102020-1200x900.jpg 1200w, https:\/\/eldiario.com\/wp-content\/uploads\/2026\/01\/20260114-102020-300x225.jpg 300w, https:\/\/eldiario.com\/wp-content\/uploads\/2026\/01\/20260114-102020-768x576.jpg 768w, https:\/\/eldiario.com\/wp-content\/uploads\/2026\/01\/20260114-102020-1536x1152.jpg 1536w, https:\/\/eldiario.com\/wp-content\/uploads\/2026\/01\/20260114-102020-860x645.jpg 860w, https:\/\/eldiario.com\/wp-content\/uploads\/2026\/01\/20260114-102020-150x113.jpg 150w, https:\/\/eldiario.com\/wp-content\/uploads\/2026\/01\/20260114-102020.jpg 1600w\" sizes=\"auto, (max-width: 1200px) 100vw, 1200px\"\/><figcaption class=\"wp-element-caption\">Foto: Nollberto Hern\u00e1ndez<\/figcaption><\/figure>\n<h2 id=\"arzobispo-de-barquisimeto-pidio-la-liberacion-de-los-presos-politicosnbsp\" class=\"rb-heading-index-2-838416 wp-block-heading\"><strong>Arzobispo de Barquisimeto pidi\u00f3 la liberaci\u00f3n de los presos pol\u00edticos <\/strong><\/h2>\n<p>El arzobispo de Barquisimeto, <strong>monse\u00f1or Polito Rodr\u00edguez<\/strong>pidi\u00f3 la <strong>liberaci\u00f3n de todos los presos pol\u00edticos <\/strong>en Venezuela durante la misa de despedida con motivo de la visita 168 de la Divina Pastora.<\/p>\n<p>\u201cAplaudimos que algunos ya han sido liberados, pero <strong>faltan muchos otros<\/strong> cuyo clamor y el de sus familiares no pueden ser ignorados\u201d, expres\u00f3 monse\u00f1or Rodr\u00edguez.<\/p>\n<p>Asimismo afirm\u00f3 que<strong> la pronta liberaci\u00f3n de los detenidos con motivos pol\u00edticos ser\u00eda \u201cun gesto de reconciliaci\u00f3n y justicia<\/strong>\u201d.<\/p>\n<p>Rodr\u00edguez pidi\u00f3 velar por el respeto de los derechos fundamentales de la poblaci\u00f3n venezolana, como el derecho a la vida, la libertad de expresi\u00f3n y el derecho al sufragio.<\/p>\n<figure class=\"wp-block-image size-large\"><img loading=\"lazy\" decoding=\"async\" width=\"1200\" height=\"900\" src=\"https:\/\/eldiario.com\/wp-content\/uploads\/2026\/01\/Divina-Pastora-1-1200x900.jpg\" alt=\"As\u00ed transcurri\u00f3 la visita 168 de la Divina Pastora a Barquisimeto\" class=\"wp-image-838642\" srcset=\"https:\/\/eldiario.com\/wp-content\/uploads\/2026\/01\/Divina-Pastora-1-1200x900.jpg 1200w, https:\/\/eldiario.com\/wp-content\/uploads\/2026\/01\/Divina-Pastora-1-300x225.jpg 300w, https:\/\/eldiario.com\/wp-content\/uploads\/2026\/01\/Divina-Pastora-1-768x576.jpg 768w, https:\/\/eldiario.com\/wp-content\/uploads\/2026\/01\/Divina-Pastora-1-1536x1152.jpg 1536w, https:\/\/eldiario.com\/wp-content\/uploads\/2026\/01\/Divina-Pastora-1-860x645.jpg 860w, https:\/\/eldiario.com\/wp-content\/uploads\/2026\/01\/Divina-Pastora-1-150x113.jpg 150w, https:\/\/eldiario.com\/wp-content\/uploads\/2026\/01\/Divina-Pastora-1.jpg 1600w\" sizes=\"auto, (max-width: 1200px) 100vw, 1200px\"\/><figcaption class=\"wp-element-caption\">Foto: Arquidi\u00f3cesis de Barquisimeto | Instagram <\/figcaption><\/figure>\n<p><!-- CONTENT END 1 -->\n<\/div>\n<p><script async src=\"https:\/\/platform.twitter.com\/widgets.js\" charset=\"utf-8\"><\/script><script async src=\"\/\/www.instagram.com\/embed.js\"><\/script><br \/>\n<br \/>\n","protected":false},"excerpt":{"rendered":"<p>Este mi\u00e9rcoles 14 de enero se llev\u00f3 a cabo la la visita n\u00famero 168 de la Divina Pastora a Barquisimeto, estado Lara. A las 6:10 pm se realiz\u00f3 la misa de bienvenida de la Divina Pastora en la Catedral de Barquisimeto. La llegada de esta advocaci\u00f3n mariana a la iglesia fue celebrada entre aplausos entre &hellip;<\/p>\n","protected":false},"author":1,"featured_media":55626,"comment_status":"open","ping_status":"open","sticky":false,"template":"","format":"standard","meta":{"fifu_image_url":"https:\/\/eldiario.com\/wp-content\/uploads\/2026\/01\/Divina-Pastora-3.jpg","fifu_image_alt":"","footnotes":""},"categories":[13],"tags":[],"class_list":["post-55624","post","type-post","status-publish","format-standard","has-post-thumbnail","","category-mundo"],"_links":{"self":[{"href":"https:\/\/noticiasveraces.com\/index.php?rest_route=\/wp\/v2\/posts\/55624","targetHints":{"allow":["GET"]}}],"collection":[{"href":"https:\/\/noticiasveraces.com\/index.php?rest_route=\/wp\/v2\/posts"}],"about":[{"href":"https:\/\/noticiasveraces.com\/index.php?rest_route=\/wp\/v2\/types\/post"}],"author":[{"embeddable":true,"href":"https:\/\/noticiasveraces.com\/index.php?rest_route=\/wp\/v2\/users\/1"}],"replies":[{"embeddable":true,"href":"https:\/\/noticiasveraces.com\/index.php?rest_route=%2Fwp%2Fv2%2Fcomments&post=55624"}],"version-history":[{"count":0,"href":"https:\/\/noticiasveraces.com\/index.php?rest_route=\/wp\/v2\/posts\/55624\/revisions"}],"wp:featuredmedia":[{"embeddable":true,"href":"https:\/\/noticiasveraces.com\/index.php?rest_route=\/wp\/v2\/media\/55626"}],"wp:attachment":[{"href":"https:\/\/noticiasveraces.com\/index.php?rest_route=%2Fwp%2Fv2%2Fmedia&parent=55624"}],"wp:term":[{"taxonomy":"category","embeddable":true,"href":"https:\/\/noticiasveraces.com\/index.php?rest_route=%2Fwp%2Fv2%2Fcategories&post=55624"},{"taxonomy":"post_tag","embeddable":true,"href":"https:\/\/noticiasveraces.com\/index.php?rest_route=%2Fwp%2Fv2%2Ftags&post=55624"}],"curies":[{"name":"wp","href":"https:\/\/api.w.org\/{rel}","templated":true}]}}