{"id":55622,"date":"2026-01-15T00:37:17","date_gmt":"2026-01-15T04:37:17","guid":{"rendered":"https:\/\/noticiasveraces.com\/?p=55622"},"modified":"2026-01-15T00:37:17","modified_gmt":"2026-01-15T04:37:17","slug":"lionel-messi-encabeza-el-partido-de-la-historia-entre-inter-miami-y-atletico-nacional-detalles-curiosidades-de-futbol","status":"publish","type":"post","link":"https:\/\/noticiasveraces.com\/?p=55622","title":{"rendered":"Lionel Messi encabeza el partido de la historia entre Inter Miami y Atl\u00e9tico Nacional: detalles | Curiosidades de f\u00fatbol"},"content":{"rendered":"<p> \n<\/p>\n<div id=\"cuerpoArticulo\">\n<p class=\"texto intro cnx-companion-firstparagraph\" id=\"p260853-m722-721-723\">Lo que el mundo del f\u00fatbol esperaba es hoy una realidad confirmada: Lionel Messi pisar\u00e1 el c\u00e9sped del Estadio Atanasio Girardot. El jugador m\u00e1s premiado de todos los tiempos (48 t\u00edtulos) y actual MVP de la MLS, estar\u00e1 en Medell\u00edn para protagonizar el \u00abPartido de la Historia\u00bb el pr\u00f3ximo s\u00e1bado 31 de enero a las 5:00 p.m.<\/p>\n<p>Este encuentro no es solo un partido amistoso; es un duelo entre el vigente campe\u00f3n de los Estados Unidos, el Inter Miami CF, y el equipo con mayor jerarqu\u00eda, tradici\u00f3n y t\u00edtulos de Colombia, el Atl\u00e9tico Nacional.<\/p>\n<p class=\"texto contenido-parrafo-articulo cnx-companion-paragraph\" id=\"p260853-m740-2-741\">Bajo la direcci\u00f3n estrat\u00e9gica de Javier Mascherano, el Inter Miami llega a jugar en Medell\u00edn con una n\u00f3mina de lujo que garantiza un espect\u00e1culo de clase mundial. La delegaci\u00f3n llega liderada por el astro Lionel Messi, quien estar\u00e1 acompa\u00f1ado por figuras de la talla del hist\u00f3rico goleador Luis Su\u00e1rez, el motor del mediocampo y actual campe\u00f3n del mundo Rodrigo De Paul, la experiencia defensiva europea de Sergio Reguil\u00f3n y el talento joven de Tadeo Allende.<\/p>\n<p>Este bloque estelar medir\u00e1 fuerzas ante un Atl\u00e9tico Nacional, que alinear\u00e1 a sus m\u00e1ximos referentes, encabezados por David Ospina, Edwin Cardona, Matheus Uribe, William Tesillo y Jorman Campuzano, prometiendo una tarde de f\u00fatbol inolvidable donde se cruzar\u00e1 la m\u00edstica del &#8216;Rey de Copas&#8217; con el fen\u00f3meno global del momento.<\/p>\n<div class=\"fotografia caja-articulo\" id=\"p260853-m746-3-747\">\n<div class=\"imagen-cuerpo-bk\">\n<figure itemscope=\"\" itemtype=\"https:\/\/schema.org\/ImageObject\" itemprop=\"image\" id=\"m751-750-752\" class=\"foto-galeria-articulo imagen-articulo foto-texto-articulo-galeria\"><img decoding=\"async\" alt=\"Lionel Messi\" src=\"data:image\/png;base64,iVBORw0KGgoAAAANSUhEUgAAAAEAAAABCAQAAAC1HAwCAAAAC0lEQVR42mP8\/x0AAvsB+DlKarAAAAAASUVORK5CYII=\" style=\" display: inline;\" data-original=\"\/files\/article_content\/uploads\/2025\/11\/23\/6923a6977bb22.jpeg\"\/><meta itemprop=\"width\" content=\"600\"\/><meta itemprop=\"height\" content=\"450\"\/> <meta itemprop=\"url\" content=\"https:\/\/www.futbolred.com\/files\/article_content\/uploads\/2025\/11\/23\/6923a6977bb22.jpeg\"\/><\/figure>\n<\/div>\n<div class=\"figcaption-cuerpo-bk credito-image-bk\"><figcaption class=\"foto-info\">\n<div class=\"titulo-foto-bk\">\n<p id=\"m758-1-759\" class=\"titulo pie-de-foto\">Lionel Messi en Cincinnati vs.Inter Miami<\/p>\n<\/div>\n<p class=\"credito\">\n                            <span class=\"linea pre_credito\">Foto:<\/span><\/p>\n<p>                        <span id=\"m764-2-765\" class=\"autor\">Jeff Dean\/AFP<\/span><\/p>\n<\/figcaption><\/div>\n<\/p><\/div>\n<p class=\"texto contenido-parrafo-articulo cnx-companion-paragraph\" id=\"p260853-m772-4-773\">Este es un evento dise\u00f1ado para que toda la familia sea testigo de la historia, es por eso que el ingreso estar\u00e1 habilitado para personas de todas las edades, permitiendo que grandes y chicos disfruten de ver a los mejores del mundo en casa. La boleter\u00eda oficial puede adquirirse a trav\u00e9s de la plataforma Tribuna Verde con el 10% de descuento en todos los m\u00e9todos de pago y con disponibilidad para todas las localidades del estadio.<\/p>\n<p>Adem\u00e1s, los asistentes tendr\u00e1n la posibilidad de vivir experiencias \u00fanicas dise\u00f1adas para llevar la emoci\u00f3n a otro nivel. Los aficionados podr\u00e1n optar por el acceso a Palco de Honor, que ofrece visibilidad privilegiada, refrigerio y atenci\u00f3n personalizada para disfrutar el encuentro con total comodidad. Asimismo, est\u00e1 disponible la experiencia en Lounge VIP Platea que incluye acceso a zonas de descanso y catering exclusivo para disfrutar la previa y el partido en un entorno preferencial.<\/p>\n<p>La oferta de posibilidades se extiende con opciones como el acceso a una de las cuatro zonas exclusivas en las esquinas de la cancha, brindando un asiento preferencial y una experiencia a ras de juego. Finalmente, los fan\u00e1ticos podr\u00e1n elegir la boleta en tribuna occidental con acceso al Lounge Camerino, permiti\u00e9ndoles presenciar la salida de los equipos a la cancha y vivir el espect\u00e1culo m\u00e1s cerca que nunca de sus protagonistas.<\/p>\n<div class=\"fotografia caja-articulo\" id=\"p260853-m778-5-779\">\n<div class=\"imagen-cuerpo-bk\">\n<figure itemscope=\"\" itemtype=\"https:\/\/schema.org\/ImageObject\" itemprop=\"image\" id=\"m783-782-784\" class=\"foto-galeria-articulo imagen-articulo foto-texto-articulo-galeria\"><img decoding=\"async\" alt=\"Nacional, campe\u00f3n de Copa 2025\" src=\"data:image\/png;base64,iVBORw0KGgoAAAANSUhEUgAAAAEAAAABCAQAAAC1HAwCAAAAC0lEQVR42mP8\/x0AAvsB+DlKarAAAAAASUVORK5CYII=\" style=\" display: inline;\" data-original=\"\/files\/article_content\/uploads\/2025\/12\/17\/6943828461316.jpeg\"\/><meta itemprop=\"width\" content=\"600\"\/><meta itemprop=\"height\" content=\"450\"\/> <meta itemprop=\"url\" content=\"https:\/\/www.futbolred.com\/files\/article_content\/uploads\/2025\/12\/17\/6943828461316.jpeg\"\/><\/figure>\n<\/div>\n<div class=\"figcaption-cuerpo-bk credito-image-bk\"><figcaption class=\"foto-info\">\n<div class=\"titulo-foto-bk\">\n<p id=\"m790-1-791\" class=\"titulo pie-de-foto\">Nacional, campe\u00f3n de Copa 2025<\/p>\n<\/div>\n<p class=\"credito\">\n                            <span class=\"linea pre_credito\">Foto:<\/span><\/p>\n<p>                        <span id=\"m796-2-797\" class=\"autor\">Jaiver Nieto \u00c1lvarez \/ El Tiempo<\/span><\/p>\n<\/figcaption><\/div>\n<\/p><\/div>\n<p>Medell\u00edn se prepara para una jornada que trascender\u00e1 el deporte; ser\u00e1 el tributo de una ciudad apasionada al legado del futbolista m\u00e1s grande de la historia. El Atanasio Girardot no solo ser\u00e1 el escenario de un partido de f\u00fatbol, sino el epicentro de un recuerdo que pasar\u00e1 de generaci\u00f3n en generaci\u00f3n.<\/p>\n<p>El terreno de juego est\u00e1 listo, los protagonistas preparados y la historia espera por los fan\u00e1ticos y apasionados que podr\u00e1n rendirse ante la magia de Lionel Messi en suelo colombiano enfrentando a los talentosos y \u00fanicos jugadores del Rey de Copas, el Atl\u00e9tico Nacional.<\/p>\n<\/div>\n\n","protected":false},"excerpt":{"rendered":"<p>Lo que el mundo del f\u00fatbol esperaba es hoy una realidad confirmada: Lionel Messi pisar\u00e1 el c\u00e9sped del Estadio Atanasio Girardot. El jugador m\u00e1s premiado de todos los tiempos (48 t\u00edtulos) y actual MVP de la MLS, estar\u00e1 en Medell\u00edn para protagonizar el \u00abPartido de la Historia\u00bb el pr\u00f3ximo s\u00e1bado 31 de enero a las &hellip;<\/p>\n","protected":false},"author":1,"featured_media":55623,"comment_status":"open","ping_status":"open","sticky":false,"template":"","format":"standard","meta":{"fifu_image_url":"https:\/\/www.futbolred.com\/files\/og_thumbnail\/uploads\/2025\/02\/27\/67c0bd8c8e9a7.jpeg","fifu_image_alt":"","footnotes":""},"categories":[6],"tags":[],"class_list":["post-55622","post","type-post","status-publish","format-standard","has-post-thumbnail","","category-deportes"],"_links":{"self":[{"href":"https:\/\/noticiasveraces.com\/index.php?rest_route=\/wp\/v2\/posts\/55622","targetHints":{"allow":["GET"]}}],"collection":[{"href":"https:\/\/noticiasveraces.com\/index.php?rest_route=\/wp\/v2\/posts"}],"about":[{"href":"https:\/\/noticiasveraces.com\/index.php?rest_route=\/wp\/v2\/types\/post"}],"author":[{"embeddable":true,"href":"https:\/\/noticiasveraces.com\/index.php?rest_route=\/wp\/v2\/users\/1"}],"replies":[{"embeddable":true,"href":"https:\/\/noticiasveraces.com\/index.php?rest_route=%2Fwp%2Fv2%2Fcomments&post=55622"}],"version-history":[{"count":0,"href":"https:\/\/noticiasveraces.com\/index.php?rest_route=\/wp\/v2\/posts\/55622\/revisions"}],"wp:featuredmedia":[{"embeddable":true,"href":"https:\/\/noticiasveraces.com\/index.php?rest_route=\/wp\/v2\/media\/55623"}],"wp:attachment":[{"href":"https:\/\/noticiasveraces.com\/index.php?rest_route=%2Fwp%2Fv2%2Fmedia&parent=55622"}],"wp:term":[{"taxonomy":"category","embeddable":true,"href":"https:\/\/noticiasveraces.com\/index.php?rest_route=%2Fwp%2Fv2%2Fcategories&post=55622"},{"taxonomy":"post_tag","embeddable":true,"href":"https:\/\/noticiasveraces.com\/index.php?rest_route=%2Fwp%2Fv2%2Ftags&post=55622"}],"curies":[{"name":"wp","href":"https:\/\/api.w.org\/{rel}","templated":true}]}}