{"id":55569,"date":"2026-01-14T14:23:40","date_gmt":"2026-01-14T18:23:40","guid":{"rendered":"https:\/\/noticiasveraces.com\/?p=55569"},"modified":"2026-01-14T14:23:40","modified_gmt":"2026-01-14T18:23:40","slug":"delcy-rodriguez-afirma-que-van-406-liberaciones-de-opositores-pese-a-discrepancia-en-las-cifras-con-ong-locales","status":"publish","type":"post","link":"https:\/\/noticiasveraces.com\/?p=55569","title":{"rendered":"Delcy Rodr\u00edguez afirma que van 406 liberaciones de opositores, pese a discrepancia en las cifras con ONG locales"},"content":{"rendered":"<p> \n<\/p>\n<div style=\"display: none\">\n<div>\n                        <time datetime=\"2026-01-14T18:22:04+00:00\">14\/01\/2026 &#8211; 19:22<\/time><\/p>\n<h2 aria-level=\"3\">Delcy Rodr\u00edguez afirma que van 406 opositores liberados; las ONG discrepan frente a esa cifra<\/h2>\n<p>La \u00abpresidente encargada\u00bb de Venezuela a\u00f1adi\u00f3 que <span style=\"color: rgb(52, 72, 86);\">\u00abse mantiene abierto\u00bb el proceso de excarcelaci\u00f3n de personas consideradas presos pol\u00edticos,casi una semana despu\u00e9s de que su hermano, el presidente del Parlamento, el chavista Jorge Rodr\u00edguez, anunciara la liberaci\u00f3n de un \u00abn\u00famero importante de personas\u00bb. <\/span><\/p>\n<\/p><\/div>\n<p>\n                        <time datetime=\"2026-01-14T18:15:13+00:00\">14\/01\/2026 &#8211; 19:15<\/time><\/p>\n<h2 aria-level=\"3\">La ONG venezolana Foro Penal afirma que hasta el momento fueron liberados 72 presos pol\u00edticos<\/h2>\n<\/p>\n<p>\n                        <time datetime=\"2026-01-14T18:06:19+00:00\">14\/01\/2026 &#8211; 19:06<\/time><\/p>\n<h2 aria-level=\"3\">Sindicato Nacional de Trabajadores de la Prensa de Venezuela confirma la excarcelaci\u00f3n de al menos 16 periodistas<\/h2>\n<\/p>\n<div>\n                        <time datetime=\"2026-01-14T16:36:42+00:00\">14\/01\/2026 &#8211; 17:36<\/time><\/p>\n<h2 aria-level=\"3\">Putin y Lula respaldan la soberan\u00eda de Venezuela, en medio de las acciones de Donald Trump<\/h2>\n<p>El presidente ruso, Vladimir Putin, y su hom\u00f3logo de Brasil, Luiz In\u00e1cio Lula da Silva, conversaron telef\u00f3nicamente este mi\u00e9rcoles 14 de enero sobre la situaci\u00f3n en Venezuela y reafirmaron su apoyo a la soberan\u00eda del pa\u00eds latinoamericano, inform\u00f3 la agencia estatal de noticias rusa RIA.<\/p>\n<p><strong>Ambos l\u00edderes acordaron coordinar esfuerzos para ayudar a reducir las tensiones en Am\u00e9rica Latina a trav\u00e9s de Naciones Unidas y el grupo de pa\u00edses en desarrollo BRICS, <\/strong>seg\u00fan report\u00f3 la agencia.<\/p>\n<\/p><\/div>\n<p>\n                        <time datetime=\"2026-01-14T16:34:31+00:00\">14\/01\/2026 &#8211; 17:34<\/time><\/p>\n<h2 aria-level=\"3\">Los cuerpos de militares cubanos asesinados en el operativo de EE. UU. que captur\u00f3 a Maduro regresan a la isla<\/h2>\n<\/p>\n<div>\n                        <time datetime=\"2026-01-14T16:08:37+00:00\">14\/01\/2026 &#8211; 17:08<\/time><\/p>\n<h2 aria-level=\"3\">Sindicato Nacional de Trabajadores de la Prensa de Venezuela confirma la excarcelaci\u00f3n de un total de 14 periodistas<\/h2>\n<\/p><\/div>\n<div>\n                        <time datetime=\"2026-01-14T15:42:13+00:00\">14\/01\/2026 &#8211; 16:42<\/time><\/p>\n<h2 aria-level=\"3\">Avi\u00f3n utilizado en ataque mar\u00edtimo frente a Venezuela estaba pintado para parecer aeronave civil: AP<\/h2>\n<p>El avi\u00f3n utilizado por el Ej\u00e9rcito estadounidense para atacar un barco acusado de tr\u00e1fico de drogas frente a las costas de Venezuela el pasado oto\u00f1o fue pintado para que pareciera una aeronave civil, una medida que<strong> parece contradecir el manual del Pent\u00e1gono sobre las leyes de la guerra.<\/strong><\/p>\n<p>El avi\u00f3n, parte de una flota secreta estadounidense utilizada en operaciones de vigilancia, tambi\u00e9n transportaba municiones en el fuselaje, en lugar de debajo de la aeronave, lo que <strong>plantea dudas sobre hasta qu\u00e9 punto la operaci\u00f3n se enmascar\u00f3 de manera contraria al protocolo militar.<\/strong><\/p>\n<p>Los detalles de la apariencia del avi\u00f3n, reportados inicialmente el 12 de enero por &#8216;The New York Times&#8217;, fueron confirmados por dos personas familiarizadas con la situaci\u00f3n que hablaron bajo condici\u00f3n de anonimato con la agencia de noticias estadounidense AP.<\/p>\n<p>El secretario de prensa del Pent\u00e1gono, Kingsley Wilson, declar\u00f3 que \u00abel Ej\u00e9rcito estadounidense utiliza una amplia gama de aeronaves est\u00e1ndar y no est\u00e1ndar seg\u00fan los requisitos de la misi\u00f3n\u00bb.<\/p>\n<\/p><\/div>\n<p>\n                        <time datetime=\"2026-01-14T15:38:10+00:00\">14\/01\/2026 &#8211; 16:38<\/time><\/p>\n<h2 aria-level=\"3\">Seccional de Caracas del Colegio de Periodista de Venezuela confirma liberaci\u00f3n del comunicador Carlos Julio Rojas<\/h2>\n<\/p>\n<p>\n                        <time datetime=\"2026-01-14T15:36:27+00:00\">14\/01\/2026 &#8211; 16:36<\/time><\/p>\n<h2 aria-level=\"3\">Sindicato Nacional de Trabajadores de la Prensa de Venezuela confirma la liberaci\u00f3n del periodista Julio Balza<\/h2>\n<\/p>\n<div>\n                        <time datetime=\"2026-01-14T15:35:48+00:00\">14\/01\/2026 &#8211; 16:35<\/time><\/p>\n<h2 aria-level=\"3\">Sindicato Nacional de Trabajadores de la Prensa de Venezuela confirma la liberaci\u00f3n del periodista Roland Carre\u00f1o<\/h2>\n<p>Roland Carre\u00f1o, exdirector de operaciones del partido opositor Voluntad Popular, fue detenido en octubre de 2020, liberado en 2023 y arrestado nuevamente en 2024.<\/p>\n<p>La excarcelaci\u00f3n de personas consideradas presos pol\u00edticos, anunciada por el Gobierno venezolano la semana pasada, avanza lentamente, seg\u00fan grupos de defensa y familiares. Organizaciones de derechos humanos contabilizan cerca de 900 presos pol\u00edticos en el pa\u00eds.<\/p>\n<\/p><\/div>\n<p>\n                        <time datetime=\"2026-01-14T15:23:31+00:00\">14\/01\/2026 &#8211; 16:23<\/time><\/p>\n<h2 aria-level=\"3\">\u00bfQui\u00e9n dice la verdad sobre el n\u00famero de presos liberados en Venezuela? <\/h2>\n<\/p>\n<p>\n                        <time datetime=\"2026-01-14T14:55:10+00:00\">14\/01\/2026 &#8211; 15:55<\/time><\/p>\n<h2 aria-level=\"3\">Sindicato Nacional de Trabajadores de la Prensa de Venezuela confirma la liberaci\u00f3n del periodista Rafael Garc\u00eda <\/h2>\n<\/p>\n<div>\n                        <time datetime=\"2026-01-14T14:44:52+00:00\">14\/01\/2026 &#8211; 15:44<\/time><\/p>\n<h2 aria-level=\"3\">Lideres chavistas anuncian su regreso a X tras su bloqueo en Venezuela despu\u00e9s de las presidenciales de 2025<\/h2>\n<p>\u00abRetomamos contacto por esta v\u00eda. Venezuela sigue de pie, con fortaleza y conciencia hist\u00f3rica\u00bb, se\u00f1al\u00f3 la \u00abpresidenta encargada\u00bb de Venezuela, Delcy Rodr\u00edguez, en un mensaje con el que confirm\u00f3 su retorno a la plataforma.<\/p>\n<p>El mismo anuncio fue hecho por su hermano, el presidente de la Asamblea Nacional, Jorge Rodr\u00edguez.<\/p>\n<p>\u00ab\u00a1Nos volvemos a ver en X! Sigamos por el sendero de la prosperidad, el di\u00e1logo y el respeto. \u00a1Nosotros venceremos!\u00bb, declar\u00f3 en la red social.<\/p>\n<p><span style=\"color: rgb(15, 20, 25);\">\ufeff<\/span><\/p>\n<\/p><\/div>\n<p>\n                        <time datetime=\"2026-01-14T14:30:31+00:00\">14\/01\/2026 &#8211; 15:30<\/time><\/p>\n<h2 aria-level=\"3\">Sindicato Nacional de Trabajadores de la Prensa de Venezuela confirma la liberaci\u00f3n del periodista Victor Ugas<\/h2>\n<\/p>\n<p>\n                        <time datetime=\"2026-01-14T14:29:53+00:00\">14\/01\/2026 &#8211; 15:29<\/time><\/p>\n<h2 aria-level=\"3\">Sindicato Nacional de Trabajadores de la Prensa de Venezuela confirma la liberaci\u00f3n del periodista Ram\u00f3n Centeno<\/h2>\n<\/p>\n<div>\n                        <time datetime=\"2026-01-14T14:20:12+00:00\">14\/01\/2026 &#8211; 15:20<\/time><\/p>\n<h2 aria-level=\"3\">Discrepancia en las cifras de opositores liberados en Venezuela<\/h2>\n<p>El presidente de la Asamblea Nacional de Venezuela\u2013el \u00f3rgano legislativo unicameral del pa\u00eds\u2013<strong>Jorge Rodr\u00edguez, declar\u00f3 el martes que m\u00e1s de 400 personas han sido liberadas de las c\u00e1rceles del pa\u00eds, desde diciembre.<\/strong><\/p>\n<p><strong>Sin embargo, las ONG de derechos humanos se\u00f1alan cifras mucho menores. La organizaci\u00f3n local Foro Penal indic\u00f3 que hasta el momento solo se ha confirmado la liberaci\u00f3n de 56 personas consideradas presos pol\u00edticos, desde que Rodr\u00edguez hizo el anuncio de las excarcelaciones el pasado jueves 8 de enero.<\/strong><\/p>\n<p><strong>Rodr\u00edguez hab\u00eda se\u00f1alado que Caracas liberar\u00eda \u00abun n\u00famero importante de presos\u00bb sin especificar la cifra. Hasta el pasado 5 de enero, 806 \u00abpresos pol\u00edticos\u00bb se encontraban en las c\u00e1rceles del pa\u00eds, seg\u00fan los datos de Foro Penal.<\/strong><\/p>\n<p><strong>El martes 13 de enero, la l\u00edder de la oposici\u00f3n venezolana y ganadora del Premio Nobel de Paz 2025, Mar\u00eda Corina Machado, y Edmundo Gonz\u00e1lez Urrutia, quien, seg\u00fan las actas de votaci\u00f3n divulgadas por los deractores de Caracas, gan\u00f3 las elecciones presidenciales del pasado julio frente a Nicol\u00e1s Maduro, emitieron un comunicado conjunto en el que reprocharon que el actual Gobierno venezolano no ha cumplido lo prometido con respecto a los considerados presos pol\u00edticos.<\/strong><\/p>\n<p><span style=\"color: rgb(15, 20, 25);\">\u201cA cinco d\u00edas del anuncio de liberaci\u00f3n masiva, nada permite afirmar que esa medida se est\u00e9 llevando a cabo como se dijo\u00bb, declararon en el comunicado.<\/span><\/p>\n<\/p><\/div>\n<div>\n                        <time datetime=\"2026-01-14T13:57:35+00:00\">14\/01\/2026 &#8211; 14:57<\/time><\/p>\n<h2 aria-level=\"3\">EE. UU. afirma que liberaci\u00f3n de estadounidenses detenidos en Venezuela es \u00abun paso importante en la direcci\u00f3n correcta\u00bb<\/h2>\n<p>La liberaci\u00f3n de estadounidenses detenidos en Venezuela fue recibida como un \u00abpaso importante en la direcci\u00f3n correcta\u00bb, declar\u00f3 el martes un portavoz del Departamento de Estado de EE. UU.<\/p>\n<p>\u00abCelebramos la liberaci\u00f3n de los estadounidenses detenidos en Venezuela\u00bb, declar\u00f3 el portavoz. \u00abEste es un paso importante en la direcci\u00f3n correcta por parte de las autoridades interinas\u00bb.<\/p>\n<\/p><\/div>\n<div>\n                        <time datetime=\"2026-01-14T13:49:35+00:00\">14\/01\/2026 &#8211; 14:49<\/time><\/p>\n<h2 aria-level=\"3\">\u00bfQu\u00e9 posibilidades de aplicaci\u00f3n tiene la resoluci\u00f3n para limitar poderes de guerra a Trump?<\/h2>\n<p>La legislaci\u00f3n, incluso si es aprobada por el Senado, pr\u00e1cticamente no tiene posibilidades de convertirse en ley, ya que eventualmente necesitar\u00eda la firma del propio presidente.<\/p>\n<p>Sin embargo, representa tanto una prueba de la lealtad del Partido Republicano al mandatario como un indicador de cu\u00e1nta libertad est\u00e1 dispuesta a conceder el Senado, controlado por los republicanos, a Trump para utilizar las Fuerzas Armadas en el extranjero.<\/p>\n<p>Mucho de lo que pueda lograr el Congreso para frenar estas u otras acciones de Trump depender\u00e1 de las elecciones de medio t\u00e9rmino, el 3 de noviembre de este a\u00f1o, cuando estar\u00e1 en juego la renovaci\u00f3n de la composici\u00f3n de las dos c\u00e1maras. Por ahora, el mandatario cuenta con gran ventaja para aplicar sus medidas ante la mayor\u00eda en el Senado y la C\u00e1mara de Representantes, as\u00ed como con mayor\u00eda de jueces de tendencia conservadora en la Corte Suprema, varios nombrados por Trump en su anterior gobierno.<\/p>\n<p><img decoding=\"async\" src=\"https:\/\/arena-cdn-g.eu.getarena.im\/site-media\/661e9848fa496b0a97abf80008e158f9e47569bbb16ae5308ee79383.jpg\"\/><\/p>\n<p>Archivo: el presidente de Estados Unidos, Donald Trump, habla en el Detroit Economic Club en Detroit, Michigan, EE. UU., el 13 de enero de 2026. Reuters\/Evelyn Hockstein.<\/p>\n<\/p><\/div>\n<div>\n                        <time datetime=\"2026-01-14T13:46:29+00:00\">14\/01\/2026 &#8211; 14:46<\/time><\/p>\n<h2 aria-level=\"3\">Trump presiona a los republicanos detractores de cara a la votaci\u00f3n sobre poderes de guerra<\/h2>\n<p>Los republicanos del Senado enfrentan una intensa presi\u00f3n del presidente Donald Trump para que rechacen la resoluci\u00f3n sobre los poderes de guerra, cuya votaci\u00f3n en la C\u00e1mara Alta est\u00e1 programada para este mi\u00e9rcoles 14 de enero, la cual busca limitar la capacidad del presidente para llevar a cabo nuevas acciones militares contra Venezuela.<\/p>\n<p>Cinco senadores republicanos se unieron a los dem\u00f3cratas para impulsar la resoluci\u00f3n la semana pasada, pero Trump ha criticado duramente a los detractores de su partido mientras intenta impedir la aprobaci\u00f3n del proyecto de ley. Los dem\u00f3cratas est\u00e1n forzando la votaci\u00f3n despu\u00e9s de que tropas estadounidenses capturaran al l\u00edder venezolano Nicol\u00e1s Maduro en una redada nocturna sorpresiva el pasado 3 de enero.<\/p>\n<p>\u201cAqu\u00ed tenemos uno de los ataques m\u00e1s exitosos de la historia y ellos encuentran la manera de oponerse. Es asombroso. Y es una pena\u201d, afirm\u00f3 Trump en un discurso en Michigan el martes 13 de enero, en la v\u00edspera de la votaci\u00f3n. Tambi\u00e9n insult\u00f3 a varios de los republicanos que impulsaron la legislaci\u00f3n, <strong>calificando al senador Rand Paul de Kentucky de \u201cun completo perdedor\u201d y a las senadoras Lisa Murkowski de Alaska y Susan Collins de Maine de \u201cdesastres\u201d.<\/strong><\/p>\n<p>Los \u00faltimos comentarios de Trump se produjeron tras llamadas telef\u00f3nicas previas con los senadores, que estos describieron como escuetas.<strong> La furia dirigida por el presidente subray\u00f3 c\u00f3mo la votaci\u00f3n sobre los poderes de guerra ha adquirido una nueva relevancia pol\u00edtica a medida que Trump ampl\u00eda sus ambiciones en pol\u00edtica exterior en el hemisferio occidental.<\/strong><\/p>\n<\/p><\/div>\n<div>\n                        <time datetime=\"2026-01-14T13:41:22+00:00\">14\/01\/2026 &#8211; 14:41<\/time><\/p>\n<h2 aria-level=\"3\">Senado de EE. UU. vota este mi\u00e9rcoles resoluci\u00f3n para limitar poderes de guerra a Trump en Venezuela<\/h2>\n<p>Los legisladores de la C\u00e1mara Alta someten a votaci\u00f3n una resoluci\u00f3n que prohibir\u00eda al presidente Donald Trump emprender nuevas acciones militares contra Venezuela sin la autorizaci\u00f3n del Congreso, una inusual reprimenda al l\u00edder republicano.<\/p>\n<p>La votaci\u00f3n de este 14 de enero llega luego de que el pasado jueves 8 de enero fuera aprobada una medida de procedimiento para avanzar en esa medida que busca frenar los poderes de guerra de Trump, en la que cinco republicanos se sumaron a todo el bloque de dem\u00f3cratas que votaron a favor de la medida.<\/p>\n<p><img decoding=\"async\" src=\"https:\/\/arena-cdn-g.eu.getarena.im\/site-media\/661e9848fa496b0a97abf800c0d0424944f9224d12ed1a1628fbb63d.jpg\"\/><\/p>\n<p>Archivo: un miembro del personal se sienta en las escaleras cerca del Capitolio de EE. UU., Washington, D. C., EE. UU., 30 de septiembre de 2025. EFE\/Will Oliver.<\/p>\n<\/p><\/div>\n<\/p><\/div>\n\n","protected":false},"excerpt":{"rendered":"<p>14\/01\/2026 &#8211; 19:22 Delcy Rodr\u00edguez afirma que van 406 opositores liberados; las ONG discrepan frente a esa cifra La \u00abpresidente encargada\u00bb de Venezuela a\u00f1adi\u00f3 que \u00abse mantiene abierto\u00bb el proceso de excarcelaci\u00f3n de personas consideradas presos pol\u00edticos,casi una semana despu\u00e9s de que su hermano, el presidente del Parlamento, el chavista Jorge Rodr\u00edguez, anunciara la liberaci\u00f3n &hellip;<\/p>\n","protected":false},"author":1,"featured_media":55571,"comment_status":"open","ping_status":"open","sticky":false,"template":"","format":"standard","meta":{"fifu_image_url":"https:\/\/s.france24.com\/media\/display\/6deaadd2-f175-11f0-8834-005056a90284\/w:1280\/p:16x9\/2026-01-14T180613Z-2042008953-RC261JALUC9L-RTRMADP-3-USA-VENEZUELA-RODRIGUEZ.jpg","fifu_image_alt":"","footnotes":""},"categories":[13],"tags":[],"class_list":["post-55569","post","type-post","status-publish","format-standard","has-post-thumbnail","","category-mundo"],"_links":{"self":[{"href":"https:\/\/noticiasveraces.com\/index.php?rest_route=\/wp\/v2\/posts\/55569","targetHints":{"allow":["GET"]}}],"collection":[{"href":"https:\/\/noticiasveraces.com\/index.php?rest_route=\/wp\/v2\/posts"}],"about":[{"href":"https:\/\/noticiasveraces.com\/index.php?rest_route=\/wp\/v2\/types\/post"}],"author":[{"embeddable":true,"href":"https:\/\/noticiasveraces.com\/index.php?rest_route=\/wp\/v2\/users\/1"}],"replies":[{"embeddable":true,"href":"https:\/\/noticiasveraces.com\/index.php?rest_route=%2Fwp%2Fv2%2Fcomments&post=55569"}],"version-history":[{"count":0,"href":"https:\/\/noticiasveraces.com\/index.php?rest_route=\/wp\/v2\/posts\/55569\/revisions"}],"wp:featuredmedia":[{"embeddable":true,"href":"https:\/\/noticiasveraces.com\/index.php?rest_route=\/wp\/v2\/media\/55571"}],"wp:attachment":[{"href":"https:\/\/noticiasveraces.com\/index.php?rest_route=%2Fwp%2Fv2%2Fmedia&parent=55569"}],"wp:term":[{"taxonomy":"category","embeddable":true,"href":"https:\/\/noticiasveraces.com\/index.php?rest_route=%2Fwp%2Fv2%2Fcategories&post=55569"},{"taxonomy":"post_tag","embeddable":true,"href":"https:\/\/noticiasveraces.com\/index.php?rest_route=%2Fwp%2Fv2%2Ftags&post=55569"}],"curies":[{"name":"wp","href":"https:\/\/api.w.org\/{rel}","templated":true}]}}