{"id":55567,"date":"2026-01-14T13:21:06","date_gmt":"2026-01-14T17:21:06","guid":{"rendered":"https:\/\/noticiasveraces.com\/?p=55567"},"modified":"2026-01-14T13:21:06","modified_gmt":"2026-01-14T17:21:06","slug":"la-ue-y-sus-opciones-de-presion-a-iran-con-nuevas-sanciones","status":"publish","type":"post","link":"https:\/\/noticiasveraces.com\/?p=55567","title":{"rendered":"La UE y sus opciones de presi\u00f3n a Ir\u00e1n con nuevas sanciones"},"content":{"rendered":"<p> \n<\/p>\n<div data-tracking-name=\"rich-text\" data-tracking-skip=\"true\">\n<p>Varias informaciones apuntan a que\u00a0la Uni\u00f3n Europea \u00a0est\u00e1 contemplando la posibilidad de imponer m\u00e1s sanciones a Ir\u00e1n por la represi\u00f3n de las protestas\u00a0, que ha causado\u00a0miles de muertos. Adem\u00e1s, el r\u00e9gimen ha impuesto el bloqueo de las comunicaciones.<\/p>\n<p>En una publicaci\u00f3n en X, la presidenta de la Comisi\u00f3n Europea, Ursula von der Leyen, conden\u00f3 la \u00abviolenta represi\u00f3n\u00bb\u00a0de las protestas y pidi\u00f3 la \u00abliberaci\u00f3n inmediata de todos los manifestantes encarcelados\u00bb. Despu\u00e9s\u00a0afirm\u00f3 que la UE propondr\u00eda r\u00e1pidamente sanciones \u00aba los responsables\u00bb\u00a0de la actual\u00a0represi\u00f3n.<\/p>\n<p>Por su parte, el presidente de Estados Unidos, Donald Trump, ya ha anunciado\u00a0un arancel del 25 por ciento a los productos procedentes de pa\u00edses\u00a0que mantienen relaciones comerciales con Ir\u00e1n, adem\u00e1s de\u00a0estudiar\u00a0opciones militares.<\/p>\n<p>Cornelius Adebahr, miembro asociado del Consejo Alem\u00e1n de Relaciones Exteriores, comenta sobre el tema a DW:\u00a0\u00ab\u00bfQu\u00e9 puede hacer la UE si el r\u00e9gimen est\u00e1 dispuesto a utilizar la violencia a gran escala para su propia supervivencia?\u00bb.\u00a0 Sobre Estados Unidos,\u00a0Adebahr a\u00f1ade\u00a0que el pa\u00eds ha amenazado\u00a0con una acci\u00f3n militar sin comprender plenamente su impacto.<\/p>\n<p><span data-slot-id=\"Article_InContent-1\" class=\"rich-text-ad\"\/><\/p>\n<h2>Mayor acceso a Internet <\/h2>\n<p>Ellie Geranmayeh, del Programa de Oriente Medio y Norte de \u00c1frica del Consejo Europeo de Relaciones Exteriores (ECFR), subraya\u00a0que los Gobiernos europeos deber\u00edan \u00abcolaborar con los Gobiernos occidentales pertinentes, las oeneg\u00e9s\u00a0y los actores del sector privado para facilitar\u00a0el acceso a Internet, urgentemente necesario en Ir\u00e1n, incluyendo la mejora de la conectividad en futuros cortes de Internet\u00bb.<\/p>\n<p>Trump ya ha dicho\u00a0que pedir\u00e1\u00a0a Elon Musk poner en pleno funcionamiento su servicio de Internet por sat\u00e9lite Starlink en Ir\u00e1n para eludir el actual bloqueo, en vigor desde el 8 de enero.<\/p>\n<p>Geranmayeh tambi\u00e9n requiere\u00a0a los Gobiernos europeos que aumenten\u00a0la financiaci\u00f3n de oeneg\u00e9s occidentales\u00a0que han documentado\u00a0con credibilidad las violaciones de\u00a0derechos humanos en Ir\u00e1n, as\u00ed como que\u00a0apoyen\u00a0a actores pac\u00edficos de la sociedad civil dentro del pa\u00eds.<\/p>\n<p>Adem\u00e1s, sugiere\u00a0que la UE \u00abponga\u00a0en marcha activamente y, en caso de conflicto militar, planes de contingencia para apoyar la salida segura de Ir\u00e1n de ciudadanos europeos\u00bb.<\/p>\n<figure class=\"placeholder-image master_landscape big\"><img data-format=\"MASTER_LANDSCAPE\" data-id=\"75482639\" data-url=\"https:\/\/static.dw.com\/image\/75482639_${formatId}.jpg\" data-aspect-ratio=\"16\/9\" alt=\"Una mujer quemando una foto de Jamenei y un hombre portando una foto de Reza Pahlavi.\" style=\"padding-bottom: 56.25%; height: 0; max-height: 0;\"\/><figcaption class=\"img-caption\">Londres, 12 de enero de 2026: en los \u00faltimos d\u00edas, han estallado protestas contra el Gobierno iran\u00ed en muchas capitales europeas, como esta ante la embajada de Ir\u00e1n en Londres.<small class=\"copyright\">Imagen: Amanda Rose\/Avalon\/Photoshot\/Picture Alliance<\/small><\/figcaption><\/figure>\n<h2>\u00bfC\u00f3mo afectar\u00edan nuevas sanciones al Gobierno iran\u00ed?<\/h2>\n<p>Seg\u00fan Adebahr, las opciones de la UE son limitadas. Si las sanciones anteriores no lograron provocar el cambio deseado en el comportamiento del r\u00e9gimen, \u00bfpor qu\u00e9 habr\u00edan de\u00a0hacerlo en el futuro?<\/p>\n<p>Actualmente, hay sanciones contra 230 personas y 40 entidades, incluida la infame \u00abpolic\u00eda de la moral\u00bb\u00a0de Ir\u00e1n, lo que no ha impedido que el r\u00e9gimen recurra a la violencia.<\/p>\n<p>Las sanciones europeas contra Ir\u00e1n ya han\u00a0fracasado\u00a0anteriormente. En 2015, la UE, Francia, Alemania y el Reino Unido fueron cofirmantes del acuerdo nuclear con Ir\u00e1n, que permit\u00eda al pa\u00eds\u00a0desarrollar un programa nuclear civil si aceptaba enriquecer uranio a un grado mucho menor que el necesario para fabricar un arma nuclear. Entonces se levantaron diversas sanciones de la ONU.<\/p>\n<p>En 2018, Trump se retir\u00f3 unilateralmente del acuerdo e Ir\u00e1n comenz\u00f3 a enriquecer uranio al 60 por ciento. En septiembre de 2025, la UE anunci\u00f3\u00a0el restablecimiento de las sanciones previamente levantadas, con la\u00a0esperanza de\u00a0llevar a Ir\u00e1n a la mesa de negociaciones, algo que no logr\u00f3. <\/p>\n<p>Adebhar explica a DW que\u00a0los Gobiernos europeos perdieron su credibilidad ante los ojos del r\u00e9gimen, que considera\u00a0que siguen\u00a0el ejemplo de Estados Unidos.<\/p>\n<p>Si bien las sanciones han tenido\u00a0poco impacto, los Estados miembros de la UE han conservado\u00a0la opci\u00f3n de retirar a sus enviados de\u00a0Ir\u00e1n y as\u00ed ejercer presi\u00f3n diplom\u00e1tica sobre el pa\u00eds.<\/p>\n<p>El bloque europeo prohibi\u00f3 a cualquier funcionario o diplom\u00e1tico iran\u00ed el acceso a las instalaciones del Parlamento Europeo, despu\u00e9s de que la Misi\u00f3n de Ir\u00e1n\u00a0ante la UE, calificara de \u00abintervencionistas\u00bb\u00a0los llamamientos de la presidenta de la Euroc\u00e1mara, Roberta Metsola, a apoyar a los manifestantes.<\/p>\n<p>(rmr\/ms)<\/p>\n<\/p>\n<\/div>\n\n","protected":false},"excerpt":{"rendered":"<p>Varias informaciones apuntan a que\u00a0la Uni\u00f3n Europea \u00a0est\u00e1 contemplando la posibilidad de imponer m\u00e1s sanciones a Ir\u00e1n por la represi\u00f3n de las protestas\u00a0, que ha causado\u00a0miles de muertos. Adem\u00e1s, el r\u00e9gimen ha impuesto el bloqueo de las comunicaciones. En una publicaci\u00f3n en X, la presidenta de la Comisi\u00f3n Europea, Ursula von der Leyen, conden\u00f3 la &hellip;<\/p>\n","protected":false},"author":1,"featured_media":55568,"comment_status":"open","ping_status":"open","sticky":false,"template":"","format":"standard","meta":{"fifu_image_url":"https:\/\/static.dw.com\/image\/75482838_6.jpg","fifu_image_alt":"","footnotes":""},"categories":[13],"tags":[],"class_list":["post-55567","post","type-post","status-publish","format-standard","has-post-thumbnail","","category-mundo"],"_links":{"self":[{"href":"https:\/\/noticiasveraces.com\/index.php?rest_route=\/wp\/v2\/posts\/55567","targetHints":{"allow":["GET"]}}],"collection":[{"href":"https:\/\/noticiasveraces.com\/index.php?rest_route=\/wp\/v2\/posts"}],"about":[{"href":"https:\/\/noticiasveraces.com\/index.php?rest_route=\/wp\/v2\/types\/post"}],"author":[{"embeddable":true,"href":"https:\/\/noticiasveraces.com\/index.php?rest_route=\/wp\/v2\/users\/1"}],"replies":[{"embeddable":true,"href":"https:\/\/noticiasveraces.com\/index.php?rest_route=%2Fwp%2Fv2%2Fcomments&post=55567"}],"version-history":[{"count":0,"href":"https:\/\/noticiasveraces.com\/index.php?rest_route=\/wp\/v2\/posts\/55567\/revisions"}],"wp:featuredmedia":[{"embeddable":true,"href":"https:\/\/noticiasveraces.com\/index.php?rest_route=\/wp\/v2\/media\/55568"}],"wp:attachment":[{"href":"https:\/\/noticiasveraces.com\/index.php?rest_route=%2Fwp%2Fv2%2Fmedia&parent=55567"}],"wp:term":[{"taxonomy":"category","embeddable":true,"href":"https:\/\/noticiasveraces.com\/index.php?rest_route=%2Fwp%2Fv2%2Fcategories&post=55567"},{"taxonomy":"post_tag","embeddable":true,"href":"https:\/\/noticiasveraces.com\/index.php?rest_route=%2Fwp%2Fv2%2Ftags&post=55567"}],"curies":[{"name":"wp","href":"https:\/\/api.w.org\/{rel}","templated":true}]}}