{"id":55538,"date":"2026-01-14T10:09:49","date_gmt":"2026-01-14T14:09:49","guid":{"rendered":"https:\/\/noticiasveraces.com\/?p=55538"},"modified":"2026-01-14T10:09:49","modified_gmt":"2026-01-14T14:09:49","slug":"excarcelaron-a-15-adolescentes-detenidos-en-anzoategui-por-celebrar-la-captura-maduro","status":"publish","type":"post","link":"https:\/\/noticiasveraces.com\/?p=55538","title":{"rendered":"Excarcelaron a 15 adolescentes detenidos en Anzo\u00e1tegui por \u201ccelebrar\u201d la captura Maduro"},"content":{"rendered":"<p> \n<\/p>\n<div>\n<p>Medios locales reportaron el 14 de enero que <strong>15 adolescentes y 8 adultos en el estado Anzo\u00e1tegui fueron excarcelados<\/strong> luego de que funcionarios de la Polic\u00eda Nacional Bolivariana (PNB) los detuvieran por <strong>presuntamente \u201ccelebrar\u201d la captura de Nicol\u00e1s Maduro<\/strong>.<\/p>\n<div class=\"ruby-table-contents rbtoc table-fw\">\n<ul class=\"toc-content h5\">\n<li>No es el primer caso de adolescentes imputados por terrorismo en Venezuela<\/li>\n<li>Reportaron m\u00e1s de 400 excarcelaciones mientras que ONG denunciaron retrasos en el proceso<\/li>\n<\/ul>\n<\/div>\n<p>El hecho ocurri\u00f3 en el sector La Aduana, en Barcelona, donde los adolescentes se encontraban \u201cjugando carnaval\u201d. <\/p>\n<p><strong>El arresto se produjo tras una llamada an\u00f3nima que denunciaba supuestos \u201cactos terroristas en la zona\u201d<\/strong>.<\/p>\n<p>Los detenidos fueron imputados por los <strong>delitos de incitaci\u00f3n al odio<\/strong>, <strong>traici\u00f3n a la patria <\/strong>y <strong>asociaci\u00f3n para delinquir<\/strong>.<\/p>\n<p><strong>Organizaciones humanitarias rechazaron este hecho<\/strong> y alertaron irregularidades en el proceso y la desproporcionalidad de la pena, considerando que se trata de menores de edad.<\/p>\n<p>La noticia se conoci\u00f3 en un contexto de Estado de Conmoci\u00f3n Exterior, decretado por el gobierno venezolano tras <strong>la extracci\u00f3n de Nicol\u00e1s Maduro y su esposa, Cilia Flores, para enfrentar un procedimiento federal en Estados Unidos<\/strong>. Al respecto, la CIDH expres\u00f3 su preocupaci\u00f3n por el riesgo de que, bajo este decreto, se produzcan nuevas <strong>violaciones de derechos humanos<\/strong> debido a la ampliaci\u00f3n de facultades extraordinarias del Ejecutivo.<\/p>\n<h2 id=\"no-es-el-primer-caso-de-adolescentes-imputados-por-terrorismo-en-venezuela\" class=\"rb-heading-index-0-838411 wp-block-heading\"><strong>No es el primer caso de adolescentes imputados por terrorismo en Venezuela<\/strong><\/h2>\n<figure class=\"wp-block-image size-large\"><picture fetchpriority=\"high\" decoding=\"async\" class=\"wp-image-818226\"><source type=\"image\/webp\" srcset=\"https:\/\/eldiario.com\/wp-content\/uploads\/2025\/09\/Adolescentes-presos-politicos-clippve-1-1200x800.jpg.webp 1200w, https:\/\/eldiario.com\/wp-content\/uploads\/2025\/09\/Adolescentes-presos-politicos-clippve-1-300x200.jpg.webp 300w, https:\/\/eldiario.com\/wp-content\/uploads\/2025\/09\/Adolescentes-presos-politicos-clippve-1-768x512.jpg.webp 768w, https:\/\/eldiario.com\/wp-content\/uploads\/2025\/09\/Adolescentes-presos-politicos-clippve-1-1536x1024.jpg.webp 1536w, https:\/\/eldiario.com\/wp-content\/uploads\/2025\/09\/Adolescentes-presos-politicos-clippve-1-330x220.jpg.webp 330w, https:\/\/eldiario.com\/wp-content\/uploads\/2025\/09\/Adolescentes-presos-politicos-clippve-1-420x280.jpg.webp 420w, https:\/\/eldiario.com\/wp-content\/uploads\/2025\/09\/Adolescentes-presos-politicos-clippve-1-615x410.jpg.webp 615w, https:\/\/eldiario.com\/wp-content\/uploads\/2025\/09\/Adolescentes-presos-politicos-clippve-1-860x574.jpg.webp 860w, https:\/\/eldiario.com\/wp-content\/uploads\/2025\/09\/Adolescentes-presos-politicos-clippve-1-150x100.jpg.webp 150w, https:\/\/eldiario.com\/wp-content\/uploads\/2025\/09\/Adolescentes-presos-politicos-clippve-1.jpg.webp 1600w\" sizes=\"(max-width: 1200px) 100vw, 1200px\"\/><img fetchpriority=\"high\" decoding=\"async\" width=\"1200\" height=\"800\" src=\"https:\/\/eldiario.com\/wp-content\/uploads\/2025\/09\/Adolescentes-presos-politicos-clippve-1-1200x800.jpg\" alt=\"Ignorados por la justicia: cuatro adolescentes permanecen detenidos por razones pol\u00edticas en Venezuela\" srcset=\"https:\/\/eldiario.com\/wp-content\/uploads\/2025\/09\/Adolescentes-presos-politicos-clippve-1-1200x800.jpg 1200w, https:\/\/eldiario.com\/wp-content\/uploads\/2025\/09\/Adolescentes-presos-politicos-clippve-1-300x200.jpg 300w, https:\/\/eldiario.com\/wp-content\/uploads\/2025\/09\/Adolescentes-presos-politicos-clippve-1-768x512.jpg 768w, https:\/\/eldiario.com\/wp-content\/uploads\/2025\/09\/Adolescentes-presos-politicos-clippve-1-1536x1024.jpg 1536w, https:\/\/eldiario.com\/wp-content\/uploads\/2025\/09\/Adolescentes-presos-politicos-clippve-1-330x220.jpg 330w, https:\/\/eldiario.com\/wp-content\/uploads\/2025\/09\/Adolescentes-presos-politicos-clippve-1-420x280.jpg 420w, https:\/\/eldiario.com\/wp-content\/uploads\/2025\/09\/Adolescentes-presos-politicos-clippve-1-615x410.jpg 615w, https:\/\/eldiario.com\/wp-content\/uploads\/2025\/09\/Adolescentes-presos-politicos-clippve-1-860x574.jpg 860w, https:\/\/eldiario.com\/wp-content\/uploads\/2025\/09\/Adolescentes-presos-politicos-clippve-1-150x100.jpg 150w, https:\/\/eldiario.com\/wp-content\/uploads\/2025\/09\/Adolescentes-presos-politicos-clippve-1.jpg 1600w\" sizes=\"(max-width: 1200px) 100vw, 1200px\"\/>\n<\/picture><figcaption class=\"wp-element-caption\">Foto:<\/figcaption><\/figure>\n<p>La organizaci\u00f3n no gubernamental (ONG) <strong>Justicia, Encuentro y Perd\u00f3n (JEP) <\/strong>denunci\u00f3 en diciembre de 2025 el caso de<strong> Gabriel Rodr\u00edguez<\/strong>un adolescente de 17 a\u00f1os de edad quien fue <strong>condenado a 10 a\u00f1os de prisi\u00f3n<\/strong> por el gobierno de Nicol\u00e1s Maduro bajo cargos de terrorismo. <\/p>\n<p>La ONG calific\u00f3 la sentencia como <strong>una muestra de \u201ccrueldad particular sobre los m\u00e1s vulnerables\u201d<\/strong>.<\/p>\n<p>Rodr\u00edguez fue detenido el 9 de enero de 2025 en Cabudare, estado Lara, por efectivos de la Guardia Nacional Bolivariana (GNB), cuando se dirig\u00eda a un ambulatorio local debido a que presentaba fiebre alta. <\/p>\n<p>Organizaciones de derechos humanos denuncian que, de acuerdo con las versiones de los familiares, <strong>el joven fue detenido arbitrariamente<\/strong> por \u201ctener pinta de guarimbero\u201d. <\/p>\n<p>La informaci\u00f3n fue proporcionada a JEP por la madre del joven, quien expres\u00f3 su preocupaci\u00f3n ante la severidad de la condena. En un comunicado, la ONG se\u00f1al\u00f3 que<strong> la decisi\u00f3n \u201cmarca de manera indeleble la vida de un adolescente\u201d <\/strong>y \u201camenaza con destruir su potencialidad y su futuro como ciudadano de bien\u201d.<\/p>\n<p>La instituci\u00f3n agreg\u00f3 que el caso de Rodr\u00edguez forma parte de un <strong>\u201cpatr\u00f3n de persecuci\u00f3n y represi\u00f3n contra la poblaci\u00f3n civil\u201d<\/strong>.<\/p>\n<figure class=\"wp-block-image size-large\"><img loading=\"lazy\" decoding=\"async\" width=\"1200\" height=\"800\" src=\"https:\/\/eldiario.com\/wp-content\/uploads\/2026\/01\/e40d8fce12c65aaa0f5aff401d8237d83e0065bd-1200x800.jpg\" alt=\"Familiares de presos pol\u00edticos\" class=\"wp-image-837424\" srcset=\"https:\/\/eldiario.com\/wp-content\/uploads\/2026\/01\/e40d8fce12c65aaa0f5aff401d8237d83e0065bd-1200x800.jpg 1200w, https:\/\/eldiario.com\/wp-content\/uploads\/2026\/01\/e40d8fce12c65aaa0f5aff401d8237d83e0065bd-300x200.jpg 300w, https:\/\/eldiario.com\/wp-content\/uploads\/2026\/01\/e40d8fce12c65aaa0f5aff401d8237d83e0065bd-768x512.jpg 768w, https:\/\/eldiario.com\/wp-content\/uploads\/2026\/01\/e40d8fce12c65aaa0f5aff401d8237d83e0065bd-1536x1024.jpg 1536w, https:\/\/eldiario.com\/wp-content\/uploads\/2026\/01\/e40d8fce12c65aaa0f5aff401d8237d83e0065bd-330x220.jpg 330w, https:\/\/eldiario.com\/wp-content\/uploads\/2026\/01\/e40d8fce12c65aaa0f5aff401d8237d83e0065bd-420x280.jpg 420w, https:\/\/eldiario.com\/wp-content\/uploads\/2026\/01\/e40d8fce12c65aaa0f5aff401d8237d83e0065bd-615x410.jpg 615w, https:\/\/eldiario.com\/wp-content\/uploads\/2026\/01\/e40d8fce12c65aaa0f5aff401d8237d83e0065bd-860x574.jpg 860w, https:\/\/eldiario.com\/wp-content\/uploads\/2026\/01\/e40d8fce12c65aaa0f5aff401d8237d83e0065bd-150x100.jpg 150w, https:\/\/eldiario.com\/wp-content\/uploads\/2026\/01\/e40d8fce12c65aaa0f5aff401d8237d83e0065bd.jpg 1600w\" sizes=\"auto, (max-width: 1200px) 100vw, 1200px\"\/><figcaption class=\"wp-element-caption\">Foto: EFE<\/figcaption><\/figure>\n<p>El presidente de la Asamblea Nacional (AN), <strong>Jorge Rodr\u00edguez<\/strong>asegur\u00f3 que van m\u00e1s de 400 excarcelaciones de presos pol\u00edticos, sin embargo, <strong>varias ONG negaron que se est\u00e9 produciendo un n\u00famero importante de liberaciones<\/strong>al se\u00f1alar que el proceso est\u00e1 marcado por dilaciones.<\/p>\n<p>La declaraci\u00f3n de Rodr\u00edguez, durante una sesi\u00f3n de la AN el 13 de enero, especific\u00f3 que las primeras 160 liberaciones ocurrieron el 23 de diciembre del 2024, 99 en Navidad de 2025; 88 en A\u00f1o Nuevo tambi\u00e9n de 2025 y 116 anunciadas en lo que va de 2026.<\/p>\n<p>La organizaci\u00f3n Foro Penal dice que ha verificado 56 excarcelaciones, mientras que la coalici\u00f3n opositora Plataforma Unitaria Democr\u00e1tica report\u00f3 76 liberaciones este a\u00f1o.<\/p>\n<p>Por su parte, <strong>Provea denunci\u00f3 que contin\u00faan las \u201cdilaciones indebidas y los abusos autoritarios\u201d<\/strong>lo que impide la concreci\u00f3n de las liberaciones que han sido anunciadas por Rodr\u00edguez.<\/p>\n<p>Mientras que el Comit\u00e9 de Derechos Humanos del partido Vente Venezuela (VV) exigi\u00f3 una<strong> lista p\u00fablica de excarcelados<\/strong>.<\/p>\n<p>Familiares de los presos pol\u00edticos cumplieron el 13 de enero seis d\u00edas concentr\u00e1ndose en las afueras de varios centros de detenci\u00f3n en Venezuela para pernoctar y esperar las excarcelaciones anunciadas.<\/p>\n<p><!-- CONTENT END 1 -->\n<\/div>\n\n","protected":false},"excerpt":{"rendered":"<p>Medios locales reportaron el 14 de enero que 15 adolescentes y 8 adultos en el estado Anzo\u00e1tegui fueron excarcelados luego de que funcionarios de la Polic\u00eda Nacional Bolivariana (PNB) los detuvieran por presuntamente \u201ccelebrar\u201d la captura de Nicol\u00e1s Maduro. No es el primer caso de adolescentes imputados por terrorismo en Venezuela Reportaron m\u00e1s de 400 &hellip;<\/p>\n","protected":false},"author":1,"featured_media":55540,"comment_status":"open","ping_status":"open","sticky":false,"template":"","format":"standard","meta":{"fifu_image_url":"https:\/\/eldiario.com\/wp-content\/uploads\/2026\/01\/4b7f1c998c6426dfbb66c26f279360490113f0d5.jpg","fifu_image_alt":"","footnotes":""},"categories":[13],"tags":[],"class_list":["post-55538","post","type-post","status-publish","format-standard","has-post-thumbnail","","category-mundo"],"_links":{"self":[{"href":"https:\/\/noticiasveraces.com\/index.php?rest_route=\/wp\/v2\/posts\/55538","targetHints":{"allow":["GET"]}}],"collection":[{"href":"https:\/\/noticiasveraces.com\/index.php?rest_route=\/wp\/v2\/posts"}],"about":[{"href":"https:\/\/noticiasveraces.com\/index.php?rest_route=\/wp\/v2\/types\/post"}],"author":[{"embeddable":true,"href":"https:\/\/noticiasveraces.com\/index.php?rest_route=\/wp\/v2\/users\/1"}],"replies":[{"embeddable":true,"href":"https:\/\/noticiasveraces.com\/index.php?rest_route=%2Fwp%2Fv2%2Fcomments&post=55538"}],"version-history":[{"count":0,"href":"https:\/\/noticiasveraces.com\/index.php?rest_route=\/wp\/v2\/posts\/55538\/revisions"}],"wp:featuredmedia":[{"embeddable":true,"href":"https:\/\/noticiasveraces.com\/index.php?rest_route=\/wp\/v2\/media\/55540"}],"wp:attachment":[{"href":"https:\/\/noticiasveraces.com\/index.php?rest_route=%2Fwp%2Fv2%2Fmedia&parent=55538"}],"wp:term":[{"taxonomy":"category","embeddable":true,"href":"https:\/\/noticiasveraces.com\/index.php?rest_route=%2Fwp%2Fv2%2Fcategories&post=55538"},{"taxonomy":"post_tag","embeddable":true,"href":"https:\/\/noticiasveraces.com\/index.php?rest_route=%2Fwp%2Fv2%2Ftags&post=55538"}],"curies":[{"name":"wp","href":"https:\/\/api.w.org\/{rel}","templated":true}]}}