{"id":55536,"date":"2026-01-14T09:09:07","date_gmt":"2026-01-14T13:09:07","guid":{"rendered":"https:\/\/noticiasveraces.com\/?p=55536"},"modified":"2026-01-14T09:09:07","modified_gmt":"2026-01-14T13:09:07","slug":"fcu-ucv-sera-centro-de-acopio-en-apoyo-a-los-presos-politicos","status":"publish","type":"post","link":"https:\/\/noticiasveraces.com\/?p=55536","title":{"rendered":"FCU-UCV ser\u00e1 centro de acopio en apoyo a los presos pol\u00edticos"},"content":{"rendered":"<p> \n<\/p>\n<div id=\"\">\n<div class=\"image-featured\">\n<img src=\"data:image\/png;base64,iVBORw0KGgoAAAANSUhEUgAABDgAAAMqAQAAAABP0sw8AAAAAnRSTlMAAHaTzTgAAACBSURBVHja7cEBAQAAAIIg\/69uSEABAAAAAAAAAAAAAAAAAAAAAAAAAAAAAAAAAAAAAAAAAAAAAAAAAAAAAAAAAAAAAAAAAAAAAAAAAAAAAAAAAAAAAAAAAAAAAAAAAAAAAAAAAAAAAAAAAAAAAAAAAAAAAAAAAAAAAAAAAAAAwK8Brl8AAajqthcAAAAASUVORK5CYII=\" alt=\"FCU UCV\" data-src=\"https:\/\/elnacional-uploads.nyc3.digitaloceanspaces.com\/wp-content\/uploads\/2026\/01\/14084916\/WhatsApp-Image-2026-01-13-at-7.19.20-PM-1.jpeg\" decoding=\"async\" class=\"lazyload\" data-eio-rwidth=\"1080\" data-eio-rheight=\"810\"\/><img decoding=\"async\" src=\"https:\/\/elnacional-uploads.nyc3.digitaloceanspaces.com\/wp-content\/uploads\/2026\/01\/14084916\/WhatsApp-Image-2026-01-13-at-7.19.20-PM-1.jpeg\" alt=\"FCU UCV\" data-eio=\"l\"\/><\/div>\n<p>En el marco de una jornada c\u00edvica que congreg\u00f3 a representantes de la sociedad civil,<strong> el presidente de la Federaci\u00f3n de Centros Universitarios de la Universidad Central de Venezuela (FCU- UCV)<\/strong>Miguelangel Su\u00e1rez, <strong>anunci\u00f3 este martes la habilitaci\u00f3n de la sede de la FCU como centro de acopio para la recolecci\u00f3n de insumos destinados a presos pol\u00edticos y sus familiares.<\/strong><\/p>\n<p>El anuncio fue realizado desde la Plaza del Rectorado de la UCV, durante un evento que reuni\u00f3 a estudiantes, activistas, familiares de detenidos y ciudadanos comprometidos con la defensa de los derechos humanos, desde donde se exigi\u00f3 la liberaci\u00f3n de los presos pol\u00edticos y el respeto irrestricto a la Constituci\u00f3n.<\/p>\n<p>Durante su intervenci\u00f3n, <strong>el presidente de la FCU destac\u00f3 el papel hist\u00f3rico del movimiento estudiantil como actor solidario y defensor de las libertades democr\u00e1ticas<\/strong>. \u201cLa universidad no puede ser indiferente ante el sufrimiento de quienes hoy est\u00e1n privados de libertad por razones pol\u00edticas. Desde la FCU asumimos este compromiso humanitario con responsabilidad y convicci\u00f3n\u201d, expres\u00f3.<\/p>\n<figure class=\"wp-block-image size-full\"><img loading=\"lazy\" decoding=\"async\" width=\"1024\" height=\"1280\" src=\"data:image\/png;base64,iVBORw0KGgoAAAANSUhEUgAABAAAAAUAAQAAAADxER2aAAAAAnRSTlMAAHaTzTgAAAC2SURBVHja7cEBAQAAAIIg\/69uSEABAAAAAAAAAAAAAAAAAAAAAAAAAAAAAAAAAAAAAAAAAAAAAAAAAAAAAAAAAAAAAAAAAAAAAAAAAAAAAAAAAAAAAAAAAAAAAAAAAAAAAAAAAAAAAAAAAAAAAAAAAAAAAAAAAAAAAAAAAAAAAAAAAAAAAAAAAAAAAAAAAAAAAAAAAAAAAAAAAAAAAAAAAAAAAAAAAAAAAAAAAAAAAAAAAAAA7waFHgAB7GLXxQAAAABJRU5ErkJggg==\" alt=\"FCU UCV\" class=\"wp-image-2863618 lazyload\" data-src=\"https:\/\/elnacional-uploads.nyc3.digitaloceanspaces.com\/wp-content\/uploads\/2026\/01\/14085028\/WhatsApp-Image-2026-01-13-at-7.19.20-PM.jpeg\" data-eio-rwidth=\"1024\" data-eio-rheight=\"1280\"\/><img loading=\"lazy\" decoding=\"async\" width=\"1024\" height=\"1280\" src=\"https:\/\/elnacional-uploads.nyc3.digitaloceanspaces.com\/wp-content\/uploads\/2026\/01\/14085028\/WhatsApp-Image-2026-01-13-at-7.19.20-PM.jpeg\" alt=\"FCU UCV\" class=\"wp-image-2863618\" data-eio=\"l\"\/><\/figure>\n<p>La jornada fue promovida por la ONG Clippve, con apoyo del Movimiento Estudiantil de la UCV, como parte de una agenda de acciones pac\u00edficas orientadas a visibilizar la situaci\u00f3n de los presos pol\u00edticos en el pa\u00eds y el impacto que esta realidad tiene en sus entornos familiares.<\/p>\n<p>Los organizadores se\u00f1alaron que el centro de acopio <strong>recibir\u00e1 insumos b\u00e1sicos, alimentos no perecederos, art\u00edculos de higiene personal, art\u00edculos de limpieza, almohadas nuevas, s\u00e1banas, colchones, antibacterial, vasos, servilletas, toallas h\u00famedas y carpas<\/strong>los cuales ser\u00e1n canalizados de forma solidaria hacia los familiares de los detenidos.<\/p>\n<p><strong>Las oficinas estar\u00e1n dispuestas desde este mi\u00e9rcoles 14 de enero desde las 9:00 am hasta las 3:00 pm<\/strong>. De igual forma se pueden comunicar a las cuentas de Instagram del Comit\u00e9 por la Libertad de los Presos Pol\u00edticos, @CLIPPVE, de la Federaci\u00f3n de Centros Universitarios o las del presidente de la FCU, @miguel.suarezt, o a los numero del comit\u00e9 de v\u00edctimas, +58 412-2887158\/+58 412-9850984.<\/p>\n<p>La actividad concluy\u00f3 con un llamado conjunto a la sociedad venezolana y a la comunidad internacional a mantenerse vigilantes y activos en la defensa de los derechos humanos, reiterando que la libertad, la justicia y el respeto a la Constituci\u00f3n son pilares fundamentales para la vida democr\u00e1tica del pa\u00eds.<\/p>\n<\/div>\n\n","protected":false},"excerpt":{"rendered":"<p>En el marco de una jornada c\u00edvica que congreg\u00f3 a representantes de la sociedad civil, el presidente de la Federaci\u00f3n de Centros Universitarios de la Universidad Central de Venezuela (FCU- UCV)Miguelangel Su\u00e1rez, anunci\u00f3 este martes la habilitaci\u00f3n de la sede de la FCU como centro de acopio para la recolecci\u00f3n de insumos destinados a presos &hellip;<\/p>\n","protected":false},"author":1,"featured_media":55537,"comment_status":"open","ping_status":"open","sticky":false,"template":"","format":"standard","meta":{"fifu_image_url":"https:\/\/elnacional-uploads.nyc3.digitaloceanspaces.com\/wp-content\/uploads\/2026\/01\/14084916\/WhatsApp-Image-2026-01-13-at-7.19.20-PM-1.jpeg","fifu_image_alt":"","footnotes":""},"categories":[13],"tags":[],"class_list":["post-55536","post","type-post","status-publish","format-standard","has-post-thumbnail","","category-mundo"],"_links":{"self":[{"href":"https:\/\/noticiasveraces.com\/index.php?rest_route=\/wp\/v2\/posts\/55536","targetHints":{"allow":["GET"]}}],"collection":[{"href":"https:\/\/noticiasveraces.com\/index.php?rest_route=\/wp\/v2\/posts"}],"about":[{"href":"https:\/\/noticiasveraces.com\/index.php?rest_route=\/wp\/v2\/types\/post"}],"author":[{"embeddable":true,"href":"https:\/\/noticiasveraces.com\/index.php?rest_route=\/wp\/v2\/users\/1"}],"replies":[{"embeddable":true,"href":"https:\/\/noticiasveraces.com\/index.php?rest_route=%2Fwp%2Fv2%2Fcomments&post=55536"}],"version-history":[{"count":0,"href":"https:\/\/noticiasveraces.com\/index.php?rest_route=\/wp\/v2\/posts\/55536\/revisions"}],"wp:featuredmedia":[{"embeddable":true,"href":"https:\/\/noticiasveraces.com\/index.php?rest_route=\/wp\/v2\/media\/55537"}],"wp:attachment":[{"href":"https:\/\/noticiasveraces.com\/index.php?rest_route=%2Fwp%2Fv2%2Fmedia&parent=55536"}],"wp:term":[{"taxonomy":"category","embeddable":true,"href":"https:\/\/noticiasveraces.com\/index.php?rest_route=%2Fwp%2Fv2%2Fcategories&post=55536"},{"taxonomy":"post_tag","embeddable":true,"href":"https:\/\/noticiasveraces.com\/index.php?rest_route=%2Fwp%2Fv2%2Ftags&post=55536"}],"curies":[{"name":"wp","href":"https:\/\/api.w.org\/{rel}","templated":true}]}}