{"id":55505,"date":"2026-01-14T02:38:55","date_gmt":"2026-01-14T06:38:55","guid":{"rendered":"https:\/\/noticiasveraces.com\/?p=55505"},"modified":"2026-01-14T02:38:55","modified_gmt":"2026-01-14T06:38:55","slug":"telcel-reconoce-vulnerabilidad-tecnica-en-su-portal-de-registro-de-lineas-moviles","status":"publish","type":"post","link":"https:\/\/noticiasveraces.com\/?p=55505","title":{"rendered":"Telcel reconoce vulnerabilidad t\u00e9cnica en su portal de registro de l\u00edneas m\u00f3viles"},"content":{"rendered":"<p> \n<\/p>\n<div>\n<p>Telcel inform\u00f3 que ha puesto en marcha medidas de seguridad adicionales para proteger los datos personales de los usuarios que, por disposici\u00f3n legal, deben vincular sus l\u00edneas telef\u00f3nicas con documentaci\u00f3n oficial, como la credencial para votar (INE), el pasaporte o la CURP biom\u00e9trica.<\/p>\n<p>El anuncio se dio tras la difusi\u00f3n en redes sociales de diversos reportes que alertaron sobre una posible vulnerabilidad en el portal de la empresa destinado al registro obligatorio. De acuerdo con estas denuncias, <strong>la falla habr\u00eda permitido que cualquier persona accediera a datos sensibles,<\/strong> como el nombre completo, la CURP, el Registro Federal de Contribuyentes (RFC) y el correo electr\u00f3nico, \u00fanicamente con introducir el n\u00famero telef\u00f3nico del titular.<\/p>\n<hr\/>\n<div class=\"ContentCardEmbedWrapper-kFpFGN dpdjmB content-card-embed content-card-embed--stacked\" data-testid=\"ContentCardEmbedWrapper\">\n<div class=\"ContentCardEmbedImage-iBIXcR jiOHKG content-card-embed__image\" data-testid=\"ContentCardEmbedImage\"><span class=\"SpanWrapper-zEXFr koTknX responsive-asset\"><picture class=\"ResponsiveImagePicture-cGZhnX jwYQWO responsive-image\"><img decoding=\"async\" alt=\"vinculaci\u00f3n l\u00ednea telcel AT&#038;T CURP 2229066098\" loading=\"lazy\" class=\"ResponsiveImageContainer-eNxvmU cfBbTk responsive-image__image\" srcset=\"https:\/\/media.es.wired.com\/photos\/6941d5bff8d8b0fcd98ffd68\/master\/w_120,c_limit\/vinculaci%C3%B3n%20l%C3%ADnea%20telcel%20AT&amp;T%20CURP%202229066098.jpg 120w, https:\/\/media.es.wired.com\/photos\/6941d5bff8d8b0fcd98ffd68\/master\/w_240,c_limit\/vinculaci%C3%B3n%20l%C3%ADnea%20telcel%20AT&amp;T%20CURP%202229066098.jpg 240w, https:\/\/media.es.wired.com\/photos\/6941d5bff8d8b0fcd98ffd68\/master\/w_320,c_limit\/vinculaci%C3%B3n%20l%C3%ADnea%20telcel%20AT&amp;T%20CURP%202229066098.jpg 320w, https:\/\/media.es.wired.com\/photos\/6941d5bff8d8b0fcd98ffd68\/master\/w_640,c_limit\/vinculaci%C3%B3n%20l%C3%ADnea%20telcel%20AT&amp;T%20CURP%202229066098.jpg 640w\" sizes=\"100vw\" src=\"https:\/\/media.es.wired.com\/photos\/6941d5bff8d8b0fcd98ffd68\/master\/w_775%2Cc_limit\/vinculaci%25C3%25B3n%2520l%25C3%25ADnea%2520telcel%2520AT&amp;T%2520CURP%25202229066098.jpg\"\/><\/picture><\/span><\/div>\n<div class=\"ContentCardEmbedInfo-bSBhwc IbulD\">\n<div class=\"BaseWrap-sc-gzmcOU BaseText-eqOrNE ContentCardEmbedHed-kuAbUL deqABF jkWAvF fPZrfS content-card-embed__hed\" data-testid=\"ContentCardEmbedHed\">\u00bfC\u00f3mo vincular tus datos personales para que no suspendan tu l\u00ednea Telcel o AT&#038;T?<\/div>\n<p>Las l\u00edneas telef\u00f3nicas que no est\u00e9n vinculadas a la identidad del usuario quedar\u00e1n suspendidas de manera temporal. Solo podr\u00e1n ser utilizadas para realizar llamadas a n\u00fameros de emergencia y de atenci\u00f3n ciudadana.<\/p>\n<\/div>\n<\/div>\n<hr\/>\n<p>El pasado 9 de enero comenz\u00f3 formalmente el proceso de registro obligatorio de l\u00edneas celulares en M\u00e9xico. Esta medida se sustenta en los art\u00edculos 103 y 164 de la reci\u00e9n creada Ley en Materia de Telecomunicaciones y Radiodifusi\u00f3n, cuyo objetivo es eliminar \u201cel anonimato que facilita el uso del servicio de telefon\u00eda m\u00f3vil para la comisi\u00f3n de delitos\u201d, seg\u00fan explic\u00f3 la Comisi\u00f3n Reguladora de Telecomunicaciones (CRT). En caso de que los usuarios no cumplan con este requisito, los proveedores de servicios, como Telcel, AT&#038;T y Movistar, deber\u00e1n suspender de manera temporal las l\u00edneas hasta que se realice la vinculaci\u00f3n correspondiente.<\/p>\n<p>Para cumplir con la obligaci\u00f3n, las personas f\u00edsicas pueden llevar a cabo el registro de su l\u00ednea m\u00f3vil de forma presencial o a distancia. En la modalidad remota, el tr\u00e1mite se realiza mediante la Plataforma de Gesti\u00f3n de L\u00edneas Telef\u00f3nicas M\u00f3viles, <strong>un sistema dise\u00f1ado y operado por los propios concesionarios de telecomunicaciones<\/strong>quienes tienen la facultad de desarrollar su propia versi\u00f3n de la herramienta tecnol\u00f3gica.<\/p>\n<p>Durante el fin de semana posterior al inicio del registro, usuarios reportaron que la plataforma habilitada por Telcel presentaba una vulnerabilidad que, al introducir \u00fanicamente un n\u00famero telef\u00f3nico, permit\u00eda visualizar los datos personales del titular de la l\u00ednea, incluyendo informaci\u00f3n considerada sensible. Aunque estos datos no aparec\u00edan de manera directa en la interfaz del portal, presuntamente pod\u00edan consultarse al acceder al c\u00f3digo fuente del sitio de registro.<\/p>\n<p>Ante estos se\u00f1alamientos, Telcel difundi\u00f3 un comunicado en el que asegur\u00f3 que la informaci\u00f3n de sus clientes se encuentra debidamente protegida. La empresa explic\u00f3 que el proceso de vinculaci\u00f3n contempla el env\u00edo de un c\u00f3digo \u00fanico v\u00eda SMS, el cual permite a cada usuario acceder exclusivamente a su propia informaci\u00f3n para completar el tr\u00e1mite. No obstante, indic\u00f3 que, <strong>como medida preventiva, se reforzaron los controles de seguridad del sistema de registro.<\/strong><\/p>\n<\/div>\n\n","protected":false},"excerpt":{"rendered":"<p>Telcel inform\u00f3 que ha puesto en marcha medidas de seguridad adicionales para proteger los datos personales de los usuarios que, por disposici\u00f3n legal, deben vincular sus l\u00edneas telef\u00f3nicas con documentaci\u00f3n oficial, como la credencial para votar (INE), el pasaporte o la CURP biom\u00e9trica. El anuncio se dio tras la difusi\u00f3n en redes sociales de diversos &hellip;<\/p>\n","protected":false},"author":1,"featured_media":55507,"comment_status":"open","ping_status":"open","sticky":false,"template":"","format":"standard","meta":{"fifu_image_url":"https:\/\/media.es.wired.com\/photos\/69652cc30e63d593becdb0bf\/16:9\/w_1280,c_limit\/Telcel%20registro%20celulares%20174427594.jpg","fifu_image_alt":"","footnotes":""},"categories":[765],"tags":[],"class_list":["post-55505","post","type-post","status-publish","format-standard","has-post-thumbnail","","category-peliculas"],"_links":{"self":[{"href":"https:\/\/noticiasveraces.com\/index.php?rest_route=\/wp\/v2\/posts\/55505","targetHints":{"allow":["GET"]}}],"collection":[{"href":"https:\/\/noticiasveraces.com\/index.php?rest_route=\/wp\/v2\/posts"}],"about":[{"href":"https:\/\/noticiasveraces.com\/index.php?rest_route=\/wp\/v2\/types\/post"}],"author":[{"embeddable":true,"href":"https:\/\/noticiasveraces.com\/index.php?rest_route=\/wp\/v2\/users\/1"}],"replies":[{"embeddable":true,"href":"https:\/\/noticiasveraces.com\/index.php?rest_route=%2Fwp%2Fv2%2Fcomments&post=55505"}],"version-history":[{"count":0,"href":"https:\/\/noticiasveraces.com\/index.php?rest_route=\/wp\/v2\/posts\/55505\/revisions"}],"wp:featuredmedia":[{"embeddable":true,"href":"https:\/\/noticiasveraces.com\/index.php?rest_route=\/wp\/v2\/media\/55507"}],"wp:attachment":[{"href":"https:\/\/noticiasveraces.com\/index.php?rest_route=%2Fwp%2Fv2%2Fmedia&parent=55505"}],"wp:term":[{"taxonomy":"category","embeddable":true,"href":"https:\/\/noticiasveraces.com\/index.php?rest_route=%2Fwp%2Fv2%2Fcategories&post=55505"},{"taxonomy":"post_tag","embeddable":true,"href":"https:\/\/noticiasveraces.com\/index.php?rest_route=%2Fwp%2Fv2%2Ftags&post=55505"}],"curies":[{"name":"wp","href":"https:\/\/api.w.org\/{rel}","templated":true}]}}