{"id":55492,"date":"2026-01-14T01:00:09","date_gmt":"2026-01-14T05:00:09","guid":{"rendered":"https:\/\/noticiasveraces.com\/?p=55492"},"modified":"2026-01-14T01:00:09","modified_gmt":"2026-01-14T05:00:09","slug":"wp-ee-uu-pidio-a-sus-aliados-europeos-datos-de-inteligencia-de-posibles-blancos-en-iran","status":"publish","type":"post","link":"https:\/\/noticiasveraces.com\/?p=55492","title":{"rendered":"WP: EE.UU. pidi\u00f3 a sus aliados europeos datos de inteligencia de posibles blancos en Ir\u00e1n"},"content":{"rendered":"<p> \n<br \/><img decoding=\"async\" src=\"https:\/\/actualidad.rt.com\/\" \/><\/p>\n<div>\n<p>La Administraci\u00f3n Trump solicit\u00f3 a sus aliados europeos que compartieran informaci\u00f3n de inteligencia de posibles blancos dentro de Ir\u00e1n, informa The Washington Post, con referencia a dos funcionarios europeos que hablaron bajo condici\u00f3n de anonimato.<\/p>\n<p>Seg\u00fan estas fuentes, Washington envi\u00f3 la petici\u00f3n este lunes, un d\u00eda antes de que miembros de alto nivel del equipo de seguridad nacional del presidente de EE.UU., Donald Trump, se reunieran para preparar opciones contra Ir\u00e1n.<\/p>\n<p>Uno de los funcionarios se\u00f1al\u00f3 que su pa\u00eds no ten\u00eda indicios de que Trump fuera a \u00abatacar instalaciones nucleares\u00bb iran\u00edes y afirm\u00f3 que\u00a0consideraba m\u00e1s probable que los ataques se centraran en el liderazgo de las organizaciones y fuerzas que, seg\u00fan Washington, son responsables de la violencia en las protestas que sacuden el pa\u00eds persa.<\/p>\n<p><em><strong>C\u00f3mo los enemigos de Ir\u00e1n incentivan las protestas desde afuera, sepa m\u00e1s\u00a0aqu\u00ed<\/strong><\/em><\/p>\n<\/div>\n\n","protected":false},"excerpt":{"rendered":"<p>La Administraci\u00f3n Trump solicit\u00f3 a sus aliados europeos que compartieran informaci\u00f3n de inteligencia de posibles blancos dentro de Ir\u00e1n, informa The Washington Post, con referencia a dos funcionarios europeos que hablaron bajo condici\u00f3n de anonimato. Seg\u00fan estas fuentes, Washington envi\u00f3 la petici\u00f3n este lunes, un d\u00eda antes de que miembros de alto nivel del equipo &hellip;<\/p>\n","protected":false},"author":1,"featured_media":55493,"comment_status":"open","ping_status":"open","sticky":false,"template":"","format":"standard","meta":{"fifu_image_url":"https:\/\/mfes.b37m.ru\/actualidad\/public_images\/2026.01\/original\/696721e5e9ff7126426a44ad.jpg","fifu_image_alt":"","footnotes":""},"categories":[13],"tags":[],"class_list":["post-55492","post","type-post","status-publish","format-standard","has-post-thumbnail","","category-mundo"],"_links":{"self":[{"href":"https:\/\/noticiasveraces.com\/index.php?rest_route=\/wp\/v2\/posts\/55492","targetHints":{"allow":["GET"]}}],"collection":[{"href":"https:\/\/noticiasveraces.com\/index.php?rest_route=\/wp\/v2\/posts"}],"about":[{"href":"https:\/\/noticiasveraces.com\/index.php?rest_route=\/wp\/v2\/types\/post"}],"author":[{"embeddable":true,"href":"https:\/\/noticiasveraces.com\/index.php?rest_route=\/wp\/v2\/users\/1"}],"replies":[{"embeddable":true,"href":"https:\/\/noticiasveraces.com\/index.php?rest_route=%2Fwp%2Fv2%2Fcomments&post=55492"}],"version-history":[{"count":0,"href":"https:\/\/noticiasveraces.com\/index.php?rest_route=\/wp\/v2\/posts\/55492\/revisions"}],"wp:featuredmedia":[{"embeddable":true,"href":"https:\/\/noticiasveraces.com\/index.php?rest_route=\/wp\/v2\/media\/55493"}],"wp:attachment":[{"href":"https:\/\/noticiasveraces.com\/index.php?rest_route=%2Fwp%2Fv2%2Fmedia&parent=55492"}],"wp:term":[{"taxonomy":"category","embeddable":true,"href":"https:\/\/noticiasveraces.com\/index.php?rest_route=%2Fwp%2Fv2%2Fcategories&post=55492"},{"taxonomy":"post_tag","embeddable":true,"href":"https:\/\/noticiasveraces.com\/index.php?rest_route=%2Fwp%2Fv2%2Ftags&post=55492"}],"curies":[{"name":"wp","href":"https:\/\/api.w.org\/{rel}","templated":true}]}}