{"id":54177,"date":"2025-12-17T00:18:35","date_gmt":"2025-12-17T04:18:35","guid":{"rendered":"https:\/\/noticiasveraces.com\/?p=54177"},"modified":"2025-12-17T00:18:35","modified_gmt":"2025-12-17T04:18:35","slug":"desaparecidos-dos-adolescentes-de-la-ud-146-tras-salir-a-trotar-en-avenida-leopoldo-sucre-figarella-correo-del-caroni","status":"publish","type":"post","link":"https:\/\/noticiasveraces.com\/?p=54177","title":{"rendered":"Desaparecidos dos adolescentes de la UD-146 tras salir a trotar en avenida Leopoldo Sucre Figarella \u2013 Correo del Caron\u00ed"},"content":{"rendered":"<p> \n<\/p>\n<div data-id=\"494a3404\" data-element_type=\"widget\" id=\"texto\" data-widget_type=\"theme-post-content.default\">\n<div class=\"elementor-widget-container\">\n<p>Dos adolescentes residenciados en la UD-146 permanecen desaparecidos tras salir a trotar en la avenida Leopoldo Sucre Figarella, cerca de la represa Macagua, en horas de la tarde del pasado 15 de diciembre.<\/p>\n<p>Los j\u00f3venes fueron identificados como Alexander A\u00edran Alvarado Reyes, de 15 a\u00f1os, y Ashleikert Eduardo R\u00edos Salamanca, de 17 a\u00f1os. Los desaparecidos son primos y practicantes de boxeo.<\/p>\n<p>El equipo de <strong>Correo del Caron\u00ed <\/strong>se traslad\u00f3 hacia la residencia de ambos adolescentes y convers\u00f3 con sus familiares, quienes confirmaron que sol\u00edan salir a hacer ejercicios como trotar o correr en esta \u00e1rea durante horas de la tarde; sin embargo, la noche del lunes no regresaron a sus casas.<\/p>\n<p>\u201cLe dije: no vayas a llegar tarde. Su pap\u00e1 lo vio salir con mi sobrino para dirigirse a trotar. Por ac\u00e1 cerca hay una casa donde ellos practican el boxeo, pasaron por all\u00ed y dijeron que iban a calentar para seguir con su actividad que era el boxeo. Bajaron por Macagua para hacer sus actividades de calentamiento. Eso fue a las 5:30, pasaron las horas\u2026 Las 6:00, las 7:00, las 8:00. Las personas del boxeo estaban ya preocupadas, mi cu\u00f1ada me llama y yo a esa hora a\u00fan no estaba preocupada. Cuando se hacen las 10:30, ya obviamente yo sab\u00eda que algo estaba pasando porque en realidad no acostumbra hacer eso\u201d, puntualiz\u00f3 Liliana Salamanca, madre de Ashleikert R\u00edos.<\/p>\n<p>Alexander es estudiante de cuarto a\u00f1o de bachillerato en la escuela Fe y Alegr\u00eda Caron\u00ed, mientras que Ashleikert estudia primer semestre de construcci\u00f3n civil en la UDO Bol\u00edvar.<\/p>\n<p class=\"has-medium-font-size\"><strong>Familias ya presentaron la denuncia ante autoridades<\/strong><\/p>\n<p>Los padres de los j\u00f3venes afirmaron que ya pusieron la denuncia. De hecho, en horas de la ma\u00f1ana cuerpos de seguridad empezaron a hacer una serie de recorridos en b\u00fasqueda de los desaparecidos.<\/p>\n<p>En este sentido, las familias piden a la colectividad que, de tener alg\u00fan dato, se comuniquen a los tel\u00e9fonos <strong>0414-3879537<\/strong> oh <strong>0416-2895823<\/strong>.<\/p>\n<\/p><\/div>\n<\/p><\/div>\n\n","protected":false},"excerpt":{"rendered":"<p>Dos adolescentes residenciados en la UD-146 permanecen desaparecidos tras salir a trotar en la avenida Leopoldo Sucre Figarella, cerca de la represa Macagua, en horas de la tarde del pasado 15 de diciembre. Los j\u00f3venes fueron identificados como Alexander A\u00edran Alvarado Reyes, de 15 a\u00f1os, y Ashleikert Eduardo R\u00edos Salamanca, de 17 a\u00f1os. Los desaparecidos &hellip;<\/p>\n","protected":false},"author":1,"featured_media":54178,"comment_status":"open","ping_status":"open","sticky":false,"template":"","format":"standard","meta":{"fifu_image_url":"https:\/\/correodelcaroni.com\/wp-content\/uploads\/2025\/12\/ADOLESCENTES_Desaparecidos.jpg","fifu_image_alt":"","footnotes":""},"categories":[13],"tags":[],"class_list":["post-54177","post","type-post","status-publish","format-standard","has-post-thumbnail","","category-mundo"],"_links":{"self":[{"href":"https:\/\/noticiasveraces.com\/index.php?rest_route=\/wp\/v2\/posts\/54177","targetHints":{"allow":["GET"]}}],"collection":[{"href":"https:\/\/noticiasveraces.com\/index.php?rest_route=\/wp\/v2\/posts"}],"about":[{"href":"https:\/\/noticiasveraces.com\/index.php?rest_route=\/wp\/v2\/types\/post"}],"author":[{"embeddable":true,"href":"https:\/\/noticiasveraces.com\/index.php?rest_route=\/wp\/v2\/users\/1"}],"replies":[{"embeddable":true,"href":"https:\/\/noticiasveraces.com\/index.php?rest_route=%2Fwp%2Fv2%2Fcomments&post=54177"}],"version-history":[{"count":0,"href":"https:\/\/noticiasveraces.com\/index.php?rest_route=\/wp\/v2\/posts\/54177\/revisions"}],"wp:featuredmedia":[{"embeddable":true,"href":"https:\/\/noticiasveraces.com\/index.php?rest_route=\/wp\/v2\/media\/54178"}],"wp:attachment":[{"href":"https:\/\/noticiasveraces.com\/index.php?rest_route=%2Fwp%2Fv2%2Fmedia&parent=54177"}],"wp:term":[{"taxonomy":"category","embeddable":true,"href":"https:\/\/noticiasveraces.com\/index.php?rest_route=%2Fwp%2Fv2%2Fcategories&post=54177"},{"taxonomy":"post_tag","embeddable":true,"href":"https:\/\/noticiasveraces.com\/index.php?rest_route=%2Fwp%2Fv2%2Ftags&post=54177"}],"curies":[{"name":"wp","href":"https:\/\/api.w.org\/{rel}","templated":true}]}}