{"id":54175,"date":"2025-12-16T23:17:16","date_gmt":"2025-12-17T03:17:16","guid":{"rendered":"https:\/\/noticiasveraces.com\/?p=54175"},"modified":"2025-12-16T23:17:16","modified_gmt":"2025-12-17T03:17:16","slug":"el-mundo-un-dirigente-cercano-a-maria-corina-se-convierte-en-el-preso-politico-espanol-numero-21-del-chavismo-albertonews","status":"publish","type":"post","link":"https:\/\/noticiasveraces.com\/?p=54175","title":{"rendered":"El Mundo | Un dirigente cercano a Mar\u00eda Corina se convierte en el preso pol\u00edtico espa\u00f1ol n\u00famero 21 del chavismo &#8211; AlbertoNews"},"content":{"rendered":"<p> \n<\/p>\n<div>\n<p>La pen\u00faltima v\u00edctima de la represi\u00f3n chavista tiene nombre de realismo m\u00e1gico, pero lo que sufre estos d\u00edas es la crueldad cotidiana y muy real de una dictadura. Una unidad de agentes del Servicio Bolivariano de Inteligencia (Sebin) detuvo por la fuerza el pasado lunes a Melqu\u00edades Pulido Garc\u00eda, coordinador de Gesti\u00f3n P\u00fablica de Vente Venezuela (VV), el partido de Mar\u00eda Corina Machado, mientras caminaba temprano en Caracas.<\/p>\n<p><strong>El Mundo de Espa\u00f1a<\/strong><\/p>\n<p>El dirigente democr\u00e1tico, de 70 a\u00f1os, tiene doble nacionalidad, seg\u00fan confirmaron fuentes diplom\u00e1ticas a EL MUNDO. De esta forma, el n\u00famero de espa\u00f1oles encarcelados por el r\u00e9gimen de Nicol\u00e1s Maduro asciende a 21: cuatro de origen, nueve hispanovenezolanos y ocho mujeres con doble nacionalidad, la mayor\u00eda recluidas en el siniestro Helicoide.<\/p>\n<p>\u00abMelqu\u00edades sufre de parkinson y tiene una condici\u00f3n de coagulaci\u00f3n que requiere atenci\u00f3n m\u00e9dica de extremo cuidado para evitar infartos o accidentes cerebrovasculares. Su vida est\u00e1 en grave peligro\u00bb, denunci\u00f3 VV nada m\u00e1s conocer la detenci\u00f3n ilegal de su dirigente. Pulido Garc\u00eda cay\u00f3 en las garras de la dictadura s\u00f3lo horas despu\u00e9s de que se conociera otra operaci\u00f3n del Sebin contra reconocidos dirigentes democr\u00e1ticos. A Nicmer Evans, polit\u00f3logo, director del medio Punto de Corte y que ha formado parte del grupo de exchavistas cr\u00edticos, se lo llevaron mediante enga\u00f1os de su propio hogar.<\/p>\n<p>\u00abAlerta mundial. \u00a1Maduro es responsable de la vida y de la salud de Melqu\u00edades! Es un hombre \u00edntegro y brillante, economista e ingeniero, parte fundamental de nuestro programa de gobierno Venezuela Tierra de Gracia (dise\u00f1ado para acometer la transici\u00f3n a la democracia). Liberaremos a cada uno de nuestros compa\u00f1eros secuestrados y con ellos a Venezuela tambi\u00e9n\u00bb, denunci\u00f3 en sus redes sociales la Premio Nobel de la Paz.<\/p>\n<h4>Infierno carcelario<\/h4>\n<p>Se da la circunstancia de que Melqu\u00edades tiene la misma edad que otro espa\u00f1ol, el empresario Uaipar\u00fa Guerere, uno de los encarcelados en el Rodeo 1, un infierno carcelario en la tierra. Llamado tambi\u00e9n las \u00abNaciones Unidas\u00bb por sus reclusos, este centro penitenciario est\u00e1 preparado para los extranjeros y para los presos considerados duros o rebeldes para la Direcci\u00f3n General de Contrainteligencia Militar (Dgcim). \u00abEst\u00e1 arbitrariamente detenido, tiene dos meses sin recibir visitas. Tampoco le reciben a sus familiares la paqueter\u00eda (alimentos, medicinas). Est\u00e1 delicado de salud\u00bb, asegur\u00f3 Gonzalo Himiob, vicepresidente del Foro Penal.<\/p>\n<p>A Guerere se lo llev\u00f3 la vida por delante cuando regres\u00f3 en 2023 a Venezuela, desde Barcelona, para vender las empresas y posesiones que hab\u00eda dejado en su tierra tras sumarse a la mayor di\u00e1spora de este siglo. Fuentes pol\u00edticas aseguraron a este peri\u00f3dico que en principio se trat\u00f3 de una extorsi\u00f3n econ\u00f3mica, un modus operandi que ha convertido en millonarios a represores tan famosos como el coronel Alexander Granko, due\u00f1o de un equipo de f\u00fatbol, como si fuera el Pablo Escobar del chavismo.<\/p>\n<p>El hispanovenezolano no pudo celebrar su 70 cumplea\u00f1os la semana pasada pese a que comparte prisi\u00f3n con buena parte de los espa\u00f1oles apresados. En el Rodeo 1 tambi\u00e9n se encuentran los dos turistas vascos, Andr\u00e9s Mart\u00ednez Adasme y Jos\u00e9 Mar\u00eda Basoa, acusados falsamente de ser agentes espa\u00f1oles enviados a Venezuela para asesinar al \u00abhijo de Ch\u00e1vez\u00bb. Despu\u00e9s de 13 meses de silencio, sus familias, acudieron en octubre al Parlamento Vasco para pedir su libertad.<\/p>\n<h4>Incomunicado<\/h4>\n<p>\u00abLas \u00fanicas comunicaciones con el exterior en este tiempo se limitan a una llamada telef\u00f3nica de cinco minutos realizada por Mart\u00ednez a su hermana en mayo, una visita del c\u00f3nsul espa\u00f1ol en septiembre y otra breve llamada de Andr\u00e9s a su familia en octubre\u00bb, desvel\u00f3 el dirigente vasco I\u00f1aki Anasagasti, quien critic\u00f3 duramente a Bildu y a Sumar por evitar las cr\u00edticas a Maduro.<\/p>\n<p>Entre las mismas rejas permanecen el marinero y periodista canario Miguel Moreno Dapena y el valenciano Ernesto Gorbe Cardona. El joven isle\u00f1o era uno de los tripulantes del buque cazatesoros N35, capturado en junio en aguas del Esequibo, zona en litigio entre Guyana y Venezuela.<\/p>\n<p>El segundo fue detenido hace un a\u00f1o acusado inicialmente de tener su visa vencida, pero fuentes pol\u00edticas confirmaron a este peri\u00f3dico que se le aplic\u00f3 la habitual extorsi\u00f3n policial, lo que al final acab\u00f3 con su encarcelamiento.<\/p>\n<p>Adem\u00e1s de los cuatro nacidos en Espa\u00f1a y de Guerere, en el Rodeo 1 son prisioneros pol\u00edticos Alejandro Gonz\u00e1lez, gerente aeron\u00e1utico de la petrolera estadounidense Chevron, y el estudiante Fernando Noya, cu\u00f1ado de Antonio Sequea, capit\u00e1n que liber\u00f3 a Leopoldo L\u00f3pez durante el intento de golpe de Estado de 2019.<\/p>\n<h4>Helicoide<\/h4>\n<p>En el Helicoide permanece la exmujer de Gonz\u00e1lez, Roc\u00edo San Miguel, emblem\u00e1tica figura de la sociedad civil venezolana, que en las pr\u00f3ximas semanas sumar\u00e1 dos a\u00f1os de c\u00e1rcel injusta. En la prisi\u00f3n del Sebin la acompa\u00f1an, en su celda y en las m\u00e1s cercanas, Sof\u00eda Sahag\u00fan, emprendedora que fue secuestrada en el aeropuerto de Maiquet\u00eda cuando viajaba a Espa\u00f1a por su cercan\u00eda familiar con Machado. Lo mismo ocurre con Catalina Ramos, dirigente de VV como Melqu\u00edades Pulido y amiga personal de la l\u00edder democr\u00e1tica.<\/p>\n<p><strong>Si quieres recibir en tu celular esta y otras informaciones, descarga Telegram, ingresa al link <\/strong><strong>https:\/\/t.me\/albertorodnews<\/strong><strong> y dale clic a +Unirme.  <\/strong><\/p>\n<p><strong>Alberto Noticias<\/strong><\/p>\n<\/p><\/div>\n\n","protected":false},"excerpt":{"rendered":"<p>La pen\u00faltima v\u00edctima de la represi\u00f3n chavista tiene nombre de realismo m\u00e1gico, pero lo que sufre estos d\u00edas es la crueldad cotidiana y muy real de una dictadura. Una unidad de agentes del Servicio Bolivariano de Inteligencia (Sebin) detuvo por la fuerza el pasado lunes a Melqu\u00edades Pulido Garc\u00eda, coordinador de Gesti\u00f3n P\u00fablica de Vente &hellip;<\/p>\n","protected":false},"author":1,"featured_media":54176,"comment_status":"open","ping_status":"open","sticky":false,"template":"","format":"standard","meta":{"fifu_image_url":"https:\/\/albertonews.com\/wp-content\/uploads\/2025\/12\/17659049699721.webp","fifu_image_alt":"","footnotes":""},"categories":[13],"tags":[],"class_list":["post-54175","post","type-post","status-publish","format-standard","has-post-thumbnail","","category-mundo"],"_links":{"self":[{"href":"https:\/\/noticiasveraces.com\/index.php?rest_route=\/wp\/v2\/posts\/54175","targetHints":{"allow":["GET"]}}],"collection":[{"href":"https:\/\/noticiasveraces.com\/index.php?rest_route=\/wp\/v2\/posts"}],"about":[{"href":"https:\/\/noticiasveraces.com\/index.php?rest_route=\/wp\/v2\/types\/post"}],"author":[{"embeddable":true,"href":"https:\/\/noticiasveraces.com\/index.php?rest_route=\/wp\/v2\/users\/1"}],"replies":[{"embeddable":true,"href":"https:\/\/noticiasveraces.com\/index.php?rest_route=%2Fwp%2Fv2%2Fcomments&post=54175"}],"version-history":[{"count":0,"href":"https:\/\/noticiasveraces.com\/index.php?rest_route=\/wp\/v2\/posts\/54175\/revisions"}],"wp:featuredmedia":[{"embeddable":true,"href":"https:\/\/noticiasveraces.com\/index.php?rest_route=\/wp\/v2\/media\/54176"}],"wp:attachment":[{"href":"https:\/\/noticiasveraces.com\/index.php?rest_route=%2Fwp%2Fv2%2Fmedia&parent=54175"}],"wp:term":[{"taxonomy":"category","embeddable":true,"href":"https:\/\/noticiasveraces.com\/index.php?rest_route=%2Fwp%2Fv2%2Fcategories&post=54175"},{"taxonomy":"post_tag","embeddable":true,"href":"https:\/\/noticiasveraces.com\/index.php?rest_route=%2Fwp%2Fv2%2Ftags&post=54175"}],"curies":[{"name":"wp","href":"https:\/\/api.w.org\/{rel}","templated":true}]}}