{"id":54052,"date":"2025-12-16T00:44:24","date_gmt":"2025-12-16T04:44:24","guid":{"rendered":"https:\/\/noticiasveraces.com\/?p=54052"},"modified":"2025-12-16T00:44:24","modified_gmt":"2025-12-16T04:44:24","slug":"el-inac-restringio-los-vuelos-civiles-en-venezuela-hasta-marzo-de-2026","status":"publish","type":"post","link":"https:\/\/noticiasveraces.com\/?p=54052","title":{"rendered":"\u00bfEl INAC restringi\u00f3 los vuelos civiles en Venezuela hasta marzo de 2026?"},"content":{"rendered":"<p> \n<\/p>\n<div>\n<p><strong>Es falso<\/strong>. En Facebook est\u00e1 circulando una informaci\u00f3n donde se asegura que el Instituto Nacional de Aeron\u00e1utica Civil (INAC)<strong> restringi\u00f3 los vuelos civiles en Venezuela hasta marzo de 2026. <\/strong>Sin embargo, el organismo desminti\u00f3 la medida. <\/p>\n<p>El contenido falso, que se viraliz\u00f3 desde inicios de diciembre, asegura que<strong> la supuesta medida tiene vigencia desde el 30 de noviembre hasta el 1\u00b0 de marzo de 2026.<\/strong><\/p>\n<p>En una b\u00fasqueda en las plataformas del INAC<strong> no se hall\u00f3 ning\u00fan comunicado y tampoco se consigui\u00f3 informaci\u00f3n en el buscador de Google.<\/strong> Por el contrario, el propio organismo aeron\u00e1utico inform\u00f3 en sus redes sociales que dicha informaci\u00f3n era falsa.<\/p>\n<p><strong>\u201cINAC contin\u00faa trabajando en el cumplimiento de las normativas internacionales<\/strong> y en la supervisi\u00f3n de las operaciones a\u00e9reas, garantizando la seguridad y la normalidad en el sector\u201d, escribi\u00f3 el organismo en una publicaci\u00f3n en su cuenta de Instagram el 2 de diciembre. <\/p>\n<figure class=\"wp-block-image size-large\"><img fetchpriority=\"high\" decoding=\"async\" width=\"1200\" height=\"900\" src=\"https:\/\/eldiario.com\/wp-content\/uploads\/2025\/12\/ED-CHEQUEALO-FALSO-1-1-1200x900.jpg\" alt=\"\u00bfEl INAC restringi\u00f3 los vuelos civiles en Venezuela hasta marzo de 2026?\" class=\"wp-image-833538\" srcset=\"https:\/\/eldiario.com\/wp-content\/uploads\/2025\/12\/ED-CHEQUEALO-FALSO-1-1-1200x900.jpg 1200w, https:\/\/eldiario.com\/wp-content\/uploads\/2025\/12\/ED-CHEQUEALO-FALSO-1-1-300x225.jpg 300w, https:\/\/eldiario.com\/wp-content\/uploads\/2025\/12\/ED-CHEQUEALO-FALSO-1-1-768x576.jpg 768w, https:\/\/eldiario.com\/wp-content\/uploads\/2025\/12\/ED-CHEQUEALO-FALSO-1-1-1536x1152.jpg 1536w, https:\/\/eldiario.com\/wp-content\/uploads\/2025\/12\/ED-CHEQUEALO-FALSO-1-1-860x645.jpg 860w, https:\/\/eldiario.com\/wp-content\/uploads\/2025\/12\/ED-CHEQUEALO-FALSO-1-1-150x113.jpg 150w, https:\/\/eldiario.com\/wp-content\/uploads\/2025\/12\/ED-CHEQUEALO-FALSO-1-1.jpg 1600w\" sizes=\"(max-width: 1200px) 100vw, 1200px\"\/><\/figure>\n<h2 class=\"wp-block-heading\" id=\"h-la-situacion-de-los-vuelos-internacionales-en-venezuela\"><strong>La situaci\u00f3n de los vuelos internacionales en Venezuela<\/strong><\/h2>\n<p>En Venezuela se desencaden\u00f3 una crisis de vuelos internacionales, luego de que todas las aerol\u00edneas internacionales suspendieron sus servicios desde y hacia el pa\u00eds<strong>tras el aviso emitido el 21 de noviembre por la Administraci\u00f3n Federal de Aviaci\u00f3n (FAA, por sus siglas en ingl\u00e9s) de EE UU, e<\/strong>n el que inst\u00f3 a \u201cextremar la precauci\u00f3n\u201d al sobrevolar este pa\u00eds y el sur del Caribe ante lo que considera \u201cuna situaci\u00f3n potencialmente peligrosa\u201d en la zona.<\/p>\n<p>La<strong> advertencia de la FAA<\/strong> se produjo en medio del despliegue militar ordenado por Estados Unidos en aguas del mar Caribe que est\u00e1n pr\u00f3ximas a Venezuela y que Donald Trump asegura es para combatir el narcotr\u00e1fico. Sin embargo, el presidente Nicol\u00e1s Maduro considera que se trata de un intento para sacarlo del poder.<\/p>\n<figure class=\"wp-block-image size-large\"><img loading=\"lazy\" decoding=\"async\" width=\"1200\" height=\"800\" src=\"https:\/\/eldiario.com\/wp-content\/uploads\/2025\/12\/f2f2cc1c6741d8e85889ace8bf741fc7d6f0c2cd-1200x800.jpg\" alt=\"Venezuela ha perdido el 60 % de sus vuelos internacionales tras advertencias de seguridad\" class=\"wp-image-831462\" srcset=\"https:\/\/eldiario.com\/wp-content\/uploads\/2025\/12\/f2f2cc1c6741d8e85889ace8bf741fc7d6f0c2cd-1200x800.jpg 1200w, https:\/\/eldiario.com\/wp-content\/uploads\/2025\/12\/f2f2cc1c6741d8e85889ace8bf741fc7d6f0c2cd-300x200.jpg 300w, https:\/\/eldiario.com\/wp-content\/uploads\/2025\/12\/f2f2cc1c6741d8e85889ace8bf741fc7d6f0c2cd-768x512.jpg 768w, https:\/\/eldiario.com\/wp-content\/uploads\/2025\/12\/f2f2cc1c6741d8e85889ace8bf741fc7d6f0c2cd-1536x1024.jpg 1536w, https:\/\/eldiario.com\/wp-content\/uploads\/2025\/12\/f2f2cc1c6741d8e85889ace8bf741fc7d6f0c2cd-330x220.jpg 330w, https:\/\/eldiario.com\/wp-content\/uploads\/2025\/12\/f2f2cc1c6741d8e85889ace8bf741fc7d6f0c2cd-420x280.jpg 420w, https:\/\/eldiario.com\/wp-content\/uploads\/2025\/12\/f2f2cc1c6741d8e85889ace8bf741fc7d6f0c2cd-615x410.jpg 615w, https:\/\/eldiario.com\/wp-content\/uploads\/2025\/12\/f2f2cc1c6741d8e85889ace8bf741fc7d6f0c2cd-860x574.jpg 860w, https:\/\/eldiario.com\/wp-content\/uploads\/2025\/12\/f2f2cc1c6741d8e85889ace8bf741fc7d6f0c2cd-150x100.jpg 150w, https:\/\/eldiario.com\/wp-content\/uploads\/2025\/12\/f2f2cc1c6741d8e85889ace8bf741fc7d6f0c2cd.jpg 1600w\" sizes=\"auto, (max-width: 1200px) 100vw, 1200px\"\/><figcaption class=\"wp-element-caption\">Fotograf\u00eda del 3 de diciembre de 2025 que muestra varios aviones en el Aeropuerto Internacional Sim\u00f3n Bol\u00edvar de Maiquet\u00eda | Foto: EFE\/ Miguel Guti\u00e9rrez<\/figcaption><\/figure>\n<p>Las aerol\u00edneas que suspendieron sus vuelos desde y hacia Venezuela fueron: <\/p>\n<p>-Copa Aerol\u00edneas<\/p>\n<p>-Iberia<\/p>\n<p><strong>-Boliviana de Aviaci\u00f3n<\/strong><\/p>\n<p>-Wingo<\/p>\n<p>&#8211; Sat\u00e9n<\/p>\n<p>-Avianca<\/p>\n<p><strong>-Aerol\u00edneas turcas<\/strong><\/p>\n<p>-LATAM Colombia<\/p>\n<p><strong>-Aerol\u00edneas del Caribe<\/strong><\/p>\n<p>-Aire Europa<\/p>\n<p>-M\u00e1s Ultra<\/p>\n<p>Para el 5 de diciembre, la Asociaci\u00f3n de L\u00edneas A\u00e9reas en Venezuela (ALAV) advirti\u00f3 que Venezuela hab\u00eda perdido dos tercios de sus frecuencias a\u00e9reas en dos semanas, tras la advertencia de EE UU. <\/p>\n<figure class=\"wp-block-image size-large\"><img loading=\"lazy\" decoding=\"async\" width=\"1200\" height=\"800\" src=\"https:\/\/eldiario.com\/wp-content\/uploads\/2025\/12\/A-1200x800.jpg\" alt=\"AirEuropa habilit\u00f3 el cambio de fecha para pasajeros con vuelos desde y hacia Venezuela del 13 al 18 de diciembre\" class=\"wp-image-831042\" srcset=\"https:\/\/eldiario.com\/wp-content\/uploads\/2025\/12\/A-1200x800.jpg 1200w, https:\/\/eldiario.com\/wp-content\/uploads\/2025\/12\/A-300x200.jpg 300w, https:\/\/eldiario.com\/wp-content\/uploads\/2025\/12\/A-768x512.jpg 768w, https:\/\/eldiario.com\/wp-content\/uploads\/2025\/12\/A-1536x1024.jpg 1536w, https:\/\/eldiario.com\/wp-content\/uploads\/2025\/12\/A-330x220.jpg 330w, https:\/\/eldiario.com\/wp-content\/uploads\/2025\/12\/A-420x280.jpg 420w, https:\/\/eldiario.com\/wp-content\/uploads\/2025\/12\/A-615x410.jpg 615w, https:\/\/eldiario.com\/wp-content\/uploads\/2025\/12\/A-860x574.jpg 860w, https:\/\/eldiario.com\/wp-content\/uploads\/2025\/12\/A-150x100.jpg 150w, https:\/\/eldiario.com\/wp-content\/uploads\/2025\/12\/A.jpg 1600w\" sizes=\"auto, (max-width: 1200px) 100vw, 1200px\"\/><figcaption class=\"wp-element-caption\">AirEuropa | Foto: EFE<\/figcaption><\/figure>\n<p>Indic\u00f3 que a principios de noviembre <strong>Venezuela ten\u00eda 105 vuelos internacionales a 16 destinos semanales, operados por 12 aerol\u00edneas extranjeras.<\/strong><\/p>\n<p>Actualmente, <strong>los \u00fanicos vuelos disponibles al exterior son de aerol\u00edneas venezolanas, como Copa,Turpial y Rutaca.<\/strong><\/p>\n<p><!-- CONTENT END 1 -->\n<\/div>\n<p><script async src=\"\/\/www.instagram.com\/embed.js\"><\/script><br \/>\n<br \/>\n","protected":false},"excerpt":{"rendered":"<p>Es falso. En Facebook est\u00e1 circulando una informaci\u00f3n donde se asegura que el Instituto Nacional de Aeron\u00e1utica Civil (INAC) restringi\u00f3 los vuelos civiles en Venezuela hasta marzo de 2026. Sin embargo, el organismo desminti\u00f3 la medida. El contenido falso, que se viraliz\u00f3 desde inicios de diciembre, asegura que la supuesta medida tiene vigencia desde el &hellip;<\/p>\n","protected":false},"author":1,"featured_media":54054,"comment_status":"open","ping_status":"open","sticky":false,"template":"","format":"standard","meta":{"fifu_image_url":"https:\/\/eldiario.com\/wp-content\/uploads\/2025\/12\/ED-CHEQUEALO-FALSO-1.jpg","fifu_image_alt":"","footnotes":""},"categories":[13],"tags":[],"class_list":["post-54052","post","type-post","status-publish","format-standard","has-post-thumbnail","","category-mundo"],"_links":{"self":[{"href":"https:\/\/noticiasveraces.com\/index.php?rest_route=\/wp\/v2\/posts\/54052","targetHints":{"allow":["GET"]}}],"collection":[{"href":"https:\/\/noticiasveraces.com\/index.php?rest_route=\/wp\/v2\/posts"}],"about":[{"href":"https:\/\/noticiasveraces.com\/index.php?rest_route=\/wp\/v2\/types\/post"}],"author":[{"embeddable":true,"href":"https:\/\/noticiasveraces.com\/index.php?rest_route=\/wp\/v2\/users\/1"}],"replies":[{"embeddable":true,"href":"https:\/\/noticiasveraces.com\/index.php?rest_route=%2Fwp%2Fv2%2Fcomments&post=54052"}],"version-history":[{"count":0,"href":"https:\/\/noticiasveraces.com\/index.php?rest_route=\/wp\/v2\/posts\/54052\/revisions"}],"wp:featuredmedia":[{"embeddable":true,"href":"https:\/\/noticiasveraces.com\/index.php?rest_route=\/wp\/v2\/media\/54054"}],"wp:attachment":[{"href":"https:\/\/noticiasveraces.com\/index.php?rest_route=%2Fwp%2Fv2%2Fmedia&parent=54052"}],"wp:term":[{"taxonomy":"category","embeddable":true,"href":"https:\/\/noticiasveraces.com\/index.php?rest_route=%2Fwp%2Fv2%2Fcategories&post=54052"},{"taxonomy":"post_tag","embeddable":true,"href":"https:\/\/noticiasveraces.com\/index.php?rest_route=%2Fwp%2Fv2%2Ftags&post=54052"}],"curies":[{"name":"wp","href":"https:\/\/api.w.org\/{rel}","templated":true}]}}