{"id":54050,"date":"2025-12-15T23:05:07","date_gmt":"2025-12-16T03:05:07","guid":{"rendered":"https:\/\/noticiasveraces.com\/?p=54050"},"modified":"2025-12-15T23:05:07","modified_gmt":"2025-12-16T03:05:07","slug":"hijo-de-juan-pablo-guanipa-exige-atencion-medica-urgente-para-su-padre","status":"publish","type":"post","link":"https:\/\/noticiasveraces.com\/?p=54050","title":{"rendered":"Hijo de Juan Pablo Guanipa exige atenci\u00f3n m\u00e9dica urgente para su padre"},"content":{"rendered":"<p> \n<\/p>\n<div>\n<article>\n<div class=\"image-featured\">\n<img src=\"data:image\/png;base64,iVBORw0KGgoAAAANSUhEUgAABQAAAANNAQAAAADgie7SAAAAAnRSTlMAAHaTzTgAAACbSURBVHja7cExAQAAAMKg9U9tCU+gAAAAAAAAAAAAAAAAAAAAAAAAAAAAAAAAAAAAAAAAAAAAAAAAAAAAAAAAAAAAAAAAAAAAAAAAAAAAAAAAAAAAAAAAAAAAAAAAAAAAAAAAAAAAAAAAAAAAAAAAAAAAAAAAAAAAAAAAAAAAAAAAAAAAAAAAAAAAAAAAAAAAAAAAAAAAAACAqwETiwABGRZ+xQAAAABJRU5ErkJggg==\" alt=\"Juan Pablo y Ram\u00f3n Guanipa\" data-src=\"https:\/\/elnacional-uploads.nyc3.digitaloceanspaces.com\/wp-content\/uploads\/2025\/06\/24104355\/Picsart_25-06-12_16-05-19-337-1280x845.jpg\" decoding=\"async\" class=\"lazyload\" data-eio-rwidth=\"1280\" data-eio-rheight=\"845\"\/><img decoding=\"async\" src=\"https:\/\/elnacional-uploads.nyc3.digitaloceanspaces.com\/wp-content\/uploads\/2025\/06\/24104355\/Picsart_25-06-12_16-05-19-337-1280x845.jpg\" alt=\"Juan Pablo y Ram\u00f3n Guanipa\" data-eio=\"l\"\/><figcaption>Ram\u00f3n Guanipa exigi\u00f3 que se autoricen las visitas familiares, se garantice una \u201catenci\u00f3n inmediata\u201d y se cumplan los est\u00e1ndares internacionales  | Foto: Instagram de Ram\u00f3n Guanipa<\/figcaption><\/div>\n<p>Ram\u00f3n Guanipa, hijo del dirigente pol\u00edtico opositor Juan Pablo Guanipa denunci\u00f3 este lunes la falta de atenci\u00f3n m\u00e9dica a su padre y exigi\u00f3 que las autoridades permitan su evaluaci\u00f3n inmediata mientras permanece detenido.<\/p>\n<p>A trav\u00e9s de la red social X de Juan Pablo Guanipa, su hijo advirti\u00f3 que la familia no tiene informaci\u00f3n sobre su estado actual.<\/p>\n<p>\u201cSu condici\u00f3n actual de salud es completamente desconocida para nuestra familia\u201d, escribi\u00f3.<\/p>\n<p>A su vez, exigi\u00f3 que se autoricen las visitas familiares, se garantice una \u201catenci\u00f3n inmediata\u201d y se cumplan los \u201cest\u00e1ndares internacionales y le sean respetados sus derechos fundamentales\u201d.<\/p>\n<figure class=\"wp-block-embed is-type-rich is-provider-twitter wp-block-embed-twitter\">\n<div class=\"wp-block-embed__wrapper\">\n<blockquote class=\"twitter-tweet\" data-width=\"500\" data-dnt=\"true\">\n<p lang=\"es\" dir=\"ltr\">Mi pap\u00e1 necesita atenci\u00f3n m\u00e9dica urgente, padece de hipertensi\u00f3n y resistencia a la insulina, motivo por el cual recurr\u00eda a chequeos constantes. <\/p>\n<p>Su condici\u00f3n actual de salud es completamente desconocida para nuestra familia.<\/p>\n<p>Exigimos visitas y atenci\u00f3n inmediata, que se sigan\u2026 <a href=\"https:\/\/t.co\/zJRZmGac1o\">pic.twitter.com\/zJRZmGac1o<\/a><\/p>\n<p>\u2014 Juan Pablo Guanipa (@JuanPGuanipa) <a href=\"https:\/\/twitter.com\/JuanPGuanipa\/status\/2000672891222863942?ref_src=twsrc%5Etfw\">15 de diciembre de 2025<\/a><\/p><\/blockquote><\/div>\n<\/figure>\n<p>Guanipa, dirigente del partido Primero Justicia y aliado cercano de la l\u00edder opositora y Premio Nobel de la Paz 2025, Mar\u00eda Corina Machado, fue detenido el pasado 23 de mayo durante un operativo policial, luego de permanecer en la clandestinidad. El gobierno asegur\u00f3 que la acci\u00f3n buscaba desarticular un presunto plan para \u201cboicotear\u201d las elecciones regionales y legislativas mediante supuestos \u201cactos terroristas\u201d.<\/p>\n<p>Seg\u00fan las autoridades, m\u00e1s de 70 personas fueron detenidas en ese procedimiento, incluidos ciudadanos extranjeros. No obstante, organizaciones de derechos humanos y sectores de la oposici\u00f3n califican a Guanipa como un preso pol\u00edtico.<\/p>\n<p>La \u00faltima aparici\u00f3n p\u00fablica del dirigente ocurri\u00f3 el 9 de enero de este a\u00f1o, cuando acompa\u00f1\u00f3 a Machado en una protesta en Caracas, un d\u00eda antes de la juramentaci\u00f3n de Nicol\u00e1s Maduro para su tercer mandato consecutivo. La movilizaci\u00f3n respald\u00f3 el reclamo opositor sobre la victoria de Edmundo Gonz\u00e1lez Urrutia en las elecciones presidenciales de julio de 2024.<\/p>\n<\/article>\n<\/div>\n<p><script async src=\"https:\/\/platform.twitter.com\/widgets.js\" charset=\"utf-8\"><\/script><br \/>\n<br \/>\n","protected":false},"excerpt":{"rendered":"<p>Ram\u00f3n Guanipa exigi\u00f3 que se autoricen las visitas familiares, se garantice una \u201catenci\u00f3n inmediata\u201d y se cumplan los est\u00e1ndares internacionales | Foto: Instagram de Ram\u00f3n Guanipa Ram\u00f3n Guanipa, hijo del dirigente pol\u00edtico opositor Juan Pablo Guanipa denunci\u00f3 este lunes la falta de atenci\u00f3n m\u00e9dica a su padre y exigi\u00f3 que las autoridades permitan su evaluaci\u00f3n &hellip;<\/p>\n","protected":false},"author":1,"featured_media":54051,"comment_status":"open","ping_status":"open","sticky":false,"template":"","format":"standard","meta":{"fifu_image_url":"https:\/\/elnacional-uploads.nyc3.digitaloceanspaces.com\/wp-content\/uploads\/2025\/06\/24104355\/Picsart_25-06-12_16-05-19-337.jpg","fifu_image_alt":"","footnotes":""},"categories":[13],"tags":[],"class_list":["post-54050","post","type-post","status-publish","format-standard","has-post-thumbnail","","category-mundo"],"_links":{"self":[{"href":"https:\/\/noticiasveraces.com\/index.php?rest_route=\/wp\/v2\/posts\/54050","targetHints":{"allow":["GET"]}}],"collection":[{"href":"https:\/\/noticiasveraces.com\/index.php?rest_route=\/wp\/v2\/posts"}],"about":[{"href":"https:\/\/noticiasveraces.com\/index.php?rest_route=\/wp\/v2\/types\/post"}],"author":[{"embeddable":true,"href":"https:\/\/noticiasveraces.com\/index.php?rest_route=\/wp\/v2\/users\/1"}],"replies":[{"embeddable":true,"href":"https:\/\/noticiasveraces.com\/index.php?rest_route=%2Fwp%2Fv2%2Fcomments&post=54050"}],"version-history":[{"count":0,"href":"https:\/\/noticiasveraces.com\/index.php?rest_route=\/wp\/v2\/posts\/54050\/revisions"}],"wp:featuredmedia":[{"embeddable":true,"href":"https:\/\/noticiasveraces.com\/index.php?rest_route=\/wp\/v2\/media\/54051"}],"wp:attachment":[{"href":"https:\/\/noticiasveraces.com\/index.php?rest_route=%2Fwp%2Fv2%2Fmedia&parent=54050"}],"wp:term":[{"taxonomy":"category","embeddable":true,"href":"https:\/\/noticiasveraces.com\/index.php?rest_route=%2Fwp%2Fv2%2Fcategories&post=54050"},{"taxonomy":"post_tag","embeddable":true,"href":"https:\/\/noticiasveraces.com\/index.php?rest_route=%2Fwp%2Fv2%2Ftags&post=54050"}],"curies":[{"name":"wp","href":"https:\/\/api.w.org\/{rel}","templated":true}]}}