{"id":54041,"date":"2025-12-15T22:55:05","date_gmt":"2025-12-16T02:55:05","guid":{"rendered":"https:\/\/noticiasveraces.com\/?p=54041"},"modified":"2025-12-15T22:55:05","modified_gmt":"2025-12-16T02:55:05","slug":"chapecoense-lanza-camiseta-para-agradecer-solidaridad-de-atletico-nacional-en-tragedia-2016-curiosidades-de-futbol","status":"publish","type":"post","link":"https:\/\/noticiasveraces.com\/?p=54041","title":{"rendered":"Chapecoense lanza camiseta para agradecer solidaridad de Atl\u00e9tico Nacional en tragedia 2016 | Curiosidades de f\u00fatbol"},"content":{"rendered":"<p> \n<br \/><img decoding=\"async\" src=\"https:\/\/www.futbolred.com\/files\/article_graphic\/uploads\/2018\/02\/09\/5a7e068ce6e7a.jpeg\" \/><\/p>\n<div id=\"cuerpoArticulo\">\n<p class=\"texto intro cnx-companion-firstparagraph\" id=\"p259991-m815-814-816\">Chapecoense de Brasil prepara el 2026 como un a\u00f1o muy especial, pues conmemorar\u00e1 diez a\u00f1os de la tragedia que vivi\u00f3 en Medell\u00edn el 28 de noviembre de 2016, en un fatal accidente a\u00e9reo que dej\u00f3 como saldo el fallecimiento de 68 pasajeros (77 con la tripulaci\u00f3n) y la supervivencia de 6 personas.<\/p>\n<p>El plantel del equipo brasile\u00f1o se preparaba para jugar la final de la Copa Sudamericana, pero un terrible accidente llen\u00f3 de luto al f\u00fatbol suramericano.<\/p>\n<p>De inmediato, Atl\u00e9tico Nacional, su rival en aquella final que nunca se disput\u00f3, mostr\u00f3 toda su solidaridad con el club y los familiares de las v\u00edctimas: el estadio Atanasio Girardot y la afici\u00f3n paisa se vistieron de blanco y realizaron un homenaje que jam\u00e1s se olvidar\u00e1.<\/p>\n<p class=\"texto contenido-parrafo-articulo cnx-companion-paragraph\" id=\"p259991-m827-1-828\">As\u00ed, Chapecoense se prepara para agradecer tanto cari\u00f1o de Atl\u00e9tico Nacional, y vestir\u00e1 una camiseta en homenaje al equipo colombiano, por el que guarda profundo respeto y gratitud.<\/p>\n<p class=\"texto contenido-parrafo-articulo cnx-companion-paragraph\" id=\"p259991-m871-4-872\">\u201cEn nuestros momentos m\u00e1s dif\u00edciles, el verde de nuestros colores nos uni\u00f3. Diez a\u00f1os despu\u00e9s, en un acto de recuerdo y respeto, la camiseta oficial de la temporada 2026 ser\u00e1 un s\u00edmbolo de historia y gratitud. Un homenaje a la grandeza de un club que, desde el otro lado del continente, encendi\u00f3 la luz\u201d, inform\u00f3 Chapecoense en la presentaci\u00f3n oficial de su camiseta.<\/p>\n<p>La prenda tendr\u00e1 los colores verde y blanco y tendr\u00e1 franjas verticales, muy similares a los dise\u00f1os de las camisetas de Nacional.<\/p>\n<p>Sin duda, un gesto especial, que ya es tendencia mundial.<\/p>\n<div id=\"p259991-m877-5-878\" class=\"\">\n<blockquote class=\"twitter-tweet\">\n<p lang=\"pt\" dir=\"ltr\">En nuestros d\u00edas m\u00e1s dif\u00edciles, el verde de nuestros colores nos uni\u00f3. Diez a\u00f1os despu\u00e9s, en un acto de memoria y respeto, la camiseta OF.1 de la temporada \ud835\udfd0\ud835\udfce\ud835\udfd0\ud835\udfd4 ser\u00e1 un s\u00edmbolo de historia y agradecimiento.<\/p>\n<p>Un homenaje a la grandeza de un club que, desde el otro extremo del continente, encendi\u00f3 la luz\u2026 <a href=\"https:\/\/t.co\/vHnvEihNvr\">pic.twitter.com\/vHnvEihNvr<\/a><\/p>\n<p>\u2014Chapecoense (@ChapecoenseReal) <a href=\"https:\/\/twitter.com\/ChapecoenseReal\/status\/2000673274091405634?ref_src=twsrc%5Etfw\">15 de diciembre de 2025<\/a><\/p><\/blockquote>\n<blockquote class=\"twitter-tweet\">\n<p lang=\"pt\" dir=\"ltr\">Cuando la memoria se convierte en identidad. Historia que desgasta.<\/p>\n<p>\ud83d\udcf8Roberto Oliveira <a href=\"https:\/\/twitter.com\/hashtag\/VamosChape?src=hash&amp;ref_src=twsrc%5Etfw\">#VamosChape<\/a> <a href=\"https:\/\/twitter.com\/hashtag\/N%C3%B3sSomosAChape?src=hash&amp;ref_src=twsrc%5Etfw\">#SomosChape<\/a> <a href=\"https:\/\/t.co\/fFmfYgkY20\">pic.twitter.com\/fFmfYgkY20<\/a><\/p>\n<p>\u2014Chapecoense (@ChapecoenseReal) <a href=\"https:\/\/twitter.com\/ChapecoenseReal\/status\/2000679084133638362?ref_src=twsrc%5Etfw\">15 de diciembre de 2025<\/a><\/p><\/blockquote><\/div>\n<\/div>\n<p><script async src=\"https:\/\/platform.twitter.com\/widgets.js\" charset=\"utf-8\"><\/script><br \/>\n<br \/>\n","protected":false},"excerpt":{"rendered":"<p>Chapecoense de Brasil prepara el 2026 como un a\u00f1o muy especial, pues conmemorar\u00e1 diez a\u00f1os de la tragedia que vivi\u00f3 en Medell\u00edn el 28 de noviembre de 2016, en un fatal accidente a\u00e9reo que dej\u00f3 como saldo el fallecimiento de 68 pasajeros (77 con la tripulaci\u00f3n) y la supervivencia de 6 personas. El plantel del &hellip;<\/p>\n","protected":false},"author":1,"featured_media":54043,"comment_status":"open","ping_status":"open","sticky":false,"template":"","format":"standard","meta":{"fifu_image_url":"https:\/\/www.futbolred.com\/files\/og_thumbnail\/uploads\/2018\/02\/09\/5a7e068ce6e7a.jpeg","fifu_image_alt":"","footnotes":""},"categories":[6],"tags":[],"class_list":["post-54041","post","type-post","status-publish","format-standard","has-post-thumbnail","","category-deportes"],"_links":{"self":[{"href":"https:\/\/noticiasveraces.com\/index.php?rest_route=\/wp\/v2\/posts\/54041","targetHints":{"allow":["GET"]}}],"collection":[{"href":"https:\/\/noticiasveraces.com\/index.php?rest_route=\/wp\/v2\/posts"}],"about":[{"href":"https:\/\/noticiasveraces.com\/index.php?rest_route=\/wp\/v2\/types\/post"}],"author":[{"embeddable":true,"href":"https:\/\/noticiasveraces.com\/index.php?rest_route=\/wp\/v2\/users\/1"}],"replies":[{"embeddable":true,"href":"https:\/\/noticiasveraces.com\/index.php?rest_route=%2Fwp%2Fv2%2Fcomments&post=54041"}],"version-history":[{"count":0,"href":"https:\/\/noticiasveraces.com\/index.php?rest_route=\/wp\/v2\/posts\/54041\/revisions"}],"wp:featuredmedia":[{"embeddable":true,"href":"https:\/\/noticiasveraces.com\/index.php?rest_route=\/wp\/v2\/media\/54043"}],"wp:attachment":[{"href":"https:\/\/noticiasveraces.com\/index.php?rest_route=%2Fwp%2Fv2%2Fmedia&parent=54041"}],"wp:term":[{"taxonomy":"category","embeddable":true,"href":"https:\/\/noticiasveraces.com\/index.php?rest_route=%2Fwp%2Fv2%2Fcategories&post=54041"},{"taxonomy":"post_tag","embeddable":true,"href":"https:\/\/noticiasveraces.com\/index.php?rest_route=%2Fwp%2Fv2%2Ftags&post=54041"}],"curies":[{"name":"wp","href":"https:\/\/api.w.org\/{rel}","templated":true}]}}