{"id":54013,"date":"2025-12-15T16:54:11","date_gmt":"2025-12-15T20:54:11","guid":{"rendered":"https:\/\/noticiasveraces.com\/?p=54013"},"modified":"2025-12-15T16:54:11","modified_gmt":"2025-12-15T20:54:11","slug":"giro-radical-en-el-futuro-de-santi-gimenez","status":"publish","type":"post","link":"https:\/\/noticiasveraces.com\/?p=54013","title":{"rendered":"Giro radical en el futuro de Santi Gim\u00e9nez"},"content":{"rendered":"<p> \n<\/p>\n<div>\n<p data-mrf-recirculation=\"Links P\u00e1rrafos\" class=\"ue-c-article__paragraph paragraph xai-icon-container ue-c-article--first-letter-highlighted\">La continuidad de <strong>Santi Gim\u00e9nez<\/strong> en el <strong>Mil\u00e1n <\/strong>parec\u00eda tener fecha de caducidad s\u00f3lo un a\u00f1o despu\u00e9s de haber aterrizado en <strong>San Siro<\/strong> desde el <strong>Feyenoord <\/strong>a cambio de 30 millones de euros. Sin embargo, su futuro m\u00e1s inmediato podr\u00eda sufrir un giro radical.<\/p>\n<p data-mrf-recirculation=\"Links P\u00e1rrafos\" class=\"ue-c-article__paragraph paragraph\">El ariete mexicano no ha vuelto a enfundarse la &#8216;maglia&#8217; del <strong>Mil\u00e1n <\/strong>desde que saliese lesionado en la segunda parte del duelo contra Atalanta all\u00e1 por finales de octubre v\u00edctima de una lesi\u00f3n de tobillo. Hasta ahora, se hab\u00eda optado por llevar a cabo un tratamiento conservador. Sin embargo, la &#8216;Gazzetta dello Sport&#8217; ha informado que <strong>Santi Gim\u00e9nez<\/strong> habr\u00eda viajado a Pa\u00edses Bajos para valorar la opci\u00f3n de pasar por quir\u00f3fano.<\/p>\n<p data-mrf-recirculation=\"Links P\u00e1rrafos\" class=\"ue-c-article__paragraph paragraph\">\u00abLlevo varios meses jugando con una lesi\u00f3n de tobillo que no me ha permitido estar al 100% ni sentirme c\u00f3modo en el campo. Con muchas ganas de seguir ayudando al equipo, segu\u00ed jugando, pero el dolor empeor\u00f3 y ha llegado el momento de parar. Ahora necesito recuperarme y prepararme para volver lo antes posible\u00bb, confes\u00f3 semanas atr\u00e1s el propio <strong>Santi Gim\u00e9nez.<\/strong><\/p>\n<p data-mrf-recirculation=\"Links P\u00e1rrafos\" class=\"ue-c-article__paragraph paragraph\"><strong>allegri <\/strong>revel\u00f3 hace unos d\u00edas que ya se encontraba entrenando con el grupo y su vuelta a los terrenos de juego se antojaba inmediata. Sin embargo, su proceso de recuperaci\u00f3n habr\u00eda sufrido un inesperado rev\u00e9s. Ausente de la expedici\u00f3n que ha viajado a <strong>Riad <\/strong>para disputar la <strong>Supercopa<\/strong>la decisi\u00f3n se tomar\u00e1 en los pr\u00f3ximos d\u00edas con el objetivo de volver en las mejores condiciones posibles.<\/p>\n<p data-mrf-recirculation=\"Links P\u00e1rrafos\" class=\"ue-c-article__paragraph paragraph\">Tampoco es una decisi\u00f3n sencilla. Y es que, en caso de decidir operarse, cualquier salida del <strong>Mil\u00e1n <\/strong>en el mercado invernal quedar\u00eda totalmente descartada. Pero, ahora mismo, es imposible que <strong>Santi Gim\u00e9nez<\/strong> pase reconocimiento m\u00e9dico con cualquier equipo. El <strong>Mil\u00e1n<\/strong>mientras tanto, sigue trabajando para encontrar un &#8216;9&#8217; que acompa\u00f1e a ataque a <strong>pulisic <\/strong>oh <strong>Le\u00f3n<\/strong>.<\/p>\n<\/div>\n\n","protected":false},"excerpt":{"rendered":"<p>La continuidad de Santi Gim\u00e9nez en el Mil\u00e1n parec\u00eda tener fecha de caducidad s\u00f3lo un a\u00f1o despu\u00e9s de haber aterrizado en San Siro desde el Feyenoord a cambio de 30 millones de euros. Sin embargo, su futuro m\u00e1s inmediato podr\u00eda sufrir un giro radical. El ariete mexicano no ha vuelto a enfundarse la &#8216;maglia&#8217; del &hellip;<\/p>\n","protected":false},"author":1,"featured_media":54014,"comment_status":"open","ping_status":"open","sticky":false,"template":"","format":"standard","meta":{"fifu_image_url":"https:\/\/objetos-xlk.estaticos-marca.com\/files\/article_main_microformat\/\/uploads\/2025\/12\/15\/694064894d6e8.jpeg","fifu_image_alt":"","footnotes":""},"categories":[6],"tags":[],"class_list":["post-54013","post","type-post","status-publish","format-standard","has-post-thumbnail","","category-deportes"],"_links":{"self":[{"href":"https:\/\/noticiasveraces.com\/index.php?rest_route=\/wp\/v2\/posts\/54013","targetHints":{"allow":["GET"]}}],"collection":[{"href":"https:\/\/noticiasveraces.com\/index.php?rest_route=\/wp\/v2\/posts"}],"about":[{"href":"https:\/\/noticiasveraces.com\/index.php?rest_route=\/wp\/v2\/types\/post"}],"author":[{"embeddable":true,"href":"https:\/\/noticiasveraces.com\/index.php?rest_route=\/wp\/v2\/users\/1"}],"replies":[{"embeddable":true,"href":"https:\/\/noticiasveraces.com\/index.php?rest_route=%2Fwp%2Fv2%2Fcomments&post=54013"}],"version-history":[{"count":0,"href":"https:\/\/noticiasveraces.com\/index.php?rest_route=\/wp\/v2\/posts\/54013\/revisions"}],"wp:featuredmedia":[{"embeddable":true,"href":"https:\/\/noticiasveraces.com\/index.php?rest_route=\/wp\/v2\/media\/54014"}],"wp:attachment":[{"href":"https:\/\/noticiasveraces.com\/index.php?rest_route=%2Fwp%2Fv2%2Fmedia&parent=54013"}],"wp:term":[{"taxonomy":"category","embeddable":true,"href":"https:\/\/noticiasveraces.com\/index.php?rest_route=%2Fwp%2Fv2%2Fcategories&post=54013"},{"taxonomy":"post_tag","embeddable":true,"href":"https:\/\/noticiasveraces.com\/index.php?rest_route=%2Fwp%2Fv2%2Ftags&post=54013"}],"curies":[{"name":"wp","href":"https:\/\/api.w.org\/{rel}","templated":true}]}}