{"id":54005,"date":"2025-12-15T15:58:27","date_gmt":"2025-12-15T19:58:27","guid":{"rendered":"https:\/\/noticiasveraces.com\/?p=54005"},"modified":"2025-12-15T15:58:27","modified_gmt":"2025-12-15T19:58:27","slug":"lavrov-sobre-el-bloqueo-de-activos-los-europeos-llevan-el-robo-en-la-sangre","status":"publish","type":"post","link":"https:\/\/noticiasveraces.com\/?p=54005","title":{"rendered":"Lavrov sobre el bloqueo de activos: \u00abLos europeos llevan el robo en la sangre\u00bb"},"content":{"rendered":"<p> \n<\/p>\n<div>\n<p>El canciller ruso, Sergu\u00e9i Lavrov, denunci\u00f3 este lunes en una entrevista con la cadena iran\u00ed IRIB que la inmovilizaci\u00f3n de activos de terceros pa\u00edses, incluida Rusia, por parte de la Uni\u00f3n Europea (UE) demuestra que\u00a0\u00ablos europeos llevan el robo en la sangre\u00bb.  <\/p>\n<p>\u00abVemos que los europeos llevan el robo en la sangre, tal y como lo demuestra la congelaci\u00f3n de activos rusos [\u2026]. Los <strong>activos iran\u00edes<\/strong> tambi\u00e9n est\u00e1n parcialmente congelados, al igual que los activos de <strong>Venezuela<\/strong> y muchos otros pa\u00edses\u00bb, se\u00f1al\u00f3 Lavrov. \u00abTal ansia de robo es gen\u00e9ticamente inherente de muchos de nuestros &#8216;colegas&#8217; occidentales\u00bb, resalt\u00f3.<\/p>\n<div class=\"ReadMore-root Section-root Section-is1to3-xs_is1to1\" data-widgets=\"ReadMore\">\n<div class=\"Section-container Section-isRow-isTop-isWrap\">\n<article class=\"Card-root Card-is1to1 Card-default \">\n<div class=\"Card-imageWrap\">\n<div class=\"Card-picture\">\n<picture class=\"Picture-root Picture-default\"><!--[if IE 9]><video style=\"display: none;\"><![endif]--><source media=\"(-webkit-min-device-pixel-ratio: 2) and (min-resolution: 120dpi)\" data-srcset=\"&#10;                                            https:\/\/mfes.b37m.ru\/actualidad\/public_images\/2025.12\/thumbnail\/693ff9e359bf5b5e7f0d21ae.jpg 850w,&#10;                                    https:\/\/mfes.b37m.ru\/actualidad\/public_images\/2025.12\/article\/693ff9e359bf5b5e7f0d21ae.jpg 1960w,            \" srcset=\"&#10;                                    data:image\/png;base64,iVBORw0KGgoAAAANSUhEUgAAABAAAAAJCAQAAACRI2S5AAAAEElEQVR42mNkIAAYRxWAAQAG9gAKqv6+AwAAAABJRU5ErkJggg==&#10;                            \"><source data-srcset=\"&#10;                                            https:\/\/mfes.b37m.ru\/actualidad\/public_images\/2025.12\/thumbnail\/693ff9e359bf5b5e7f0d21ae.jpg 460,&#10;                                  https:\/\/mfes.b37m.ru\/actualidad\/public_images\/2025.12\/article\/693ff9e359bf5b5e7f0d21ae.jpg 980w,&#10;            \" srcset=\"&#10;                                    data:image\/png;base64,iVBORw0KGgoAAAANSUhEUgAAABAAAAAJCAQAAACRI2S5AAAAEElEQVR42mNkIAAYRxWAAQAG9gAKqv6+AwAAAABJRU5ErkJggg==&#10;                            \"><!--[if IE 9]><\/video><![endif]--><img decoding=\"async\" data-sizes=\"auto\" src=\"&#10;                                    data:image\/png;base64,iVBORw0KGgoAAAANSUhEUgAAABAAAAAJCAQAAACRI2S5AAAAEElEQVR42mNkIAAYRxWAAQAG9gAKqv6+AwAAAABJRU5ErkJggg==&#10;                            \" class=\"Picture-root Picture-default lazyload\" data-src=\"https:\/\/mfes.b37m.ru\/actualidad\/public_images\/2025.12\/thumbnail\/693ff9e359bf5b5e7f0d21ae.jpg\" alt=\"Euractiv: Cualquier decisi\u00f3n sobre los activos rusos dividir\u00e1 la &quot;fr\u00e1gil&quot; unidad de la UE\"\/><\/source><\/source><\/picture><!-- noscript pattern --><img decoding=\"async\" src=\"https:\/\/mfes.b37m.ru\/actualidad\/public_images\/2025.12\/article\/693ff9e359bf5b5e7f0d21ae.jpg\" alt=\"Euractiv: Cualquier decisi\u00f3n sobre los activos rusos dividir\u00e1 la &quot;fr\u00e1gil&quot; unidad de la UE\"\/>    <\/div>\n<\/p><\/div>\n<\/article><\/div>\n<\/p><\/div>\n<p>El canciller indic\u00f3 que dentro del bloque comunitario surgieron desacuerdos sobre si \u00abse puede robar el dinero ruso\u00bb y<strong> \u00abse escuchan voces sensatas\u00bb, que, sin embargo, intentan acallar\u00a0desde Bruselas<\/strong>. \u00abNo es de extra\u00f1ar que muchos medios de comunicaci\u00f3n, tanto rusos como extranjeros, llaman a la presidenta de la Comisi\u00f3n Europea, Ursula von der Leyen, &#8216;<strong>l\u00edder \u00darsula<\/strong>&#8216;\u00bb, manifest\u00f3.<\/p>\n<ul>\n<li>Desde febrero de 2022, pa\u00edses de Occidente (EE.UU., miembros de la UE y Reino Unido, entre otros)\u00a0mantienen congelados m\u00e1s de <strong>300.000 millones de d\u00f3lares<\/strong> en activos estatales rusos. Unos 242.800\u00a0millones de d\u00f3lares de esos activos se encuentran en el bloque comunitario, depositados\u00a0en su mayor parte <strong>en la financiera belga Euroclear<\/strong>.<\/li>\n<li>La UE sopesa otorgar un \u00abpr\u00e9stamo de reparaci\u00f3n\u00bb de\u00a0140.000 millones de euros\u00a0(162.000 millones de d\u00f3lares)\u00a0a Ucrania financiado con los fondos rusos. El viernes pasado, el bloque\u00a0decidi\u00f3\u00a0bloquear indefinidamente los activos de Mosc\u00fa<strong> <\/strong>que se encuentran congelados en Europa.<\/li>\n<li>Varios pa\u00edses del bloque se opusieron a la medida.\u00a0 As\u00ed, <strong>Italia, B\u00e9lgica, Bulgaria y Malta<\/strong> instaron\u00a0a la Comisi\u00f3n y al Consejo a <strong>\u00abseguir explorando y debatiendo opciones alternativas\u00bb<\/strong> al uso de esos activos, argumentando la necesidad de que exista un marco legal claro, par\u00e1metros previsibles y riesgos m\u00ednimos.<\/li>\n<\/ul>\n<\/div>\n\n","protected":false},"excerpt":{"rendered":"<p>El canciller ruso, Sergu\u00e9i Lavrov, denunci\u00f3 este lunes en una entrevista con la cadena iran\u00ed IRIB que la inmovilizaci\u00f3n de activos de terceros pa\u00edses, incluida Rusia, por parte de la Uni\u00f3n Europea (UE) demuestra que\u00a0\u00ablos europeos llevan el robo en la sangre\u00bb. \u00abVemos que los europeos llevan el robo en la sangre, tal y como &hellip;<\/p>\n","protected":false},"author":1,"featured_media":54007,"comment_status":"open","ping_status":"open","sticky":false,"template":"","format":"standard","meta":{"fifu_image_url":"https:\/\/mfes.b37m.ru\/actualidad\/public_images\/2025.12\/article\/69406547e9ff716927393f29.jpg","fifu_image_alt":"","footnotes":""},"categories":[13],"tags":[],"class_list":["post-54005","post","type-post","status-publish","format-standard","has-post-thumbnail","","category-mundo"],"_links":{"self":[{"href":"https:\/\/noticiasveraces.com\/index.php?rest_route=\/wp\/v2\/posts\/54005","targetHints":{"allow":["GET"]}}],"collection":[{"href":"https:\/\/noticiasveraces.com\/index.php?rest_route=\/wp\/v2\/posts"}],"about":[{"href":"https:\/\/noticiasveraces.com\/index.php?rest_route=\/wp\/v2\/types\/post"}],"author":[{"embeddable":true,"href":"https:\/\/noticiasveraces.com\/index.php?rest_route=\/wp\/v2\/users\/1"}],"replies":[{"embeddable":true,"href":"https:\/\/noticiasveraces.com\/index.php?rest_route=%2Fwp%2Fv2%2Fcomments&post=54005"}],"version-history":[{"count":0,"href":"https:\/\/noticiasveraces.com\/index.php?rest_route=\/wp\/v2\/posts\/54005\/revisions"}],"wp:featuredmedia":[{"embeddable":true,"href":"https:\/\/noticiasveraces.com\/index.php?rest_route=\/wp\/v2\/media\/54007"}],"wp:attachment":[{"href":"https:\/\/noticiasveraces.com\/index.php?rest_route=%2Fwp%2Fv2%2Fmedia&parent=54005"}],"wp:term":[{"taxonomy":"category","embeddable":true,"href":"https:\/\/noticiasveraces.com\/index.php?rest_route=%2Fwp%2Fv2%2Fcategories&post=54005"},{"taxonomy":"post_tag","embeddable":true,"href":"https:\/\/noticiasveraces.com\/index.php?rest_route=%2Fwp%2Fv2%2Ftags&post=54005"}],"curies":[{"name":"wp","href":"https:\/\/api.w.org\/{rel}","templated":true}]}}