{"id":53984,"date":"2025-12-15T10:53:14","date_gmt":"2025-12-15T14:53:14","guid":{"rendered":"https:\/\/noticiasveraces.com\/?p=53984"},"modified":"2025-12-15T10:53:14","modified_gmt":"2025-12-15T14:53:14","slug":"la-agenda-de-mane-mas-agitada-que-la-de-lucho-en-concierto-vallenato","status":"publish","type":"post","link":"https:\/\/noticiasveraces.com\/?p=53984","title":{"rendered":"La agenda de Mane, m\u00e1s agitada que la de Lucho: en concierto vallenato"},"content":{"rendered":"<p> \n<br \/><img decoding=\"async\" src=\"https:\/\/www.futbolred.com\/files\/article_graphic\/uploads\/2025\/06\/04\/6840fff4b4a27.png\" \/><\/p>\n<header>\n<figure>\n<p>                        Formaci\u00f3n<\/p>\n<\/figure>\n<h3>Curiosidades de f\u00fatbol<br \/>\n            <\/h3>\n<h1>La agenda de Mane, m\u00e1s agitada que la de Lucho: en concierto vallenato<br \/>\n        <\/h1>\n<address>\n            <a>Jenny G\u00e1mez<br \/>\n        <\/address>\n<p>        <time datetime=\"2025-12-15T07:59:29-05:00\">15 de diciembre 2025 , 07:59 a.\u00a0m.<br \/>\n        <\/time><br \/>\n    <\/header>\n<p>El padre de la estrella de Bayern no lo acompa\u00f1\u00f3 en sus vacaciones porque ten\u00eda concierto en Cali.<\/p>\n\n","protected":false},"excerpt":{"rendered":"<p>Formaci\u00f3n Curiosidades de f\u00fatbol La agenda de Mane, m\u00e1s agitada que la de Lucho: en concierto vallenato Jenny G\u00e1mez 15 de diciembre 2025 , 07:59 a.\u00a0m. El padre de la estrella de Bayern no lo acompa\u00f1\u00f3 en sus vacaciones porque ten\u00eda concierto en Cali.<\/p>\n","protected":false},"author":1,"featured_media":53986,"comment_status":"open","ping_status":"open","sticky":false,"template":"","format":"standard","meta":{"fifu_image_url":"https:\/\/www.futbolred.com\/files\/og_thumbnail\/uploads\/2025\/06\/04\/6840fff4b4a27.png","fifu_image_alt":"","footnotes":""},"categories":[6],"tags":[],"class_list":["post-53984","post","type-post","status-publish","format-standard","has-post-thumbnail","","category-deportes"],"_links":{"self":[{"href":"https:\/\/noticiasveraces.com\/index.php?rest_route=\/wp\/v2\/posts\/53984","targetHints":{"allow":["GET"]}}],"collection":[{"href":"https:\/\/noticiasveraces.com\/index.php?rest_route=\/wp\/v2\/posts"}],"about":[{"href":"https:\/\/noticiasveraces.com\/index.php?rest_route=\/wp\/v2\/types\/post"}],"author":[{"embeddable":true,"href":"https:\/\/noticiasveraces.com\/index.php?rest_route=\/wp\/v2\/users\/1"}],"replies":[{"embeddable":true,"href":"https:\/\/noticiasveraces.com\/index.php?rest_route=%2Fwp%2Fv2%2Fcomments&post=53984"}],"version-history":[{"count":0,"href":"https:\/\/noticiasveraces.com\/index.php?rest_route=\/wp\/v2\/posts\/53984\/revisions"}],"wp:featuredmedia":[{"embeddable":true,"href":"https:\/\/noticiasveraces.com\/index.php?rest_route=\/wp\/v2\/media\/53986"}],"wp:attachment":[{"href":"https:\/\/noticiasveraces.com\/index.php?rest_route=%2Fwp%2Fv2%2Fmedia&parent=53984"}],"wp:term":[{"taxonomy":"category","embeddable":true,"href":"https:\/\/noticiasveraces.com\/index.php?rest_route=%2Fwp%2Fv2%2Fcategories&post=53984"},{"taxonomy":"post_tag","embeddable":true,"href":"https:\/\/noticiasveraces.com\/index.php?rest_route=%2Fwp%2Fv2%2Ftags&post=53984"}],"curies":[{"name":"wp","href":"https:\/\/api.w.org\/{rel}","templated":true}]}}